{"id":9127,"date":"2024-10-24T12:02:21","date_gmt":"2024-10-24T10:02:21","guid":{"rendered":"https:\/\/agora.xtec.cat\/aulahospitalariagtp\/?p=9127"},"modified":"2024-11-20T10:06:09","modified_gmt":"2024-11-20T09:06:09","slug":"filmets-a-lhospital-de-can-ruti","status":"publish","type":"post","link":"https:\/\/agora.xtec.cat\/aulahospitalariagtp\/general\/filmets-a-lhospital-de-can-ruti\/","title":{"rendered":"Filmets a l&#8217;Hospital de Can Ruti"},"content":{"rendered":"<p><span style=\"font-weight: 400;\"><a href=\"https:\/\/agora.xtec.cat\/aulahospitalariagtp\/wp-content\/uploads\/usu1060\/2024\/10\/Captura-de-pantalla-2024-10-23-a-les-17.52.02_compressed.jpg\"><img loading=\"lazy\" decoding=\"async\" class=\"wp-image-9130 alignright\" src=\"https:\/\/agora.xtec.cat\/aulahospitalariagtp\/wp-content\/uploads\/usu1060\/2024\/10\/Captura-de-pantalla-2024-10-23-a-les-17.52.02_compressed-300x300.jpg\" alt=\"\" width=\"117\" height=\"117\" srcset=\"https:\/\/agora.xtec.cat\/aulahospitalariagtp\/wp-content\/uploads\/usu1060\/2024\/10\/Captura-de-pantalla-2024-10-23-a-les-17.52.02_compressed-300x300.jpg 300w, https:\/\/agora.xtec.cat\/aulahospitalariagtp\/wp-content\/uploads\/usu1060\/2024\/10\/Captura-de-pantalla-2024-10-23-a-les-17.52.02_compressed-1024x1024.jpg 1024w, https:\/\/agora.xtec.cat\/aulahospitalariagtp\/wp-content\/uploads\/usu1060\/2024\/10\/Captura-de-pantalla-2024-10-23-a-les-17.52.02_compressed-150x150.jpg 150w, https:\/\/agora.xtec.cat\/aulahospitalariagtp\/wp-content\/uploads\/usu1060\/2024\/10\/Captura-de-pantalla-2024-10-23-a-les-17.52.02_compressed-768x767.jpg 768w, https:\/\/agora.xtec.cat\/aulahospitalariagtp\/wp-content\/uploads\/usu1060\/2024\/10\/Captura-de-pantalla-2024-10-23-a-les-17.52.02_compressed-1536x1534.jpg 1536w, https:\/\/agora.xtec.cat\/aulahospitalariagtp\/wp-content\/uploads\/usu1060\/2024\/10\/Captura-de-pantalla-2024-10-23-a-les-17.52.02_compressed.jpg 1808w\" sizes=\"auto, (max-width: 117px) 100vw, 117px\" \/><\/a><a href=\"https:\/\/agora.xtec.cat\/aulahospitalariagtp\/wp-content\/uploads\/usu1060\/2024\/10\/5e252c39-2bd3-4e3c-9e87-bbcbbfe20fec.jpg\"><img loading=\"lazy\" decoding=\"async\" class=\"wp-image-9129 alignleft\" src=\"https:\/\/agora.xtec.cat\/aulahospitalariagtp\/wp-content\/uploads\/usu1060\/2024\/10\/5e252c39-2bd3-4e3c-9e87-bbcbbfe20fec-204x300.jpg\" alt=\"\" width=\"265\" height=\"390\" srcset=\"https:\/\/agora.xtec.cat\/aulahospitalariagtp\/wp-content\/uploads\/usu1060\/2024\/10\/5e252c39-2bd3-4e3c-9e87-bbcbbfe20fec-204x300.jpg 204w, https:\/\/agora.xtec.cat\/aulahospitalariagtp\/wp-content\/uploads\/usu1060\/2024\/10\/5e252c39-2bd3-4e3c-9e87-bbcbbfe20fec-696x1024.jpg 696w, https:\/\/agora.xtec.cat\/aulahospitalariagtp\/wp-content\/uploads\/usu1060\/2024\/10\/5e252c39-2bd3-4e3c-9e87-bbcbbfe20fec-768x1129.jpg 768w, https:\/\/agora.xtec.cat\/aulahospitalariagtp\/wp-content\/uploads\/usu1060\/2024\/10\/5e252c39-2bd3-4e3c-9e87-bbcbbfe20fec-1044x1536.jpg 1044w, https:\/\/agora.xtec.cat\/aulahospitalariagtp\/wp-content\/uploads\/usu1060\/2024\/10\/5e252c39-2bd3-4e3c-9e87-bbcbbfe20fec.jpg 1088w\" sizes=\"auto, (max-width: 265px) 100vw, 265px\" \/><\/a><img loading=\"lazy\" decoding=\"async\" class=\"wp-image-9132 alignleft\" src=\"https:\/\/agora.xtec.cat\/aulahospitalariagtp\/wp-content\/uploads\/usu1060\/2024\/10\/5ca90212-f83e-4a91-8795-dd8fed85c1c0-300x225.jpg\" alt=\"\" width=\"193\" height=\"145\" srcset=\"https:\/\/agora.xtec.cat\/aulahospitalariagtp\/wp-content\/uploads\/usu1060\/2024\/10\/5ca90212-f83e-4a91-8795-dd8fed85c1c0-300x225.jpg 300w, https:\/\/agora.xtec.cat\/aulahospitalariagtp\/wp-content\/uploads\/usu1060\/2024\/10\/5ca90212-f83e-4a91-8795-dd8fed85c1c0-1024x768.jpg 1024w, https:\/\/agora.xtec.cat\/aulahospitalariagtp\/wp-content\/uploads\/usu1060\/2024\/10\/5ca90212-f83e-4a91-8795-dd8fed85c1c0-768x576.jpg 768w, https:\/\/agora.xtec.cat\/aulahospitalariagtp\/wp-content\/uploads\/usu1060\/2024\/10\/5ca90212-f83e-4a91-8795-dd8fed85c1c0-1536x1152.jpg 1536w, https:\/\/agora.xtec.cat\/aulahospitalariagtp\/wp-content\/uploads\/usu1060\/2024\/10\/5ca90212-f83e-4a91-8795-dd8fed85c1c0-200x150.jpg 200w, https:\/\/agora.xtec.cat\/aulahospitalariagtp\/wp-content\/uploads\/usu1060\/2024\/10\/5ca90212-f83e-4a91-8795-dd8fed85c1c0.jpg 1600w\" sizes=\"auto, (max-width: 193px) 100vw, 193px\" \/> El dimarts 22 d\u2019Octubre a Can Ruti, quan encara estava ingressat, vaig tenir la \u201csort\u201d de poder baixar a veure la Sala d\u2019Actes perqu\u00e8 feien la Inauguraci\u00f3 de <strong><a href=\"https:\/\/www.festivalfilmets.cat\/ca\/\" target=\"_blank\" rel=\"noopener\">FILMETS Badalona Film Festival<\/a><\/strong>\u00a0 i veure hist\u00f2ries curtes d\u2019entre 10 i 15 minuts cadascuna. Al comen\u00e7ament van tenir\u00a0 problemes t\u00e8cnics per\u00f2 despr\u00e9s els van solucionar.\u00a0 <\/span><span style=\"font-weight: 400;\">La Sala d\u2019Actes s\u2019assembla a una sala de cinema amb cadires de teatre, per\u00f2 \u00e9s m\u00e9s petita que la sala del OCINE del M\u00e0gic, encara que comparat amb altres cinemes \u00e9s bastant gran. All\u00e0 vaig estar una bona estona del mat\u00ed i vaig veure unes quantes hist\u00f2ries, algunes m\u2019agradaven m\u00e9s que d\u2019altres i em distreia amb el m\u00f2bil. Abans de que acab\u00e9s vaig haver de pujar novament a la 7\u00aa planta perqu\u00e8 m\u2019havia de veure una infermera. <\/span><span style=\"font-weight: 400;\">I fins aqu\u00ed el meu mat\u00ed sobre el festival de pel\u00b7l\u00edcules a Badalona, Filmets a la sala d\u2019actes de Can Ruti. <strong><a href=\"https:\/\/www.bdncom.cat\/notice\/el-festival-filmets-torna-a-lhospital-germans-trias-per-acostar-el-certamen-als-pacients-ingressats\" target=\"_blank\" rel=\"noopener\">Badalona comunicaci\u00f3 us explica molt b\u00e9 aquesta not\u00edcia\u00a0 <\/a><\/strong><\/span><span style=\"font-weight: 400;\">\u00a0Ha coincidit que el dimecres 23 d\u2019Octubre, la meva classe de l\u2019institut tamb\u00e9 va anar al teatre de filmets. Jo no em vaig haver de despla\u00e7ar tant\u00a0 i vaig veure l\u2019estrena sense moure\u2019m massa,\u00a0 nom\u00e9s vaig haver de baixar 7 plantes (amb ascensor)!.<\/span><\/p>\n<p><span style=\"font-weight: 400;\">Asier G. (16 anys)<\/span><\/p>\n<p>&nbsp;<\/p>\n","protected":false},"excerpt":{"rendered":"<p>El dimarts 22 d\u2019Octubre a Can Ruti, quan encara estava ingressat, vaig tenir la \u201csort\u201d de poder baixar a veure la Sala d\u2019Actes perqu\u00e8 feien la Inauguraci\u00f3 de FILMETS Badalona Film Festival\u00a0 i veure hist\u00f2ries curtes d\u2019entre 10 i 15 minuts cadascuna. Al comen\u00e7ament van tenir\u00a0 problemes t\u00e8cnics per\u00f2 despr\u00e9s els van solucionar.\u00a0 La Sala [&hellip;]<\/p>\n","protected":false},"author":1,"featured_media":9130,"comment_status":"open","ping_status":"closed","sticky":false,"template":"","format":"standard","meta":{"_bbp_topic_count":0,"_bbp_reply_count":0,"_bbp_total_topic_count":0,"_bbp_total_reply_count":0,"_bbp_voice_count":0,"_bbp_anonymous_reply_count":0,"_bbp_topic_count_hidden":0,"_bbp_reply_count_hidden":0,"_bbp_forum_subforum_count":0,"site-sidebar-layout":"default","site-content-layout":"","ast-site-content-layout":"","site-content-style":"default","site-sidebar-style":"default","ast-global-header-display":"","ast-banner-title-visibility":"","ast-main-header-display":"","ast-hfb-above-header-display":"","ast-hfb-below-header-display":"","ast-hfb-mobile-header-display":"","site-post-title":"","ast-breadcrumbs-content":"","ast-featured-img":"","footer-sml-layout":"","theme-transparent-header-meta":"","adv-header-id-meta":"","stick-header-meta":"","header-above-stick-meta":"","header-main-stick-meta":"","header-below-stick-meta":"","astra-migrate-meta-layouts":"default","ast-page-background-enabled":"default","ast-page-background-meta":{"desktop":{"background-color":"var(--ast-global-color-4)","background-image":"","background-repeat":"repeat","background-position":"center center","background-size":"auto","background-attachment":"scroll","background-type":"","background-media":"","overlay-type":"","overlay-color":"","overlay-opacity":"","overlay-gradient":""},"tablet":{"background-color":"","background-image":"","background-repeat":"repeat","background-position":"center center","background-size":"auto","background-attachment":"scroll","background-type":"","background-media":"","overlay-type":"","overlay-color":"","overlay-opacity":"","overlay-gradient":""},"mobile":{"background-color":"","background-image":"","background-repeat":"repeat","background-position":"center center","background-size":"auto","background-attachment":"scroll","background-type":"","background-media":"","overlay-type":"","overlay-color":"","overlay-opacity":"","overlay-gradient":""}},"ast-content-background-meta":{"desktop":{"background-color":"var(--ast-global-color-5)","background-image":"","background-repeat":"repeat","background-position":"center center","background-size":"auto","background-attachment":"scroll","background-type":"","background-media":"","overlay-type":"","overlay-color":"","overlay-opacity":"","overlay-gradient":""},"tablet":{"background-color":"var(--ast-global-color-5)","background-image":"","background-repeat":"repeat","background-position":"center center","background-size":"auto","background-attachment":"scroll","background-type":"","background-media":"","overlay-type":"","overlay-color":"","overlay-opacity":"","overlay-gradient":""},"mobile":{"background-color":"var(--ast-global-color-5)","background-image":"","background-repeat":"repeat","background-position":"center center","background-size":"auto","background-attachment":"scroll","background-type":"","background-media":"","overlay-type":"","overlay-color":"","overlay-opacity":"","overlay-gradient":""}},"footnotes":""},"categories":[92,168,94,1,146],"tags":[173,174,172],"class_list":["post-9127","post","type-post","status-publish","format-standard","has-post-thumbnail","hentry","category-activitats-obertes","category-curs-2024-25","category-ens-visiten","category-general","category-portada","tag-badalona","tag-cinema","tag-filmets"],"post_mailing_queue_ids":[],"_links":{"self":[{"href":"https:\/\/agora.xtec.cat\/aulahospitalariagtp\/wp-json\/wp\/v2\/posts\/9127","targetHints":{"allow":["GET"]}}],"collection":[{"href":"https:\/\/agora.xtec.cat\/aulahospitalariagtp\/wp-json\/wp\/v2\/posts"}],"about":[{"href":"https:\/\/agora.xtec.cat\/aulahospitalariagtp\/wp-json\/wp\/v2\/types\/post"}],"author":[{"embeddable":true,"href":"https:\/\/agora.xtec.cat\/aulahospitalariagtp\/wp-json\/wp\/v2\/users\/1"}],"replies":[{"embeddable":true,"href":"https:\/\/agora.xtec.cat\/aulahospitalariagtp\/wp-json\/wp\/v2\/comments?post=9127"}],"version-history":[{"count":6,"href":"https:\/\/agora.xtec.cat\/aulahospitalariagtp\/wp-json\/wp\/v2\/posts\/9127\/revisions"}],"predecessor-version":[{"id":9224,"href":"https:\/\/agora.xtec.cat\/aulahospitalariagtp\/wp-json\/wp\/v2\/posts\/9127\/revisions\/9224"}],"wp:featuredmedia":[{"embeddable":true,"href":"https:\/\/agora.xtec.cat\/aulahospitalariagtp\/wp-json\/wp\/v2\/media\/9130"}],"wp:attachment":[{"href":"https:\/\/agora.xtec.cat\/aulahospitalariagtp\/wp-json\/wp\/v2\/media?parent=9127"}],"wp:term":[{"taxonomy":"category","embeddable":true,"href":"https:\/\/agora.xtec.cat\/aulahospitalariagtp\/wp-json\/wp\/v2\/categories?post=9127"},{"taxonomy":"post_tag","embeddable":true,"href":"https:\/\/agora.xtec.cat\/aulahospitalariagtp\/wp-json\/wp\/v2\/tags?post=9127"}],"curies":[{"name":"wp","href":"https:\/\/api.w.org\/{rel}","templated":true}]}}