{"id":8999,"date":"2024-06-11T09:25:03","date_gmt":"2024-06-11T07:25:03","guid":{"rendered":"https:\/\/agora.xtec.cat\/aulahospitalariagtp\/?p=8999"},"modified":"2025-05-09T15:48:51","modified_gmt":"2025-05-09T13:48:51","slug":"arriba-lexpo-2","status":"publish","type":"post","link":"https:\/\/agora.xtec.cat\/aulahospitalariagtp\/general\/arriba-lexpo-2\/","title":{"rendered":"Arriba l&#8217;EXPO!!!!"},"content":{"rendered":"<p><a href=\"https:\/\/drive.google.com\/file\/d\/1Kh9WLEJI6ccyzNFqaWH5dfw6yNoeTQgi\/view?usp=drive_link\" target=\"_blank\" rel=\"noopener\"><img loading=\"lazy\" decoding=\"async\" class=\"alignleft wp-image-9000\" src=\"https:\/\/agora.xtec.cat\/aulahospitalariagtp\/wp-content\/uploads\/usu1060\/2024\/06\/receta-inventora-foto-235x300.jpg\" alt=\"\" width=\"230\" height=\"293\" srcset=\"https:\/\/agora.xtec.cat\/aulahospitalariagtp\/wp-content\/uploads\/usu1060\/2024\/06\/receta-inventora-foto-235x300.jpg 235w, https:\/\/agora.xtec.cat\/aulahospitalariagtp\/wp-content\/uploads\/usu1060\/2024\/06\/receta-inventora-foto.jpg 522w\" sizes=\"auto, (max-width: 230px) 100vw, 230px\" \/><\/a><b><\/b><\/p>\n<p><span style=\"font-weight: 400;\">Exposici\u00f3 que podreu veure fins al dia 28 de juny. Vine i digue&#8217;ns qu\u00e8 t&#8217;ha semblat!\u00a0 \u00a0 <a href=\"https:\/\/drive.google.com\/file\/d\/1Kh9WLEJI6ccyzNFqaWH5dfw6yNoeTQgi\/view?usp=drive_link\" target=\"_blank\" rel=\"noopener\">\u00a0(<strong><span style=\"color: #008000;\">CLICA EL CARTELL I PODR\u00c0S LLEGIR EL CONTINGUT)<\/span><\/strong><\/a><\/span><\/p>\n<p><span style=\"font-weight: 400;\"><a href=\"https:\/\/agora.xtec.cat\/aulahospitalariagtp\/wp-content\/uploads\/usu1060\/2024\/06\/IMG_2498-1-scaled.jpg\"><img loading=\"lazy\" decoding=\"async\" class=\" wp-image-9004 alignleft\" src=\"https:\/\/agora.xtec.cat\/aulahospitalariagtp\/wp-content\/uploads\/usu1060\/2024\/06\/IMG_2498-1-169x300.jpg\" alt=\"\" width=\"264\" height=\"468\" srcset=\"https:\/\/agora.xtec.cat\/aulahospitalariagtp\/wp-content\/uploads\/usu1060\/2024\/06\/IMG_2498-1-169x300.jpg 169w, https:\/\/agora.xtec.cat\/aulahospitalariagtp\/wp-content\/uploads\/usu1060\/2024\/06\/IMG_2498-1-576x1024.jpg 576w, https:\/\/agora.xtec.cat\/aulahospitalariagtp\/wp-content\/uploads\/usu1060\/2024\/06\/IMG_2498-1-768x1365.jpg 768w, https:\/\/agora.xtec.cat\/aulahospitalariagtp\/wp-content\/uploads\/usu1060\/2024\/06\/IMG_2498-1-864x1536.jpg 864w, https:\/\/agora.xtec.cat\/aulahospitalariagtp\/wp-content\/uploads\/usu1060\/2024\/06\/IMG_2498-1-1152x2048.jpg 1152w, https:\/\/agora.xtec.cat\/aulahospitalariagtp\/wp-content\/uploads\/usu1060\/2024\/06\/IMG_2498-1-scaled.jpg 1440w\" sizes=\"auto, (max-width: 264px) 100vw, 264px\" \/><\/a>Dilluns dia 3 de juny, des de l\u2019Aula Hospital\u00e0ria de l&#8217;hospital Germans Trias i Pujol, vam ajudar a muntar l&#8217;exposici\u00f3 d&#8217;aquest curs.\u00a0<\/span><\/p>\n<p><span style=\"font-weight: 400;\">El que vam fer \u00e9s baixar amb ascensor, conjuntament amb les profes i alguna mare, tot el material que havien treballat en els Tallers Oberts. Ho vam baixar tot de la 7\u00aa planta de pediatria a la Planta baixa de l&#8217;hospital on ens esperava el Jaume, encarregat de l&#8217;espai d&#8217;exposicions de l&#8217;Hospital. Tamb\u00e9 hi havia l&#8217;Anna, la fot\u00f2grafa de Comunicaci\u00f3 que volia captar alguns moments del nostre muntatge.<\/span><\/p>\n<p><span style=\"font-weight: 400;\">Quan ho vam tenir tot preparat amb l&#8217;ordre que havia d&#8217;anar penjat vam comen\u00e7ar a col\u00b7locar-ho.<\/span><\/p>\n<p><span style=\"font-weight: 400;\">Vam preparar els cartells amb \u201ccelo\u201d doble cara, blutack i altre material perqu\u00e8 s&#8217;aguant\u00e9s ben fort.\u00a0 \u00a0<a href=\"https:\/\/vimeo.com\/958577978\/a3cbe5f92f?share=copy\" target=\"_blank\" rel=\"noopener\"><strong>Aqui una petita mostra en format video<\/strong><\/a><\/span><\/p>\n<p><span style=\"font-weight: 400;\"><a href=\"https:\/\/vimeo.com\/958577978\/a3cbe5f92f?share=copy\" target=\"_blank\" rel=\"noopener\"><img loading=\"lazy\" decoding=\"async\" class=\"size-medium wp-image-9011 alignleft\" src=\"https:\/\/agora.xtec.cat\/aulahospitalariagtp\/wp-content\/uploads\/usu1060\/2024\/06\/Captura-de-pantalla-2024-06-15-a-les-11.04.19-300x154.png\" alt=\"\" width=\"300\" height=\"154\" srcset=\"https:\/\/agora.xtec.cat\/aulahospitalariagtp\/wp-content\/uploads\/usu1060\/2024\/06\/Captura-de-pantalla-2024-06-15-a-les-11.04.19-300x154.png 300w, https:\/\/agora.xtec.cat\/aulahospitalariagtp\/wp-content\/uploads\/usu1060\/2024\/06\/Captura-de-pantalla-2024-06-15-a-les-11.04.19-1024x525.png 1024w, https:\/\/agora.xtec.cat\/aulahospitalariagtp\/wp-content\/uploads\/usu1060\/2024\/06\/Captura-de-pantalla-2024-06-15-a-les-11.04.19-768x394.png 768w, https:\/\/agora.xtec.cat\/aulahospitalariagtp\/wp-content\/uploads\/usu1060\/2024\/06\/Captura-de-pantalla-2024-06-15-a-les-11.04.19-1536x788.png 1536w, https:\/\/agora.xtec.cat\/aulahospitalariagtp\/wp-content\/uploads\/usu1060\/2024\/06\/Captura-de-pantalla-2024-06-15-a-les-11.04.19.png 1778w\" sizes=\"auto, (max-width: 300px) 100vw, 300px\" \/><\/a>L&#8217;ordre de l&#8217;exposici\u00f3 va ser el seg\u00fcent:<\/span><\/p>\n<p><span style=\"font-weight: 400;\">Primer vam posar les obres d\u2019art que ens parlen dels 10 ingredients que hauria de tenir una persona per poder ser un bon inventor\/a, per exemple: PACI\u00c8NCIA, CREATIVITAT, TEMPS, etc. Despr\u00e9s hi havia els invents propis que es van anar\u00a0 creant al llarg del curs, com unes ulleres amb parabrises per a quan plou i una m\u00e0quina que t\u2019 arregla sense fer res.<\/span><\/p>\n<p><span style=\"font-weight: 400;\">Al darrere d&#8217;aquests invents hi havia algunes fotografies dels nens, nenes, joves i fam\u00edlies on es mostra com hem realitzat tot el que es veu.<\/span><\/p>\n<p><span style=\"font-weight: 400;\">Tamb\u00e9 hi ha una l\u00ednia del temps sobre diversos inventors\/es que han canviat dr\u00e0sticament el m\u00f3n:\u00a0 Leonardo Da Vinci, (inventor cotxe blindat), Hedy Lamarr (creadora del WIFI). Ada Lovelace (inventora del primer programa de computaci\u00f3 ) i molts m\u00e9s.<\/span><\/p>\n<p><span style=\"font-weight: 400;\">Per \u00faltim, una mostra d\u2019invents que ens han fet la vida m\u00e9s f\u00e0cil, per\u00f2 que no s\u00f3n imprescindibles com el bol\u00edgraf, la bossa del te,&#8230; \u00a0\u00a0 \u00a0 <\/span><a href=\"https:\/\/drive.google.com\/file\/d\/1Kh9WLEJI6ccyzNFqaWH5dfw6yNoeTQgi\/view?usp=drive_link\" target=\"_blank\" rel=\"noopener\">\u00a0<\/a><span style=\"font-weight: 400;\">Vam passar tot el mat\u00ed entretinguts.<\/span><\/p>\n<p><a href=\"https:\/\/drive.google.com\/file\/d\/1Kh9WLEJI6ccyzNFqaWH5dfw6yNoeTQgi\/view?usp=drive_link\" target=\"_blank\" rel=\"noopener\">\u00a0<\/a><span style=\"font-weight: 400;\">Valery M. (16a)<\/span><\/p>\n","protected":false},"excerpt":{"rendered":"<p>Exposici\u00f3 que podreu veure fins al dia 28 de juny. Vine i digue&#8217;ns qu\u00e8 t&#8217;ha semblat!\u00a0 \u00a0 \u00a0(CLICA EL CARTELL I PODR\u00c0S LLEGIR EL CONTINGUT) Dilluns dia 3 de juny, des de l\u2019Aula Hospital\u00e0ria de l&#8217;hospital Germans Trias i Pujol, vam ajudar a muntar l&#8217;exposici\u00f3 d&#8217;aquest curs.\u00a0 El que vam fer \u00e9s baixar amb ascensor, [&hellip;]<\/p>\n","protected":false},"author":1,"featured_media":9409,"comment_status":"open","ping_status":"closed","sticky":false,"template":"","format":"standard","meta":{"_bbp_topic_count":0,"_bbp_reply_count":0,"_bbp_total_topic_count":0,"_bbp_total_reply_count":0,"_bbp_voice_count":0,"_bbp_anonymous_reply_count":0,"_bbp_topic_count_hidden":0,"_bbp_reply_count_hidden":0,"_bbp_forum_subforum_count":0,"site-sidebar-layout":"default","site-content-layout":"","ast-site-content-layout":"default","site-content-style":"default","site-sidebar-style":"default","ast-global-header-display":"","ast-banner-title-visibility":"","ast-main-header-display":"","ast-hfb-above-header-display":"","ast-hfb-below-header-display":"","ast-hfb-mobile-header-display":"","site-post-title":"","ast-breadcrumbs-content":"","ast-featured-img":"","footer-sml-layout":"","theme-transparent-header-meta":"","adv-header-id-meta":"","stick-header-meta":"","header-above-stick-meta":"","header-main-stick-meta":"","header-below-stick-meta":"","astra-migrate-meta-layouts":"set","ast-page-background-enabled":"default","ast-page-background-meta":{"desktop":{"background-color":"var(--ast-global-color-4)","background-image":"","background-repeat":"repeat","background-position":"center center","background-size":"auto","background-attachment":"scroll","background-type":"","background-media":"","overlay-type":"","overlay-color":"","overlay-opacity":"","overlay-gradient":""},"tablet":{"background-color":"","background-image":"","background-repeat":"repeat","background-position":"center center","background-size":"auto","background-attachment":"scroll","background-type":"","background-media":"","overlay-type":"","overlay-color":"","overlay-opacity":"","overlay-gradient":""},"mobile":{"background-color":"","background-image":"","background-repeat":"repeat","background-position":"center center","background-size":"auto","background-attachment":"scroll","background-type":"","background-media":"","overlay-type":"","overlay-color":"","overlay-opacity":"","overlay-gradient":""}},"ast-content-background-meta":{"desktop":{"background-color":"var(--ast-global-color-5)","background-image":"","background-repeat":"repeat","background-position":"center center","background-size":"auto","background-attachment":"scroll","background-type":"","background-media":"","overlay-type":"","overlay-color":"","overlay-opacity":"","overlay-gradient":""},"tablet":{"background-color":"var(--ast-global-color-5)","background-image":"","background-repeat":"repeat","background-position":"center center","background-size":"auto","background-attachment":"scroll","background-type":"","background-media":"","overlay-type":"","overlay-color":"","overlay-opacity":"","overlay-gradient":""},"mobile":{"background-color":"var(--ast-global-color-5)","background-image":"","background-repeat":"repeat","background-position":"center center","background-size":"auto","background-attachment":"scroll","background-type":"","background-media":"","overlay-type":"","overlay-color":"","overlay-opacity":"","overlay-gradient":""}},"footnotes":""},"categories":[92,161,94,1,146,69],"tags":[],"class_list":["post-8999","post","type-post","status-publish","format-standard","has-post-thumbnail","hentry","category-activitats-obertes","category-curs-22-23","category-ens-visiten","category-general","category-portada","category-treballs-a-laula"],"post_mailing_queue_ids":[],"_links":{"self":[{"href":"https:\/\/agora.xtec.cat\/aulahospitalariagtp\/wp-json\/wp\/v2\/posts\/8999","targetHints":{"allow":["GET"]}}],"collection":[{"href":"https:\/\/agora.xtec.cat\/aulahospitalariagtp\/wp-json\/wp\/v2\/posts"}],"about":[{"href":"https:\/\/agora.xtec.cat\/aulahospitalariagtp\/wp-json\/wp\/v2\/types\/post"}],"author":[{"embeddable":true,"href":"https:\/\/agora.xtec.cat\/aulahospitalariagtp\/wp-json\/wp\/v2\/users\/1"}],"replies":[{"embeddable":true,"href":"https:\/\/agora.xtec.cat\/aulahospitalariagtp\/wp-json\/wp\/v2\/comments?post=8999"}],"version-history":[{"count":5,"href":"https:\/\/agora.xtec.cat\/aulahospitalariagtp\/wp-json\/wp\/v2\/posts\/8999\/revisions"}],"predecessor-version":[{"id":9410,"href":"https:\/\/agora.xtec.cat\/aulahospitalariagtp\/wp-json\/wp\/v2\/posts\/8999\/revisions\/9410"}],"wp:featuredmedia":[{"embeddable":true,"href":"https:\/\/agora.xtec.cat\/aulahospitalariagtp\/wp-json\/wp\/v2\/media\/9409"}],"wp:attachment":[{"href":"https:\/\/agora.xtec.cat\/aulahospitalariagtp\/wp-json\/wp\/v2\/media?parent=8999"}],"wp:term":[{"taxonomy":"category","embeddable":true,"href":"https:\/\/agora.xtec.cat\/aulahospitalariagtp\/wp-json\/wp\/v2\/categories?post=8999"},{"taxonomy":"post_tag","embeddable":true,"href":"https:\/\/agora.xtec.cat\/aulahospitalariagtp\/wp-json\/wp\/v2\/tags?post=8999"}],"curies":[{"name":"wp","href":"https:\/\/api.w.org\/{rel}","templated":true}]}}