{"id":8973,"date":"2024-05-09T11:53:01","date_gmt":"2024-05-09T09:53:01","guid":{"rendered":"https:\/\/agora.xtec.cat\/aulahospitalariagtp\/?p=8973"},"modified":"2024-05-09T11:54:09","modified_gmt":"2024-05-09T09:54:09","slug":"el-dimoni-de-badalona","status":"publish","type":"post","link":"https:\/\/agora.xtec.cat\/aulahospitalariagtp\/general\/el-dimoni-de-badalona\/","title":{"rendered":"EL DIMONI DE BADALONA!"},"content":{"rendered":"<p>Aquest any, des del departament de Comunicaci\u00f3 de l&#8217;Hospital Germans Trias i Pujol ens van proposar participar de les FESTES DE MAIG DE BADALONA amb la &#8220;Festa del dimoni&#8221;.<\/p>\n<p>\u00c9s per aix\u00f2, que des de l&#8217;Aula Hospital\u00e0ria vam acceptar aquesta proposta i vam voler fer-ho seguint una mica el lema del Dimoni guanyador d&#8217;aquest any &#8220;la pujada de preus&#8221;. Per comen\u00e7ar a crear-lo, des de l&#8217;equip docent es va anar a buscar material a manteniment i a partir d&#8217;aqu\u00ed amb l&#8217;alumnat\u00a0 hem anat donant forma a la nostra creaci\u00f3! El m\u00e0nec \u00e9s d&#8217;una escombra vella, les rodes d&#8217;una cadira antiga, la decoraci\u00f3 amb taps d&#8217;ampolles i amb diferents retalls de cartolina, el cabell l&#8217;hem fet amb un pal de fregar del rev\u00e9s i, com que ser\u00e0\u00a0 el dimoni de l&#8217;hospital les companyes d&#8217;infermeria de l&#8217;Hospital de Dia es van encarregar de posar una via\u00a0 al nostre dimoni! Un cop acabada la nostra creaci\u00f3 i per fer que el nostre\u00a0 dimoni represent\u00e9s encara m\u00e9s\u00a0 a tot l&#8217;hospital, els diferents departaments i especialistes han anat passant per poder escriure un missatge o desig que han enganxat a la panxa del dimoni.<\/p>\n<p>Per acabar amb la nostra participaci\u00f3, avui, dimecres dia 8 la Roser, (una de les &#8220;profes&#8221;) <span style=\"font-weight: 400;\">en representaci\u00f3 de l\u2019Aula hospital\u00e0ria juntament amb el Departament de comunicaci\u00f3 i Direcci\u00f3 d&#8217;infermeria han portat el dimoni a la platja de Badalona.\u00a0 Aquest any hem tingut l\u2019oportunitat, per segona vegada, de baixar-ho a la platja. La tem\u00e0tica d\u2019aquest any era la pujada de preus i per construir-lo ho hem fet entre tots els que hem passat per l&#8217;Aula Hospital\u00e0ria i tot amb materials reciclats. Ens ha quedat molt xulo i molt original!! (<\/span><span style=\"font-weight: 400;\">Nerea 16 anys).\u00a0<\/span><\/p>\n<p>Clicant sobre les imatges podeu veure un petit video! \ud83d\ude00<\/p>\n<p><a href=\"https:\/\/youtu.be\/zle4i-UdCSE\"><img loading=\"lazy\" decoding=\"async\" class=\"alignright  wp-image-8976\" src=\"https:\/\/agora.xtec.cat\/aulahospitalariagtp\/wp-content\/uploads\/usu1060\/2024\/05\/IMG_8120-300x200.jpg\" alt=\"\" width=\"257\" height=\"171\" srcset=\"https:\/\/agora.xtec.cat\/aulahospitalariagtp\/wp-content\/uploads\/usu1060\/2024\/05\/IMG_8120-300x200.jpg 300w, https:\/\/agora.xtec.cat\/aulahospitalariagtp\/wp-content\/uploads\/usu1060\/2024\/05\/IMG_8120-1024x683.jpg 1024w, https:\/\/agora.xtec.cat\/aulahospitalariagtp\/wp-content\/uploads\/usu1060\/2024\/05\/IMG_8120-768x512.jpg 768w, https:\/\/agora.xtec.cat\/aulahospitalariagtp\/wp-content\/uploads\/usu1060\/2024\/05\/IMG_8120-1536x1024.jpg 1536w, https:\/\/agora.xtec.cat\/aulahospitalariagtp\/wp-content\/uploads\/usu1060\/2024\/05\/IMG_8120-2048x1365.jpg 2048w\" sizes=\"auto, (max-width: 257px) 100vw, 257px\" \/><\/a> <a href=\"https:\/\/youtu.be\/zle4i-UdCSE\"><img loading=\"lazy\" decoding=\"async\" class=\"alignright wp-image-8977\" src=\"https:\/\/agora.xtec.cat\/aulahospitalariagtp\/wp-content\/uploads\/usu1060\/2024\/05\/IMG_8142-300x200.jpg\" alt=\"\" width=\"263\" height=\"175\" srcset=\"https:\/\/agora.xtec.cat\/aulahospitalariagtp\/wp-content\/uploads\/usu1060\/2024\/05\/IMG_8142-300x200.jpg 300w, https:\/\/agora.xtec.cat\/aulahospitalariagtp\/wp-content\/uploads\/usu1060\/2024\/05\/IMG_8142-1024x683.jpg 1024w, https:\/\/agora.xtec.cat\/aulahospitalariagtp\/wp-content\/uploads\/usu1060\/2024\/05\/IMG_8142-768x512.jpg 768w, https:\/\/agora.xtec.cat\/aulahospitalariagtp\/wp-content\/uploads\/usu1060\/2024\/05\/IMG_8142-1536x1024.jpg 1536w, https:\/\/agora.xtec.cat\/aulahospitalariagtp\/wp-content\/uploads\/usu1060\/2024\/05\/IMG_8142-2048x1365.jpg 2048w\" sizes=\"auto, (max-width: 263px) 100vw, 263px\" \/><\/a> <a href=\"https:\/\/youtu.be\/zle4i-UdCSE\"><img loading=\"lazy\" decoding=\"async\" class=\"alignright  wp-image-8978\" src=\"https:\/\/agora.xtec.cat\/aulahospitalariagtp\/wp-content\/uploads\/usu1060\/2024\/05\/IMG_8184-300x200.jpg\" alt=\"\" width=\"266\" height=\"177\" srcset=\"https:\/\/agora.xtec.cat\/aulahospitalariagtp\/wp-content\/uploads\/usu1060\/2024\/05\/IMG_8184-300x200.jpg 300w, https:\/\/agora.xtec.cat\/aulahospitalariagtp\/wp-content\/uploads\/usu1060\/2024\/05\/IMG_8184-1024x683.jpg 1024w, https:\/\/agora.xtec.cat\/aulahospitalariagtp\/wp-content\/uploads\/usu1060\/2024\/05\/IMG_8184-768x512.jpg 768w, https:\/\/agora.xtec.cat\/aulahospitalariagtp\/wp-content\/uploads\/usu1060\/2024\/05\/IMG_8184-1536x1024.jpg 1536w, https:\/\/agora.xtec.cat\/aulahospitalariagtp\/wp-content\/uploads\/usu1060\/2024\/05\/IMG_8184-2048x1365.jpg 2048w\" sizes=\"auto, (max-width: 266px) 100vw, 266px\" \/><\/a><a href=\"https:\/\/youtu.be\/zle4i-UdCSE\"><img loading=\"lazy\" decoding=\"async\" class=\"alignright  wp-image-8984\" src=\"https:\/\/agora.xtec.cat\/aulahospitalariagtp\/wp-content\/uploads\/usu1060\/2024\/05\/IMG_7743-300x225.jpeg\" alt=\"\" width=\"263\" height=\"197\" srcset=\"https:\/\/agora.xtec.cat\/aulahospitalariagtp\/wp-content\/uploads\/usu1060\/2024\/05\/IMG_7743-300x225.jpeg 300w, https:\/\/agora.xtec.cat\/aulahospitalariagtp\/wp-content\/uploads\/usu1060\/2024\/05\/IMG_7743-1024x768.jpeg 1024w, https:\/\/agora.xtec.cat\/aulahospitalariagtp\/wp-content\/uploads\/usu1060\/2024\/05\/IMG_7743-768x576.jpeg 768w, https:\/\/agora.xtec.cat\/aulahospitalariagtp\/wp-content\/uploads\/usu1060\/2024\/05\/IMG_7743-1536x1152.jpeg 1536w, https:\/\/agora.xtec.cat\/aulahospitalariagtp\/wp-content\/uploads\/usu1060\/2024\/05\/IMG_7743-2048x1536.jpeg 2048w, https:\/\/agora.xtec.cat\/aulahospitalariagtp\/wp-content\/uploads\/usu1060\/2024\/05\/IMG_7743-200x150.jpeg 200w\" sizes=\"auto, (max-width: 263px) 100vw, 263px\" \/><\/a><br style=\"font-weight: 400;\" \/><a href=\"https:\/\/youtu.be\/zle4i-UdCSE\"><img loading=\"lazy\" decoding=\"async\" class=\"wp-image-8979 alignright\" src=\"https:\/\/agora.xtec.cat\/aulahospitalariagtp\/wp-content\/uploads\/usu1060\/2024\/05\/WhatsApp-Image-2024-05-09-at-09.16.09-5-300x225.jpeg\" alt=\"\" width=\"267\" height=\"200\" srcset=\"https:\/\/agora.xtec.cat\/aulahospitalariagtp\/wp-content\/uploads\/usu1060\/2024\/05\/WhatsApp-Image-2024-05-09-at-09.16.09-5-300x225.jpeg 300w, https:\/\/agora.xtec.cat\/aulahospitalariagtp\/wp-content\/uploads\/usu1060\/2024\/05\/WhatsApp-Image-2024-05-09-at-09.16.09-5-1024x768.jpeg 1024w, https:\/\/agora.xtec.cat\/aulahospitalariagtp\/wp-content\/uploads\/usu1060\/2024\/05\/WhatsApp-Image-2024-05-09-at-09.16.09-5-768x576.jpeg 768w, https:\/\/agora.xtec.cat\/aulahospitalariagtp\/wp-content\/uploads\/usu1060\/2024\/05\/WhatsApp-Image-2024-05-09-at-09.16.09-5-1536x1152.jpeg 1536w, https:\/\/agora.xtec.cat\/aulahospitalariagtp\/wp-content\/uploads\/usu1060\/2024\/05\/WhatsApp-Image-2024-05-09-at-09.16.09-5-200x150.jpeg 200w, https:\/\/agora.xtec.cat\/aulahospitalariagtp\/wp-content\/uploads\/usu1060\/2024\/05\/WhatsApp-Image-2024-05-09-at-09.16.09-5.jpeg 1600w\" sizes=\"auto, (max-width: 267px) 100vw, 267px\" \/><\/a><a href=\"https:\/\/youtu.be\/zle4i-UdCSE\"><img loading=\"lazy\" decoding=\"async\" class=\"alignright wp-image-8986\" src=\"https:\/\/agora.xtec.cat\/aulahospitalariagtp\/wp-content\/uploads\/usu1060\/2024\/05\/IMG_8171-300x200.jpg\" alt=\"\" width=\"261\" height=\"174\" srcset=\"https:\/\/agora.xtec.cat\/aulahospitalariagtp\/wp-content\/uploads\/usu1060\/2024\/05\/IMG_8171-300x200.jpg 300w, https:\/\/agora.xtec.cat\/aulahospitalariagtp\/wp-content\/uploads\/usu1060\/2024\/05\/IMG_8171-1024x683.jpg 1024w, https:\/\/agora.xtec.cat\/aulahospitalariagtp\/wp-content\/uploads\/usu1060\/2024\/05\/IMG_8171-768x512.jpg 768w, https:\/\/agora.xtec.cat\/aulahospitalariagtp\/wp-content\/uploads\/usu1060\/2024\/05\/IMG_8171-1536x1024.jpg 1536w, https:\/\/agora.xtec.cat\/aulahospitalariagtp\/wp-content\/uploads\/usu1060\/2024\/05\/IMG_8171-2048x1365.jpg 2048w\" sizes=\"auto, (max-width: 261px) 100vw, 261px\" \/><\/a><\/p>\n","protected":false},"excerpt":{"rendered":"<p>Aquest any, des del departament de Comunicaci\u00f3 de l&#8217;Hospital Germans Trias i Pujol ens van proposar participar de les FESTES DE MAIG DE BADALONA amb la &#8220;Festa del dimoni&#8221;. \u00c9s per aix\u00f2, que des de l&#8217;Aula Hospital\u00e0ria vam acceptar aquesta proposta i vam voler fer-ho seguint una mica el lema del Dimoni guanyador d&#8217;aquest any [&hellip;]<\/p>\n","protected":false},"author":1,"featured_media":8989,"comment_status":"open","ping_status":"closed","sticky":false,"template":"","format":"standard","meta":{"_bbp_topic_count":0,"_bbp_reply_count":0,"_bbp_total_topic_count":0,"_bbp_total_reply_count":0,"_bbp_voice_count":0,"_bbp_anonymous_reply_count":0,"_bbp_topic_count_hidden":0,"_bbp_reply_count_hidden":0,"_bbp_forum_subforum_count":0,"site-sidebar-layout":"default","site-content-layout":"","ast-site-content-layout":"","site-content-style":"default","site-sidebar-style":"default","ast-global-header-display":"","ast-banner-title-visibility":"","ast-main-header-display":"","ast-hfb-above-header-display":"","ast-hfb-below-header-display":"","ast-hfb-mobile-header-display":"","site-post-title":"","ast-breadcrumbs-content":"","ast-featured-img":"","footer-sml-layout":"","theme-transparent-header-meta":"","adv-header-id-meta":"","stick-header-meta":"","header-above-stick-meta":"","header-main-stick-meta":"","header-below-stick-meta":"","astra-migrate-meta-layouts":"default","ast-page-background-enabled":"default","ast-page-background-meta":{"desktop":{"background-color":"var(--ast-global-color-4)","background-image":"","background-repeat":"repeat","background-position":"center center","background-size":"auto","background-attachment":"scroll","background-type":"","background-media":"","overlay-type":"","overlay-color":"","overlay-opacity":"","overlay-gradient":""},"tablet":{"background-color":"","background-image":"","background-repeat":"repeat","background-position":"center center","background-size":"auto","background-attachment":"scroll","background-type":"","background-media":"","overlay-type":"","overlay-color":"","overlay-opacity":"","overlay-gradient":""},"mobile":{"background-color":"","background-image":"","background-repeat":"repeat","background-position":"center center","background-size":"auto","background-attachment":"scroll","background-type":"","background-media":"","overlay-type":"","overlay-color":"","overlay-opacity":"","overlay-gradient":""}},"ast-content-background-meta":{"desktop":{"background-color":"var(--ast-global-color-5)","background-image":"","background-repeat":"repeat","background-position":"center center","background-size":"auto","background-attachment":"scroll","background-type":"","background-media":"","overlay-type":"","overlay-color":"","overlay-opacity":"","overlay-gradient":""},"tablet":{"background-color":"var(--ast-global-color-5)","background-image":"","background-repeat":"repeat","background-position":"center center","background-size":"auto","background-attachment":"scroll","background-type":"","background-media":"","overlay-type":"","overlay-color":"","overlay-opacity":"","overlay-gradient":""},"mobile":{"background-color":"var(--ast-global-color-5)","background-image":"","background-repeat":"repeat","background-position":"center center","background-size":"auto","background-attachment":"scroll","background-type":"","background-media":"","overlay-type":"","overlay-color":"","overlay-opacity":"","overlay-gradient":""}},"footnotes":""},"categories":[92,167,43,1,146,69],"tags":[],"class_list":["post-8973","post","type-post","status-publish","format-standard","has-post-thumbnail","hentry","category-activitats-obertes","category-curs-23-24","category-dies-especials","category-general","category-portada","category-treballs-a-laula"],"post_mailing_queue_ids":[],"_links":{"self":[{"href":"https:\/\/agora.xtec.cat\/aulahospitalariagtp\/wp-json\/wp\/v2\/posts\/8973","targetHints":{"allow":["GET"]}}],"collection":[{"href":"https:\/\/agora.xtec.cat\/aulahospitalariagtp\/wp-json\/wp\/v2\/posts"}],"about":[{"href":"https:\/\/agora.xtec.cat\/aulahospitalariagtp\/wp-json\/wp\/v2\/types\/post"}],"author":[{"embeddable":true,"href":"https:\/\/agora.xtec.cat\/aulahospitalariagtp\/wp-json\/wp\/v2\/users\/1"}],"replies":[{"embeddable":true,"href":"https:\/\/agora.xtec.cat\/aulahospitalariagtp\/wp-json\/wp\/v2\/comments?post=8973"}],"version-history":[{"count":7,"href":"https:\/\/agora.xtec.cat\/aulahospitalariagtp\/wp-json\/wp\/v2\/posts\/8973\/revisions"}],"predecessor-version":[{"id":8991,"href":"https:\/\/agora.xtec.cat\/aulahospitalariagtp\/wp-json\/wp\/v2\/posts\/8973\/revisions\/8991"}],"wp:featuredmedia":[{"embeddable":true,"href":"https:\/\/agora.xtec.cat\/aulahospitalariagtp\/wp-json\/wp\/v2\/media\/8989"}],"wp:attachment":[{"href":"https:\/\/agora.xtec.cat\/aulahospitalariagtp\/wp-json\/wp\/v2\/media?parent=8973"}],"wp:term":[{"taxonomy":"category","embeddable":true,"href":"https:\/\/agora.xtec.cat\/aulahospitalariagtp\/wp-json\/wp\/v2\/categories?post=8973"},{"taxonomy":"post_tag","embeddable":true,"href":"https:\/\/agora.xtec.cat\/aulahospitalariagtp\/wp-json\/wp\/v2\/tags?post=8973"}],"curies":[{"name":"wp","href":"https:\/\/api.w.org\/{rel}","templated":true}]}}