{"id":8800,"date":"2024-02-16T08:58:36","date_gmt":"2024-02-16T07:58:36","guid":{"rendered":"https:\/\/agora.xtec.cat\/aulahospitalariagtp\/?p=8800"},"modified":"2025-05-21T14:47:52","modified_gmt":"2025-05-21T12:47:52","slug":"visita-consellera","status":"publish","type":"post","link":"https:\/\/agora.xtec.cat\/aulahospitalariagtp\/general\/visita-consellera\/","title":{"rendered":"VISITA CONSELLERA"},"content":{"rendered":"<p><span style=\"font-weight: 300;\">L<a href=\"https:\/\/agora.xtec.cat\/aulahospitalariagtp\/wp-content\/uploads\/usu1060\/2024\/02\/59A39E0E-923A-493C-81A6-CF5A3B28FC4B.jpeg\"><img loading=\"lazy\" decoding=\"async\" class=\"size-medium wp-image-8806 alignleft\" src=\"https:\/\/agora.xtec.cat\/aulahospitalariagtp\/wp-content\/uploads\/usu1060\/2024\/02\/59A39E0E-923A-493C-81A6-CF5A3B28FC4B-200x300.jpeg\" alt=\"\" width=\"200\" height=\"300\" srcset=\"https:\/\/agora.xtec.cat\/aulahospitalariagtp\/wp-content\/uploads\/usu1060\/2024\/02\/59A39E0E-923A-493C-81A6-CF5A3B28FC4B-200x300.jpeg 200w, https:\/\/agora.xtec.cat\/aulahospitalariagtp\/wp-content\/uploads\/usu1060\/2024\/02\/59A39E0E-923A-493C-81A6-CF5A3B28FC4B-682x1024.jpeg 682w, https:\/\/agora.xtec.cat\/aulahospitalariagtp\/wp-content\/uploads\/usu1060\/2024\/02\/59A39E0E-923A-493C-81A6-CF5A3B28FC4B-768x1153.jpeg 768w, https:\/\/agora.xtec.cat\/aulahospitalariagtp\/wp-content\/uploads\/usu1060\/2024\/02\/59A39E0E-923A-493C-81A6-CF5A3B28FC4B-1023x1536.jpeg 1023w, https:\/\/agora.xtec.cat\/aulahospitalariagtp\/wp-content\/uploads\/usu1060\/2024\/02\/59A39E0E-923A-493C-81A6-CF5A3B28FC4B.jpeg 1066w\" sizes=\"auto, (max-width: 200px) 100vw, 200px\" \/><\/a><a href=\"https:\/\/agora.xtec.cat\/aulahospitalariagtp\/wp-content\/uploads\/usu1060\/2024\/02\/B47FF8B6-93D6-4851-9C96-9CB1CE080CF6.jpeg\"><img loading=\"lazy\" decoding=\"async\" class=\"alignright wp-image-8804\" src=\"https:\/\/agora.xtec.cat\/aulahospitalariagtp\/wp-content\/uploads\/usu1060\/2024\/02\/B47FF8B6-93D6-4851-9C96-9CB1CE080CF6-300x200.jpeg\" alt=\"\" width=\"168\" height=\"112\" srcset=\"https:\/\/agora.xtec.cat\/aulahospitalariagtp\/wp-content\/uploads\/usu1060\/2024\/02\/B47FF8B6-93D6-4851-9C96-9CB1CE080CF6-300x200.jpeg 300w, https:\/\/agora.xtec.cat\/aulahospitalariagtp\/wp-content\/uploads\/usu1060\/2024\/02\/B47FF8B6-93D6-4851-9C96-9CB1CE080CF6-1024x682.jpeg 1024w, https:\/\/agora.xtec.cat\/aulahospitalariagtp\/wp-content\/uploads\/usu1060\/2024\/02\/B47FF8B6-93D6-4851-9C96-9CB1CE080CF6-768x512.jpeg 768w, https:\/\/agora.xtec.cat\/aulahospitalariagtp\/wp-content\/uploads\/usu1060\/2024\/02\/B47FF8B6-93D6-4851-9C96-9CB1CE080CF6-1536x1023.jpeg 1536w, https:\/\/agora.xtec.cat\/aulahospitalariagtp\/wp-content\/uploads\/usu1060\/2024\/02\/B47FF8B6-93D6-4851-9C96-9CB1CE080CF6.jpeg 1600w\" sizes=\"auto, (max-width: 168px) 100vw, 168px\" \/><\/a>\u2019altre dia, el 14 de Febrer, va estar amb nosaltres visitant l\u2019hospital l\u2019Anna Sim\u00f3, la consellera d&#8217;educaci\u00f3 juntament amb tot el seu equip.\u00a0<\/span><\/p>\n<p><span style=\"font-weight: 300;\">Jo us puc explicar el meu punt de vista. Estava a l\u2019aula (l\u2019escola del hospital) fent els treballs de la Vella Quaresma quan, de cop i volta, va apar\u00e8ixer la Roser amb la Anna Sim\u00f3 i tot el seu equip, tamb\u00e9 hi era la\u00a0 televisi\u00f3 de Badalona. La consellera ens va saludar i va mirar com era l\u2019aula. Despr\u00e9s d&#8217;aix\u00f2, un dels alumnes<a href=\"https:\/\/agora.xtec.cat\/aulahospitalariagtp\/wp-content\/uploads\/usu1060\/2024\/02\/392099E2-60DA-459C-8100-D22E64CFC9A2.jpeg\"><img loading=\"lazy\" decoding=\"async\" class=\"alignright size-medium wp-image-8805\" src=\"https:\/\/agora.xtec.cat\/aulahospitalariagtp\/wp-content\/uploads\/usu1060\/2024\/02\/392099E2-60DA-459C-8100-D22E64CFC9A2-300x200.jpeg\" alt=\"\" width=\"300\" height=\"200\" srcset=\"https:\/\/agora.xtec.cat\/aulahospitalariagtp\/wp-content\/uploads\/usu1060\/2024\/02\/392099E2-60DA-459C-8100-D22E64CFC9A2-300x200.jpeg 300w, https:\/\/agora.xtec.cat\/aulahospitalariagtp\/wp-content\/uploads\/usu1060\/2024\/02\/392099E2-60DA-459C-8100-D22E64CFC9A2-1024x682.jpeg 1024w, https:\/\/agora.xtec.cat\/aulahospitalariagtp\/wp-content\/uploads\/usu1060\/2024\/02\/392099E2-60DA-459C-8100-D22E64CFC9A2-768x512.jpeg 768w, https:\/\/agora.xtec.cat\/aulahospitalariagtp\/wp-content\/uploads\/usu1060\/2024\/02\/392099E2-60DA-459C-8100-D22E64CFC9A2-1536x1023.jpeg 1536w, https:\/\/agora.xtec.cat\/aulahospitalariagtp\/wp-content\/uploads\/usu1060\/2024\/02\/392099E2-60DA-459C-8100-D22E64CFC9A2.jpeg 1600w\" sizes=\"auto, (max-width: 300px) 100vw, 300px\" \/><\/a> de part de tots nosaltres, va\u00a0 donar a tots els que van venir a veure&#8217;ns\u00a0 (em van explicar que eren del Departament d&#8217;Educaci\u00f3 i del Departament de Salut) un petit detall d&#8217;unes pintures amb el seu nom que van fer els infants hospitalitzats el dia d&#8217;abans que van rebre amb molta il\u00b7lusi\u00f3 i van agrair amb abra\u00e7adas. Va ser un dia diferent amb molta gent al nostra voltant i molt entretingut.\u00a0<\/span><\/p>\n<p><span style=\"font-weight: 300;\">Nerea P, 16 anys.<\/span><\/p>\n","protected":false},"excerpt":{"rendered":"<p>L\u2019altre dia, el 14 de Febrer, va estar amb nosaltres visitant l\u2019hospital l\u2019Anna Sim\u00f3, la consellera d&#8217;educaci\u00f3 juntament amb tot el seu equip.\u00a0 Jo us puc explicar el meu punt de vista. Estava a l\u2019aula (l\u2019escola del hospital) fent els treballs de la Vella Quaresma quan, de cop i volta, va apar\u00e8ixer la Roser amb [&hellip;]<\/p>\n","protected":false},"author":1,"featured_media":8806,"comment_status":"open","ping_status":"closed","sticky":false,"template":"","format":"standard","meta":{"_bbp_topic_count":0,"_bbp_reply_count":0,"_bbp_total_topic_count":0,"_bbp_total_reply_count":0,"_bbp_voice_count":0,"_bbp_anonymous_reply_count":0,"_bbp_topic_count_hidden":0,"_bbp_reply_count_hidden":0,"_bbp_forum_subforum_count":0,"site-sidebar-layout":"default","site-content-layout":"","ast-site-content-layout":"default","site-content-style":"default","site-sidebar-style":"default","ast-global-header-display":"","ast-banner-title-visibility":"","ast-main-header-display":"","ast-hfb-above-header-display":"","ast-hfb-below-header-display":"","ast-hfb-mobile-header-display":"","site-post-title":"","ast-breadcrumbs-content":"","ast-featured-img":"","footer-sml-layout":"","theme-transparent-header-meta":"","adv-header-id-meta":"","stick-header-meta":"","header-above-stick-meta":"","header-main-stick-meta":"","header-below-stick-meta":"","astra-migrate-meta-layouts":"set","ast-page-background-enabled":"default","ast-page-background-meta":{"desktop":{"background-color":"var(--ast-global-color-4)","background-image":"","background-repeat":"repeat","background-position":"center center","background-size":"auto","background-attachment":"scroll","background-type":"","background-media":"","overlay-type":"","overlay-color":"","overlay-opacity":"","overlay-gradient":""},"tablet":{"background-color":"","background-image":"","background-repeat":"repeat","background-position":"center center","background-size":"auto","background-attachment":"scroll","background-type":"","background-media":"","overlay-type":"","overlay-color":"","overlay-opacity":"","overlay-gradient":""},"mobile":{"background-color":"","background-image":"","background-repeat":"repeat","background-position":"center center","background-size":"auto","background-attachment":"scroll","background-type":"","background-media":"","overlay-type":"","overlay-color":"","overlay-opacity":"","overlay-gradient":""}},"ast-content-background-meta":{"desktop":{"background-color":"var(--ast-global-color-5)","background-image":"","background-repeat":"repeat","background-position":"center center","background-size":"auto","background-attachment":"scroll","background-type":"","background-media":"","overlay-type":"","overlay-color":"","overlay-opacity":"","overlay-gradient":""},"tablet":{"background-color":"var(--ast-global-color-5)","background-image":"","background-repeat":"repeat","background-position":"center center","background-size":"auto","background-attachment":"scroll","background-type":"","background-media":"","overlay-type":"","overlay-color":"","overlay-opacity":"","overlay-gradient":""},"mobile":{"background-color":"var(--ast-global-color-5)","background-image":"","background-repeat":"repeat","background-position":"center center","background-size":"auto","background-attachment":"scroll","background-type":"","background-media":"","overlay-type":"","overlay-color":"","overlay-opacity":"","overlay-gradient":""}},"footnotes":""},"categories":[92,167,94,1,146],"tags":[],"class_list":["post-8800","post","type-post","status-publish","format-standard","has-post-thumbnail","hentry","category-activitats-obertes","category-curs-23-24","category-ens-visiten","category-general","category-portada"],"post_mailing_queue_ids":[],"_links":{"self":[{"href":"https:\/\/agora.xtec.cat\/aulahospitalariagtp\/wp-json\/wp\/v2\/posts\/8800","targetHints":{"allow":["GET"]}}],"collection":[{"href":"https:\/\/agora.xtec.cat\/aulahospitalariagtp\/wp-json\/wp\/v2\/posts"}],"about":[{"href":"https:\/\/agora.xtec.cat\/aulahospitalariagtp\/wp-json\/wp\/v2\/types\/post"}],"author":[{"embeddable":true,"href":"https:\/\/agora.xtec.cat\/aulahospitalariagtp\/wp-json\/wp\/v2\/users\/1"}],"replies":[{"embeddable":true,"href":"https:\/\/agora.xtec.cat\/aulahospitalariagtp\/wp-json\/wp\/v2\/comments?post=8800"}],"version-history":[{"count":3,"href":"https:\/\/agora.xtec.cat\/aulahospitalariagtp\/wp-json\/wp\/v2\/posts\/8800\/revisions"}],"predecessor-version":[{"id":9527,"href":"https:\/\/agora.xtec.cat\/aulahospitalariagtp\/wp-json\/wp\/v2\/posts\/8800\/revisions\/9527"}],"wp:featuredmedia":[{"embeddable":true,"href":"https:\/\/agora.xtec.cat\/aulahospitalariagtp\/wp-json\/wp\/v2\/media\/8806"}],"wp:attachment":[{"href":"https:\/\/agora.xtec.cat\/aulahospitalariagtp\/wp-json\/wp\/v2\/media?parent=8800"}],"wp:term":[{"taxonomy":"category","embeddable":true,"href":"https:\/\/agora.xtec.cat\/aulahospitalariagtp\/wp-json\/wp\/v2\/categories?post=8800"},{"taxonomy":"post_tag","embeddable":true,"href":"https:\/\/agora.xtec.cat\/aulahospitalariagtp\/wp-json\/wp\/v2\/tags?post=8800"}],"curies":[{"name":"wp","href":"https:\/\/api.w.org\/{rel}","templated":true}]}}