{"id":8747,"date":"2024-02-05T12:00:55","date_gmt":"2024-02-05T11:00:55","guid":{"rendered":"https:\/\/agora.xtec.cat\/aulahospitalariagtp\/?p=8747"},"modified":"2025-05-21T14:51:39","modified_gmt":"2025-05-21T12:51:39","slug":"preparem-el-prego-de-carnaval","status":"publish","type":"post","link":"https:\/\/agora.xtec.cat\/aulahospitalariagtp\/general\/preparem-el-prego-de-carnaval\/","title":{"rendered":"PREPAREM EL PREG\u00d3 DE CARNAVAL!"},"content":{"rendered":"<p><span style=\"font-weight: 300;\"><a href=\"https:\/\/agora.xtec.cat\/aulahospitalariagtp\/wp-content\/uploads\/usu1060\/2024\/02\/foto-scaled.jpeg\"><img loading=\"lazy\" decoding=\"async\" class=\"alignright size-medium wp-image-8777\" src=\"https:\/\/agora.xtec.cat\/aulahospitalariagtp\/wp-content\/uploads\/usu1060\/2024\/02\/foto-300x222.jpeg\" alt=\"\" width=\"300\" height=\"222\" srcset=\"https:\/\/agora.xtec.cat\/aulahospitalariagtp\/wp-content\/uploads\/usu1060\/2024\/02\/foto-300x222.jpeg 300w, https:\/\/agora.xtec.cat\/aulahospitalariagtp\/wp-content\/uploads\/usu1060\/2024\/02\/foto-1024x758.jpeg 1024w, https:\/\/agora.xtec.cat\/aulahospitalariagtp\/wp-content\/uploads\/usu1060\/2024\/02\/foto-768x568.jpeg 768w, https:\/\/agora.xtec.cat\/aulahospitalariagtp\/wp-content\/uploads\/usu1060\/2024\/02\/foto-1536x1137.jpeg 1536w, https:\/\/agora.xtec.cat\/aulahospitalariagtp\/wp-content\/uploads\/usu1060\/2024\/02\/foto-2048x1515.jpeg 2048w\" sizes=\"auto, (max-width: 300px) 100vw, 300px\" \/><\/a>Durant els dies que en <strong>Mateu S.\u00a0<\/strong> ha estat amb nosaltres, des de l\u2019habitaci\u00f3 ha creat \u201cel preg\u00f3 del carnestoltes\u201d donant un toc personalitzat sobre l\u2019hospital. Un preg\u00f3 en el qual queda mencionat to<a href=\"https:\/\/agora.xtec.cat\/aulahospitalariagtp\/wp-content\/uploads\/usu1060\/2024\/02\/WhatsApp-Image-2024-02-09-at-09.13.33-e1707994175850.jpeg\"><img loading=\"lazy\" decoding=\"async\" class=\"size-medium wp-image-8785 alignleft\" src=\"https:\/\/agora.xtec.cat\/aulahospitalariagtp\/wp-content\/uploads\/usu1060\/2024\/02\/WhatsApp-Image-2024-02-09-at-09.13.33-e1707994175850-243x300.jpeg\" alt=\"\" width=\"243\" height=\"300\" srcset=\"https:\/\/agora.xtec.cat\/aulahospitalariagtp\/wp-content\/uploads\/usu1060\/2024\/02\/WhatsApp-Image-2024-02-09-at-09.13.33-e1707994175850-243x300.jpeg 243w, https:\/\/agora.xtec.cat\/aulahospitalariagtp\/wp-content\/uploads\/usu1060\/2024\/02\/WhatsApp-Image-2024-02-09-at-09.13.33-e1707994175850-829x1024.jpeg 829w, https:\/\/agora.xtec.cat\/aulahospitalariagtp\/wp-content\/uploads\/usu1060\/2024\/02\/WhatsApp-Image-2024-02-09-at-09.13.33-e1707994175850-768x949.jpeg 768w, https:\/\/agora.xtec.cat\/aulahospitalariagtp\/wp-content\/uploads\/usu1060\/2024\/02\/WhatsApp-Image-2024-02-09-at-09.13.33-e1707994175850-1243x1536.jpeg 1243w, https:\/\/agora.xtec.cat\/aulahospitalariagtp\/wp-content\/uploads\/usu1060\/2024\/02\/WhatsApp-Image-2024-02-09-at-09.13.33-e1707994175850.jpeg 1320w\" sizes=\"auto, (max-width: 243px) 100vw, 243px\" \/><\/a>t el personal que acompanya el nostre dia a dia aqu\u00ed a l\u2019hospital, amb rimes, frases i un missatge molt positiu!\u00a0<\/span><\/p>\n<h5><strong>Benvolguts nens i nenes, minyons i minyones\u2026.\u00a0 Per aquest carnaval em toca estar a l&#8217;hospital,\u00a0 per\u00f2 he de ser positiu i no desanimar-me per cap motiu.\u00a0 Em disfressar\u00e9 de policia per estar contenta tot el dia o millor de fuster per passar-m&#8217;ho molt b\u00e9, per\u00f2 \u00e9s igual tot aix\u00f2 perqu\u00e8 a Can Ruti tots s\u00f3n els millors, voluntaris, infermeres, metges o doctors, per\u00f2 no puc deixar sense anomenar el personal de neteja que d\u00e9u-n&#8217;hi-do el que fan sense queixa. <\/strong><span style=\"font-weight: 400;\">Mateu S (10A)<\/span><\/h5>\n","protected":false},"excerpt":{"rendered":"<p>Durant els dies que en Mateu S.\u00a0 ha estat amb nosaltres, des de l\u2019habitaci\u00f3 ha creat \u201cel preg\u00f3 del carnestoltes\u201d donant un toc personalitzat sobre l\u2019hospital. Un preg\u00f3 en el qual queda mencionat tot el personal que acompanya el nostre dia a dia aqu\u00ed a l\u2019hospital, amb rimes, frases i un missatge molt positiu!\u00a0 Benvolguts [&hellip;]<\/p>\n","protected":false},"author":1,"featured_media":8777,"comment_status":"open","ping_status":"closed","sticky":false,"template":"","format":"standard","meta":{"_bbp_topic_count":0,"_bbp_reply_count":0,"_bbp_total_topic_count":0,"_bbp_total_reply_count":0,"_bbp_voice_count":0,"_bbp_anonymous_reply_count":0,"_bbp_topic_count_hidden":0,"_bbp_reply_count_hidden":0,"_bbp_forum_subforum_count":0,"site-sidebar-layout":"default","site-content-layout":"","ast-site-content-layout":"default","site-content-style":"default","site-sidebar-style":"default","ast-global-header-display":"","ast-banner-title-visibility":"","ast-main-header-display":"","ast-hfb-above-header-display":"","ast-hfb-below-header-display":"","ast-hfb-mobile-header-display":"","site-post-title":"","ast-breadcrumbs-content":"","ast-featured-img":"","footer-sml-layout":"","theme-transparent-header-meta":"","adv-header-id-meta":"","stick-header-meta":"","header-above-stick-meta":"","header-main-stick-meta":"","header-below-stick-meta":"","astra-migrate-meta-layouts":"set","ast-page-background-enabled":"default","ast-page-background-meta":{"desktop":{"background-color":"var(--ast-global-color-4)","background-image":"","background-repeat":"repeat","background-position":"center center","background-size":"auto","background-attachment":"scroll","background-type":"","background-media":"","overlay-type":"","overlay-color":"","overlay-opacity":"","overlay-gradient":""},"tablet":{"background-color":"","background-image":"","background-repeat":"repeat","background-position":"center center","background-size":"auto","background-attachment":"scroll","background-type":"","background-media":"","overlay-type":"","overlay-color":"","overlay-opacity":"","overlay-gradient":""},"mobile":{"background-color":"","background-image":"","background-repeat":"repeat","background-position":"center center","background-size":"auto","background-attachment":"scroll","background-type":"","background-media":"","overlay-type":"","overlay-color":"","overlay-opacity":"","overlay-gradient":""}},"ast-content-background-meta":{"desktop":{"background-color":"var(--ast-global-color-5)","background-image":"","background-repeat":"repeat","background-position":"center center","background-size":"auto","background-attachment":"scroll","background-type":"","background-media":"","overlay-type":"","overlay-color":"","overlay-opacity":"","overlay-gradient":""},"tablet":{"background-color":"var(--ast-global-color-5)","background-image":"","background-repeat":"repeat","background-position":"center center","background-size":"auto","background-attachment":"scroll","background-type":"","background-media":"","overlay-type":"","overlay-color":"","overlay-opacity":"","overlay-gradient":""},"mobile":{"background-color":"var(--ast-global-color-5)","background-image":"","background-repeat":"repeat","background-position":"center center","background-size":"auto","background-attachment":"scroll","background-type":"","background-media":"","overlay-type":"","overlay-color":"","overlay-opacity":"","overlay-gradient":""}},"footnotes":""},"categories":[74,167,1,146,69],"tags":[],"class_list":["post-8747","post","type-post","status-publish","format-standard","has-post-thumbnail","hentry","category-carnaval","category-curs-23-24","category-general","category-portada","category-treballs-a-laula"],"post_mailing_queue_ids":[],"_links":{"self":[{"href":"https:\/\/agora.xtec.cat\/aulahospitalariagtp\/wp-json\/wp\/v2\/posts\/8747","targetHints":{"allow":["GET"]}}],"collection":[{"href":"https:\/\/agora.xtec.cat\/aulahospitalariagtp\/wp-json\/wp\/v2\/posts"}],"about":[{"href":"https:\/\/agora.xtec.cat\/aulahospitalariagtp\/wp-json\/wp\/v2\/types\/post"}],"author":[{"embeddable":true,"href":"https:\/\/agora.xtec.cat\/aulahospitalariagtp\/wp-json\/wp\/v2\/users\/1"}],"replies":[{"embeddable":true,"href":"https:\/\/agora.xtec.cat\/aulahospitalariagtp\/wp-json\/wp\/v2\/comments?post=8747"}],"version-history":[{"count":5,"href":"https:\/\/agora.xtec.cat\/aulahospitalariagtp\/wp-json\/wp\/v2\/posts\/8747\/revisions"}],"predecessor-version":[{"id":9532,"href":"https:\/\/agora.xtec.cat\/aulahospitalariagtp\/wp-json\/wp\/v2\/posts\/8747\/revisions\/9532"}],"wp:featuredmedia":[{"embeddable":true,"href":"https:\/\/agora.xtec.cat\/aulahospitalariagtp\/wp-json\/wp\/v2\/media\/8777"}],"wp:attachment":[{"href":"https:\/\/agora.xtec.cat\/aulahospitalariagtp\/wp-json\/wp\/v2\/media?parent=8747"}],"wp:term":[{"taxonomy":"category","embeddable":true,"href":"https:\/\/agora.xtec.cat\/aulahospitalariagtp\/wp-json\/wp\/v2\/categories?post=8747"},{"taxonomy":"post_tag","embeddable":true,"href":"https:\/\/agora.xtec.cat\/aulahospitalariagtp\/wp-json\/wp\/v2\/tags?post=8747"}],"curies":[{"name":"wp","href":"https:\/\/api.w.org\/{rel}","templated":true}]}}