{"id":8709,"date":"2023-12-19T14:11:55","date_gmt":"2023-12-19T13:11:55","guid":{"rendered":"https:\/\/agora.xtec.cat\/aulahospitalariagtp\/?p=8709"},"modified":"2025-05-21T14:54:21","modified_gmt":"2025-05-21T12:54:21","slug":"com-preparem-el-nadal","status":"publish","type":"post","link":"https:\/\/agora.xtec.cat\/aulahospitalariagtp\/general\/com-preparem-el-nadal\/","title":{"rendered":"COM PREPAREM EL NADAL&#8230;"},"content":{"rendered":"<p><a href=\"https:\/\/vimeo.com\/896449889\/ef37b29194?share=copy\" target=\"_blank\" rel=\"noopener\"><img loading=\"lazy\" decoding=\"async\" class=\" wp-image-8718 alignleft\" src=\"https:\/\/agora.xtec.cat\/aulahospitalariagtp\/wp-content\/uploads\/usu1060\/2023\/12\/mural-300x236.jpg\" alt=\"\" width=\"393\" height=\"309\" srcset=\"https:\/\/agora.xtec.cat\/aulahospitalariagtp\/wp-content\/uploads\/usu1060\/2023\/12\/mural-300x236.jpg 300w, https:\/\/agora.xtec.cat\/aulahospitalariagtp\/wp-content\/uploads\/usu1060\/2023\/12\/mural-768x605.jpg 768w, https:\/\/agora.xtec.cat\/aulahospitalariagtp\/wp-content\/uploads\/usu1060\/2023\/12\/mural.jpg 876w\" sizes=\"auto, (max-width: 393px) 100vw, 393px\" \/><\/a><\/p>\n<p>Aquest any estem de celebraci\u00f3, l&#8217;hospital fa\u00a040\u00a0anys!!<br \/>\nAmb\u00a0motiu d&#8217;aquest fet s&#8217;ha decorat les plantes i ha quedat tot ben bonic.<br \/>\nA la planta de pediatria l&#8217;equip d&#8217;infermeria juntament amb el nostre zelador i l&#8217;Aula hospital\u00e0ria hem tret la creativitat perqu\u00e8 qued\u00e9s ben &#8220;xulo&#8221;.<br \/>\nVol\u00edem que hi\u00a0 particip\u00e9s tothom, aix\u00ed que amb la col.laboraci\u00f3 de<span class=\"im\"> nens, nenes, fam\u00edlies, personal sanitari, de neteja, voluntariat i tothom que ha anat passant per la planta i l&#8217;aula hem constru\u00eft un gran arbre.<br \/>\n<\/span>L&#8217;arbre dels desitjos ha quedat ben farcit. I podeu veure que els colors que el formen s\u00f3n els mateixos que apareixen al logo del 40 aniversari.\u00a0 <span class=\"im\">Tamb\u00e9 hem fet els 3 Reis, un gran repte, ja que hem transformat un arbre amb els tres Reis. <\/span>Les infermeres han creat un decorat d&#8217;hivern on es pot veure un igl\u00fa amb els ping\u00fcins i tot nevat.<\/p>\n<p>Mireu com ha quedat!!\u00a0 \u00a0 \u00a0Podeu veure el <a href=\"https:\/\/vimeo.com\/896449889\/ef37b29194?share=copy\" target=\"_blank\" rel=\"noopener\">V\u00cdDEO<\/a><\/p>\n","protected":false},"excerpt":{"rendered":"<p>Aquest any estem de celebraci\u00f3, l&#8217;hospital fa\u00a040\u00a0anys!! Amb\u00a0motiu d&#8217;aquest fet s&#8217;ha decorat les plantes i ha quedat tot ben bonic. A la planta de pediatria l&#8217;equip d&#8217;infermeria juntament amb el nostre zelador i l&#8217;Aula hospital\u00e0ria hem tret la creativitat perqu\u00e8 qued\u00e9s ben &#8220;xulo&#8221;. Vol\u00edem que hi\u00a0 particip\u00e9s tothom, aix\u00ed que amb la col.laboraci\u00f3 de nens, [&hellip;]<\/p>\n","protected":false},"author":1,"featured_media":8718,"comment_status":"open","ping_status":"closed","sticky":false,"template":"","format":"standard","meta":{"_bbp_topic_count":0,"_bbp_reply_count":0,"_bbp_total_topic_count":0,"_bbp_total_reply_count":0,"_bbp_voice_count":0,"_bbp_anonymous_reply_count":0,"_bbp_topic_count_hidden":0,"_bbp_reply_count_hidden":0,"_bbp_forum_subforum_count":0,"site-sidebar-layout":"default","site-content-layout":"","ast-site-content-layout":"default","site-content-style":"default","site-sidebar-style":"default","ast-global-header-display":"","ast-banner-title-visibility":"","ast-main-header-display":"","ast-hfb-above-header-display":"","ast-hfb-below-header-display":"","ast-hfb-mobile-header-display":"","site-post-title":"","ast-breadcrumbs-content":"","ast-featured-img":"","footer-sml-layout":"","theme-transparent-header-meta":"","adv-header-id-meta":"","stick-header-meta":"","header-above-stick-meta":"","header-main-stick-meta":"","header-below-stick-meta":"","astra-migrate-meta-layouts":"set","ast-page-background-enabled":"default","ast-page-background-meta":{"desktop":{"background-color":"var(--ast-global-color-4)","background-image":"","background-repeat":"repeat","background-position":"center center","background-size":"auto","background-attachment":"scroll","background-type":"","background-media":"","overlay-type":"","overlay-color":"","overlay-opacity":"","overlay-gradient":""},"tablet":{"background-color":"","background-image":"","background-repeat":"repeat","background-position":"center center","background-size":"auto","background-attachment":"scroll","background-type":"","background-media":"","overlay-type":"","overlay-color":"","overlay-opacity":"","overlay-gradient":""},"mobile":{"background-color":"","background-image":"","background-repeat":"repeat","background-position":"center center","background-size":"auto","background-attachment":"scroll","background-type":"","background-media":"","overlay-type":"","overlay-color":"","overlay-opacity":"","overlay-gradient":""}},"ast-content-background-meta":{"desktop":{"background-color":"var(--ast-global-color-5)","background-image":"","background-repeat":"repeat","background-position":"center center","background-size":"auto","background-attachment":"scroll","background-type":"","background-media":"","overlay-type":"","overlay-color":"","overlay-opacity":"","overlay-gradient":""},"tablet":{"background-color":"var(--ast-global-color-5)","background-image":"","background-repeat":"repeat","background-position":"center center","background-size":"auto","background-attachment":"scroll","background-type":"","background-media":"","overlay-type":"","overlay-color":"","overlay-opacity":"","overlay-gradient":""},"mobile":{"background-color":"var(--ast-global-color-5)","background-image":"","background-repeat":"repeat","background-position":"center center","background-size":"auto","background-attachment":"scroll","background-type":"","background-media":"","overlay-type":"","overlay-color":"","overlay-opacity":"","overlay-gradient":""}},"footnotes":""},"categories":[92,167,1,95,44,146,69],"tags":[],"class_list":["post-8709","post","type-post","status-publish","format-standard","has-post-thumbnail","hentry","category-activitats-obertes","category-curs-23-24","category-general","category-murals","category-nadal","category-portada","category-treballs-a-laula"],"post_mailing_queue_ids":[],"_links":{"self":[{"href":"https:\/\/agora.xtec.cat\/aulahospitalariagtp\/wp-json\/wp\/v2\/posts\/8709","targetHints":{"allow":["GET"]}}],"collection":[{"href":"https:\/\/agora.xtec.cat\/aulahospitalariagtp\/wp-json\/wp\/v2\/posts"}],"about":[{"href":"https:\/\/agora.xtec.cat\/aulahospitalariagtp\/wp-json\/wp\/v2\/types\/post"}],"author":[{"embeddable":true,"href":"https:\/\/agora.xtec.cat\/aulahospitalariagtp\/wp-json\/wp\/v2\/users\/1"}],"replies":[{"embeddable":true,"href":"https:\/\/agora.xtec.cat\/aulahospitalariagtp\/wp-json\/wp\/v2\/comments?post=8709"}],"version-history":[{"count":4,"href":"https:\/\/agora.xtec.cat\/aulahospitalariagtp\/wp-json\/wp\/v2\/posts\/8709\/revisions"}],"predecessor-version":[{"id":9536,"href":"https:\/\/agora.xtec.cat\/aulahospitalariagtp\/wp-json\/wp\/v2\/posts\/8709\/revisions\/9536"}],"wp:featuredmedia":[{"embeddable":true,"href":"https:\/\/agora.xtec.cat\/aulahospitalariagtp\/wp-json\/wp\/v2\/media\/8718"}],"wp:attachment":[{"href":"https:\/\/agora.xtec.cat\/aulahospitalariagtp\/wp-json\/wp\/v2\/media?parent=8709"}],"wp:term":[{"taxonomy":"category","embeddable":true,"href":"https:\/\/agora.xtec.cat\/aulahospitalariagtp\/wp-json\/wp\/v2\/categories?post=8709"},{"taxonomy":"post_tag","embeddable":true,"href":"https:\/\/agora.xtec.cat\/aulahospitalariagtp\/wp-json\/wp\/v2\/tags?post=8709"}],"curies":[{"name":"wp","href":"https:\/\/api.w.org\/{rel}","templated":true}]}}