{"id":8593,"date":"2023-11-02T20:52:54","date_gmt":"2023-11-02T19:52:54","guid":{"rendered":"https:\/\/agora.xtec.cat\/aulahospitalariagtp\/?p=8593"},"modified":"2025-05-21T15:42:34","modified_gmt":"2025-05-21T13:42:34","slug":"celebrem-la-castanyada","status":"publish","type":"post","link":"https:\/\/agora.xtec.cat\/aulahospitalariagtp\/general\/celebrem-la-castanyada\/","title":{"rendered":"CELEBREM LA CASTANYADA !"},"content":{"rendered":"<p>Ja ha arribat el dia de la castanyada i des de l\u2019escola de l\u2019hospital voldr\u00edem agrair, de tot cor, al <strong>servei d\u2019hoteleria<\/strong> del nostre hospital aquestes magn\u00edfiques castanyes i moniatos que ens han fet arribar a la planta de pediatria i tamb\u00e9 <strong>\u00a0<\/strong>al <strong>Departament de comunicaci\u00f3<\/strong> per aquestes magn\u00edfiques fotos, a<strong> l&#8217;UAC<\/strong> i al <strong>voluntariat de la Creu Roja<\/strong> per la seva col\u00b7laboraci\u00f3. Moltes gr\u00e0cies. Us hem fet un petit v\u00eddeo perqu\u00e8 pugueu veure com va anar el dia. <a href=\"https:\/\/vimeo.com\/880662730\/45166d1a4a?share=copy\" target=\"_blank\" rel=\"noopener\">Cliqueu la imatge!<\/a><\/p>\n<p><a href=\"https:\/\/vimeo.com\/880662730\/45166d1a4a?share=copy\" target=\"_blank\" rel=\"noopener\"><img loading=\"lazy\" decoding=\"async\" class=\"alignleft wp-image-8601\" src=\"https:\/\/agora.xtec.cat\/aulahospitalariagtp\/wp-content\/uploads\/usu1060\/2023\/11\/Captura-de-pantalla-2023-11-02-a-les-20.45.23-300x199.png\" alt=\"\" width=\"372\" height=\"247\" srcset=\"https:\/\/agora.xtec.cat\/aulahospitalariagtp\/wp-content\/uploads\/usu1060\/2023\/11\/Captura-de-pantalla-2023-11-02-a-les-20.45.23-300x199.png 300w, https:\/\/agora.xtec.cat\/aulahospitalariagtp\/wp-content\/uploads\/usu1060\/2023\/11\/Captura-de-pantalla-2023-11-02-a-les-20.45.23-1024x680.png 1024w, https:\/\/agora.xtec.cat\/aulahospitalariagtp\/wp-content\/uploads\/usu1060\/2023\/11\/Captura-de-pantalla-2023-11-02-a-les-20.45.23-768x510.png 768w, https:\/\/agora.xtec.cat\/aulahospitalariagtp\/wp-content\/uploads\/usu1060\/2023\/11\/Captura-de-pantalla-2023-11-02-a-les-20.45.23-1536x1020.png 1536w, https:\/\/agora.xtec.cat\/aulahospitalariagtp\/wp-content\/uploads\/usu1060\/2023\/11\/Captura-de-pantalla-2023-11-02-a-les-20.45.23-2048x1360.png 2048w\" sizes=\"auto, (max-width: 372px) 100vw, 372px\" \/><\/a>La Leire i el Jeicko tamb\u00e9 us expliquen com ha anat el mat\u00ed.<\/p>\n<p><span style=\"font-weight: 400;\">El dia de la Castanyada el vam celebrar a l\u2019aula. Vam preparar receptes de panellets per donar-les a tota la gent de la planta. Tamb\u00e9 vam fer paperines amb paper de diari per posar les castanyes. <\/span><span style=\"font-weight: 400;\">Despr\u00e9s\u00a0 la cuina ens van pujar a planta els moniatos i les castanyes\u00a0 perqu\u00e8 nosaltres les repart\u00edssim juntament amb les receptes dels panellets. <\/span><span style=\"font-weight: 400;\">I aix\u00ed vam comen\u00e7ar a repartir-ho per les habitacions. Als pares, a les mares i als nens i nenes que no podien sortir. Tamb\u00e9 als metges, doctores i infermeres van tenir castanyes i moniatos i els va fer molta i<a href=\"https:\/\/agora.xtec.cat\/aulahospitalariagtp\/wp-content\/uploads\/usu1060\/2023\/11\/5946FF67-CFC2-47E7-B60F-327E2D9612CB_1_105_c.jpeg\"><img loading=\"lazy\" decoding=\"async\" class=\"alignright size-medium wp-image-8599\" src=\"https:\/\/agora.xtec.cat\/aulahospitalariagtp\/wp-content\/uploads\/usu1060\/2023\/11\/5946FF67-CFC2-47E7-B60F-327E2D9612CB_1_105_c-300x200.jpeg\" alt=\"\" width=\"300\" height=\"200\" srcset=\"https:\/\/agora.xtec.cat\/aulahospitalariagtp\/wp-content\/uploads\/usu1060\/2023\/11\/5946FF67-CFC2-47E7-B60F-327E2D9612CB_1_105_c-300x200.jpeg 300w, https:\/\/agora.xtec.cat\/aulahospitalariagtp\/wp-content\/uploads\/usu1060\/2023\/11\/5946FF67-CFC2-47E7-B60F-327E2D9612CB_1_105_c-1024x683.jpeg 1024w, https:\/\/agora.xtec.cat\/aulahospitalariagtp\/wp-content\/uploads\/usu1060\/2023\/11\/5946FF67-CFC2-47E7-B60F-327E2D9612CB_1_105_c-768x512.jpeg 768w, https:\/\/agora.xtec.cat\/aulahospitalariagtp\/wp-content\/uploads\/usu1060\/2023\/11\/5946FF67-CFC2-47E7-B60F-327E2D9612CB_1_105_c.jpeg 1086w\" sizes=\"auto, (max-width: 300px) 100vw, 300px\" \/><\/a>l\u00b7lusi\u00f3. <\/span><span style=\"font-weight: 400;\">El dia, sincerament, va ser diferent, molt divertit, entretingut i interessant.<\/span><\/p>\n<p><span style=\"font-weight: 400;\">Leire (13 anys)<\/span><\/p>\n<p><span style=\"font-weight: 400;\"><a href=\"https:\/\/agora.xtec.cat\/aulahospitalariagtp\/wp-content\/uploads\/usu1060\/2023\/11\/2F951E61-01B0-4753-8147-884CC8A6A91C_1_105_c.jpeg\"><img loading=\"lazy\" decoding=\"async\" class=\"size-medium wp-image-8596 alignleft\" src=\"https:\/\/agora.xtec.cat\/aulahospitalariagtp\/wp-content\/uploads\/usu1060\/2023\/11\/2F951E61-01B0-4753-8147-884CC8A6A91C_1_105_c-300x200.jpeg\" alt=\"\" width=\"300\" height=\"200\" srcset=\"https:\/\/agora.xtec.cat\/aulahospitalariagtp\/wp-content\/uploads\/usu1060\/2023\/11\/2F951E61-01B0-4753-8147-884CC8A6A91C_1_105_c-300x200.jpeg 300w, https:\/\/agora.xtec.cat\/aulahospitalariagtp\/wp-content\/uploads\/usu1060\/2023\/11\/2F951E61-01B0-4753-8147-884CC8A6A91C_1_105_c-1024x683.jpeg 1024w, https:\/\/agora.xtec.cat\/aulahospitalariagtp\/wp-content\/uploads\/usu1060\/2023\/11\/2F951E61-01B0-4753-8147-884CC8A6A91C_1_105_c-768x512.jpeg 768w, https:\/\/agora.xtec.cat\/aulahospitalariagtp\/wp-content\/uploads\/usu1060\/2023\/11\/2F951E61-01B0-4753-8147-884CC8A6A91C_1_105_c.jpeg 1086w\" sizes=\"auto, (max-width: 300px) 100vw, 300px\" \/><\/a>M\u2019ha agra<\/span><span style=\"font-weight: 400;\">dat molt\u00a0 el dia, encara que no m\u2019agradin les castanyes ni els moniatos. Hi havia molts nens i nenes que anaven amb mi. Jo anava amb cadira de rodes, per\u00f2, tot i aix\u00f2, em vaig divertir perqu\u00e8 era la meva segona castanyada. Tamb\u00e9 em va encantar repartir moniatos, castanyes i algunes receptes de panellets a tota la gent que estava a la planta.<\/span><\/p>\n<p><span style=\"font-weight: 400;\">\u00a0Des del meu punt de vista la castanyada \u00e9s millor que Halloween.\u00a0<\/span><\/p>\n<p><span style=\"font-weight: 400;\">Jeicko (10 anys)<\/span><\/p>\n","protected":false},"excerpt":{"rendered":"<p>Ja ha arribat el dia de la castanyada i des de l\u2019escola de l\u2019hospital voldr\u00edem agrair, de tot cor, al servei d\u2019hoteleria del nostre hospital aquestes magn\u00edfiques castanyes i moniatos que ens han fet arribar a la planta de pediatria i tamb\u00e9 \u00a0al Departament de comunicaci\u00f3 per aquestes magn\u00edfiques fotos, a l&#8217;UAC i al voluntariat [&hellip;]<\/p>\n","protected":false},"author":1,"featured_media":8596,"comment_status":"open","ping_status":"closed","sticky":false,"template":"","format":"standard","meta":{"_bbp_topic_count":0,"_bbp_reply_count":0,"_bbp_total_topic_count":0,"_bbp_total_reply_count":0,"_bbp_voice_count":0,"_bbp_anonymous_reply_count":0,"_bbp_topic_count_hidden":0,"_bbp_reply_count_hidden":0,"_bbp_forum_subforum_count":0,"site-sidebar-layout":"default","site-content-layout":"","ast-site-content-layout":"default","site-content-style":"default","site-sidebar-style":"default","ast-global-header-display":"","ast-banner-title-visibility":"","ast-main-header-display":"","ast-hfb-above-header-display":"","ast-hfb-below-header-display":"","ast-hfb-mobile-header-display":"","site-post-title":"","ast-breadcrumbs-content":"","ast-featured-img":"","footer-sml-layout":"","theme-transparent-header-meta":"","adv-header-id-meta":"","stick-header-meta":"","header-above-stick-meta":"","header-main-stick-meta":"","header-below-stick-meta":"","astra-migrate-meta-layouts":"set","ast-page-background-enabled":"default","ast-page-background-meta":{"desktop":{"background-color":"var(--ast-global-color-4)","background-image":"","background-repeat":"repeat","background-position":"center center","background-size":"auto","background-attachment":"scroll","background-type":"","background-media":"","overlay-type":"","overlay-color":"","overlay-opacity":"","overlay-gradient":""},"tablet":{"background-color":"","background-image":"","background-repeat":"repeat","background-position":"center center","background-size":"auto","background-attachment":"scroll","background-type":"","background-media":"","overlay-type":"","overlay-color":"","overlay-opacity":"","overlay-gradient":""},"mobile":{"background-color":"","background-image":"","background-repeat":"repeat","background-position":"center center","background-size":"auto","background-attachment":"scroll","background-type":"","background-media":"","overlay-type":"","overlay-color":"","overlay-opacity":"","overlay-gradient":""}},"ast-content-background-meta":{"desktop":{"background-color":"var(--ast-global-color-5)","background-image":"","background-repeat":"repeat","background-position":"center center","background-size":"auto","background-attachment":"scroll","background-type":"","background-media":"","overlay-type":"","overlay-color":"","overlay-opacity":"","overlay-gradient":""},"tablet":{"background-color":"var(--ast-global-color-5)","background-image":"","background-repeat":"repeat","background-position":"center center","background-size":"auto","background-attachment":"scroll","background-type":"","background-media":"","overlay-type":"","overlay-color":"","overlay-opacity":"","overlay-gradient":""},"mobile":{"background-color":"var(--ast-global-color-5)","background-image":"","background-repeat":"repeat","background-position":"center center","background-size":"auto","background-attachment":"scroll","background-type":"","background-media":"","overlay-type":"","overlay-color":"","overlay-opacity":"","overlay-gradient":""}},"footnotes":""},"categories":[92,167,1,146,47,69],"tags":[],"class_list":["post-8593","post","type-post","status-publish","format-standard","has-post-thumbnail","hentry","category-activitats-obertes","category-curs-23-24","category-general","category-portada","category-tardor","category-treballs-a-laula"],"post_mailing_queue_ids":[],"_links":{"self":[{"href":"https:\/\/agora.xtec.cat\/aulahospitalariagtp\/wp-json\/wp\/v2\/posts\/8593","targetHints":{"allow":["GET"]}}],"collection":[{"href":"https:\/\/agora.xtec.cat\/aulahospitalariagtp\/wp-json\/wp\/v2\/posts"}],"about":[{"href":"https:\/\/agora.xtec.cat\/aulahospitalariagtp\/wp-json\/wp\/v2\/types\/post"}],"author":[{"embeddable":true,"href":"https:\/\/agora.xtec.cat\/aulahospitalariagtp\/wp-json\/wp\/v2\/users\/1"}],"replies":[{"embeddable":true,"href":"https:\/\/agora.xtec.cat\/aulahospitalariagtp\/wp-json\/wp\/v2\/comments?post=8593"}],"version-history":[{"count":6,"href":"https:\/\/agora.xtec.cat\/aulahospitalariagtp\/wp-json\/wp\/v2\/posts\/8593\/revisions"}],"predecessor-version":[{"id":9542,"href":"https:\/\/agora.xtec.cat\/aulahospitalariagtp\/wp-json\/wp\/v2\/posts\/8593\/revisions\/9542"}],"wp:featuredmedia":[{"embeddable":true,"href":"https:\/\/agora.xtec.cat\/aulahospitalariagtp\/wp-json\/wp\/v2\/media\/8596"}],"wp:attachment":[{"href":"https:\/\/agora.xtec.cat\/aulahospitalariagtp\/wp-json\/wp\/v2\/media?parent=8593"}],"wp:term":[{"taxonomy":"category","embeddable":true,"href":"https:\/\/agora.xtec.cat\/aulahospitalariagtp\/wp-json\/wp\/v2\/categories?post=8593"},{"taxonomy":"post_tag","embeddable":true,"href":"https:\/\/agora.xtec.cat\/aulahospitalariagtp\/wp-json\/wp\/v2\/tags?post=8593"}],"curies":[{"name":"wp","href":"https:\/\/api.w.org\/{rel}","templated":true}]}}