{"id":8525,"date":"2023-06-11T23:49:28","date_gmt":"2023-06-11T21:49:28","guid":{"rendered":"https:\/\/agora.xtec.cat\/aulahospitalariagtp\/?p=8525"},"modified":"2025-05-21T15:46:01","modified_gmt":"2025-05-21T13:46:01","slug":"gran-concert-a-la-planta-de-pediatria","status":"publish","type":"post","link":"https:\/\/agora.xtec.cat\/aulahospitalariagtp\/general\/gran-concert-a-la-planta-de-pediatria\/","title":{"rendered":"Gran concert a la planta de Pediatria."},"content":{"rendered":"<p><a href=\"https:\/\/agora.xtec.cat\/aulahospitalariagtp\/wp-content\/uploads\/usu1060\/2023\/06\/WhatsApp-Image-2023-06-09-at-13.58.42.jpeg\"><img loading=\"lazy\" decoding=\"async\" class=\"wp-image-8528 alignleft\" src=\"https:\/\/agora.xtec.cat\/aulahospitalariagtp\/wp-content\/uploads\/usu1060\/2023\/06\/WhatsApp-Image-2023-06-09-at-13.58.42-300x225.jpeg\" alt=\"\" width=\"224\" height=\"168\" srcset=\"https:\/\/agora.xtec.cat\/aulahospitalariagtp\/wp-content\/uploads\/usu1060\/2023\/06\/WhatsApp-Image-2023-06-09-at-13.58.42-300x225.jpeg 300w, https:\/\/agora.xtec.cat\/aulahospitalariagtp\/wp-content\/uploads\/usu1060\/2023\/06\/WhatsApp-Image-2023-06-09-at-13.58.42-768x576.jpeg 768w, https:\/\/agora.xtec.cat\/aulahospitalariagtp\/wp-content\/uploads\/usu1060\/2023\/06\/WhatsApp-Image-2023-06-09-at-13.58.42-200x150.jpeg 200w, https:\/\/agora.xtec.cat\/aulahospitalariagtp\/wp-content\/uploads\/usu1060\/2023\/06\/WhatsApp-Image-2023-06-09-at-13.58.42.jpeg 1024w\" sizes=\"auto, (max-width: 224px) 100vw, 224px\" \/><\/a> <a href=\"https:\/\/agora.xtec.cat\/aulahospitalariagtp\/wp-content\/uploads\/usu1060\/2023\/06\/WhatsApp-Image-2023-06-09-at-13.54.49.jpeg\"><img loading=\"lazy\" decoding=\"async\" class=\"alignright wp-image-8529\" src=\"https:\/\/agora.xtec.cat\/aulahospitalariagtp\/wp-content\/uploads\/usu1060\/2023\/06\/WhatsApp-Image-2023-06-09-at-13.54.49-300x169.jpeg\" alt=\"\" width=\"410\" height=\"231\" srcset=\"https:\/\/agora.xtec.cat\/aulahospitalariagtp\/wp-content\/uploads\/usu1060\/2023\/06\/WhatsApp-Image-2023-06-09-at-13.54.49-300x169.jpeg 300w, https:\/\/agora.xtec.cat\/aulahospitalariagtp\/wp-content\/uploads\/usu1060\/2023\/06\/WhatsApp-Image-2023-06-09-at-13.54.49-768x432.jpeg 768w, https:\/\/agora.xtec.cat\/aulahospitalariagtp\/wp-content\/uploads\/usu1060\/2023\/06\/WhatsApp-Image-2023-06-09-at-13.54.49.jpeg 1024w\" sizes=\"auto, (max-width: 410px) 100vw, 410px\" \/><\/a> Avui, dia 9 del 6 de 2023, els alumnes del \u00a0conservatori de Badalona han preparat un concert a l\u2019escola de l\u2019Hospital Germans Trias i<a href=\"https:\/\/vimeo.com\/835257143\/1d802e3476?share=copy\" target=\"_blank\" rel=\"noopener\"><img loading=\"lazy\" decoding=\"async\" class=\"wp-image-8530 alignright\" src=\"https:\/\/agora.xtec.cat\/aulahospitalariagtp\/wp-content\/uploads\/usu1060\/2023\/06\/WhatsApp-Image-2023-06-09-at-13.55.21-300x169.jpeg\" alt=\"\" width=\"413\" height=\"233\" srcset=\"https:\/\/agora.xtec.cat\/aulahospitalariagtp\/wp-content\/uploads\/usu1060\/2023\/06\/WhatsApp-Image-2023-06-09-at-13.55.21-300x169.jpeg 300w, https:\/\/agora.xtec.cat\/aulahospitalariagtp\/wp-content\/uploads\/usu1060\/2023\/06\/WhatsApp-Image-2023-06-09-at-13.55.21-768x432.jpeg 768w, https:\/\/agora.xtec.cat\/aulahospitalariagtp\/wp-content\/uploads\/usu1060\/2023\/06\/WhatsApp-Image-2023-06-09-at-13.55.21.jpeg 1024w\" sizes=\"auto, (max-width: 413px) 100vw, 413px\" \/><\/a> Pujol.<\/p>\n<p>Han portat dos violins, una viola, un teclat i dos bongos per tocar can\u00e7ons de Disney com , una de les can\u00e7ons del Rei Lle\u00f3 o &#8220;No se habla de Bruno&#8221;,Star Wars<\/p>\n<p>En Iago ha tocat la viola i la guitarra el\u00e8ctrica, la Marina ha tocat el viol\u00ed i ha cantat, en Pau ha tocat l\u2019altre viol\u00ed i ha cantat, l\u2019Alain ha tocat els bongos i la viola, la N\u00faria ha tocat el clarinet, l\u2019Alma ha tocat el clarinet i el profe Ricard (que \u00e9s el nostre professor de cor infantil) ha tocat el piano el\u00e8ctric.<\/p>\n<p>L\u00b4Hugo, la Laia i l&#8217;Eric han fet dibuixos per explicar com ha anat<\/p>\n<p><a href=\"https:\/\/agora.xtec.cat\/aulahospitalariagtp\/wp-content\/uploads\/usu1060\/2023\/06\/WhatsApp-Image-2023-06-09-at-13.57.29.jpeg\"><img loading=\"lazy\" decoding=\"async\" class=\" wp-image-8533 alignleft\" src=\"https:\/\/agora.xtec.cat\/aulahospitalariagtp\/wp-content\/uploads\/usu1060\/2023\/06\/WhatsApp-Image-2023-06-09-at-13.57.29-300x184.jpeg\" alt=\"\" width=\"398\" height=\"244\" srcset=\"https:\/\/agora.xtec.cat\/aulahospitalariagtp\/wp-content\/uploads\/usu1060\/2023\/06\/WhatsApp-Image-2023-06-09-at-13.57.29-300x184.jpeg 300w, https:\/\/agora.xtec.cat\/aulahospitalariagtp\/wp-content\/uploads\/usu1060\/2023\/06\/WhatsApp-Image-2023-06-09-at-13.57.29-768x471.jpeg 768w, https:\/\/agora.xtec.cat\/aulahospitalariagtp\/wp-content\/uploads\/usu1060\/2023\/06\/WhatsApp-Image-2023-06-09-at-13.57.29.jpeg 1023w\" sizes=\"auto, (max-width: 398px) 100vw, 398px\" \/><\/a><img loading=\"lazy\" decoding=\"async\" class=\"size-medium wp-image-8532 alignleft\" src=\"https:\/\/agora.xtec.cat\/aulahospitalariagtp\/wp-content\/uploads\/usu1060\/2023\/06\/WhatsApp-Image-2023-06-09-at-13.57.28-1-300x283.jpeg\" alt=\"\" width=\"300\" height=\"283\" srcset=\"https:\/\/agora.xtec.cat\/aulahospitalariagtp\/wp-content\/uploads\/usu1060\/2023\/06\/WhatsApp-Image-2023-06-09-at-13.57.28-1-300x283.jpeg 300w, https:\/\/agora.xtec.cat\/aulahospitalariagtp\/wp-content\/uploads\/usu1060\/2023\/06\/WhatsApp-Image-2023-06-09-at-13.57.28-1-768x725.jpeg 768w, https:\/\/agora.xtec.cat\/aulahospitalariagtp\/wp-content\/uploads\/usu1060\/2023\/06\/WhatsApp-Image-2023-06-09-at-13.57.28-1.jpeg 1024w\" sizes=\"auto, (max-width: 300px) 100vw, 300px\" \/><\/p>\n<p><a href=\"https:\/\/agora.xtec.cat\/aulahospitalariagtp\/wp-content\/uploads\/usu1060\/2023\/06\/WhatsApp-Image-2023-06-09-at-13.57.28.jpeg\"><img loading=\"lazy\" decoding=\"async\" class=\"size-medium wp-image-8531 alignleft\" src=\"https:\/\/agora.xtec.cat\/aulahospitalariagtp\/wp-content\/uploads\/usu1060\/2023\/06\/WhatsApp-Image-2023-06-09-at-13.57.28-300x224.jpeg\" alt=\"\" width=\"300\" height=\"224\" srcset=\"https:\/\/agora.xtec.cat\/aulahospitalariagtp\/wp-content\/uploads\/usu1060\/2023\/06\/WhatsApp-Image-2023-06-09-at-13.57.28-300x224.jpeg 300w, https:\/\/agora.xtec.cat\/aulahospitalariagtp\/wp-content\/uploads\/usu1060\/2023\/06\/WhatsApp-Image-2023-06-09-at-13.57.28-768x573.jpeg 768w, https:\/\/agora.xtec.cat\/aulahospitalariagtp\/wp-content\/uploads\/usu1060\/2023\/06\/WhatsApp-Image-2023-06-09-at-13.57.28-200x150.jpeg 200w, https:\/\/agora.xtec.cat\/aulahospitalariagtp\/wp-content\/uploads\/usu1060\/2023\/06\/WhatsApp-Image-2023-06-09-at-13.57.28.jpeg 1024w\" sizes=\"auto, (max-width: 300px) 100vw, 300px\" \/><\/a><\/p>\n<p>Creiem que \u00e9s una bona idea perqu\u00e8 \u00e9s divertit, molt bonic i fa que nosigui tan molest anar a l\u2019hospital.\u00a0 el mat\u00ed. A nosaltres ens ha agradat molt i ens agradaria que ho tornessin a fer.\u00a0 \u00a0 <strong><a href=\"https:\/\/vimeo.com\/835257143\/1d802e3476?share=copy\" target=\"_blank\" rel=\"noopener\">AQUI PODEU VEURE UN PETIT VIDEO AMB ALGUNS MOMENTS DE L&#8217;ACTUACI\u00d3<\/a><\/strong><\/p>\n<p>\u00c1lvaro i Eduardo Melo Albiol (10 anys).<\/p>\n","protected":false},"excerpt":{"rendered":"<p>Avui, dia 9 del 6 de 2023, els alumnes del \u00a0conservatori de Badalona han preparat un concert a l\u2019escola de l\u2019Hospital Germans Trias i Pujol. Han portat dos violins, una viola, un teclat i dos bongos per tocar can\u00e7ons de Disney com , una de les can\u00e7ons del Rei Lle\u00f3 o &#8220;No se habla de [&hellip;]<\/p>\n","protected":false},"author":1,"featured_media":8529,"comment_status":"open","ping_status":"closed","sticky":false,"template":"","format":"standard","meta":{"_bbp_topic_count":0,"_bbp_reply_count":0,"_bbp_total_topic_count":0,"_bbp_total_reply_count":0,"_bbp_voice_count":0,"_bbp_anonymous_reply_count":0,"_bbp_topic_count_hidden":0,"_bbp_reply_count_hidden":0,"_bbp_forum_subforum_count":0,"site-sidebar-layout":"default","site-content-layout":"","ast-site-content-layout":"default","site-content-style":"default","site-sidebar-style":"default","ast-global-header-display":"","ast-banner-title-visibility":"","ast-main-header-display":"","ast-hfb-above-header-display":"","ast-hfb-below-header-display":"","ast-hfb-mobile-header-display":"","site-post-title":"","ast-breadcrumbs-content":"","ast-featured-img":"","footer-sml-layout":"","theme-transparent-header-meta":"","adv-header-id-meta":"","stick-header-meta":"","header-above-stick-meta":"","header-main-stick-meta":"","header-below-stick-meta":"","astra-migrate-meta-layouts":"set","ast-page-background-enabled":"default","ast-page-background-meta":{"desktop":{"background-color":"var(--ast-global-color-4)","background-image":"","background-repeat":"repeat","background-position":"center center","background-size":"auto","background-attachment":"scroll","background-type":"","background-media":"","overlay-type":"","overlay-color":"","overlay-opacity":"","overlay-gradient":""},"tablet":{"background-color":"","background-image":"","background-repeat":"repeat","background-position":"center center","background-size":"auto","background-attachment":"scroll","background-type":"","background-media":"","overlay-type":"","overlay-color":"","overlay-opacity":"","overlay-gradient":""},"mobile":{"background-color":"","background-image":"","background-repeat":"repeat","background-position":"center center","background-size":"auto","background-attachment":"scroll","background-type":"","background-media":"","overlay-type":"","overlay-color":"","overlay-opacity":"","overlay-gradient":""}},"ast-content-background-meta":{"desktop":{"background-color":"var(--ast-global-color-5)","background-image":"","background-repeat":"repeat","background-position":"center center","background-size":"auto","background-attachment":"scroll","background-type":"","background-media":"","overlay-type":"","overlay-color":"","overlay-opacity":"","overlay-gradient":""},"tablet":{"background-color":"var(--ast-global-color-5)","background-image":"","background-repeat":"repeat","background-position":"center center","background-size":"auto","background-attachment":"scroll","background-type":"","background-media":"","overlay-type":"","overlay-color":"","overlay-opacity":"","overlay-gradient":""},"mobile":{"background-color":"var(--ast-global-color-5)","background-image":"","background-repeat":"repeat","background-position":"center center","background-size":"auto","background-attachment":"scroll","background-type":"","background-media":"","overlay-type":"","overlay-color":"","overlay-opacity":"","overlay-gradient":""}},"footnotes":""},"categories":[92,161,94,1,146],"tags":[],"class_list":["post-8525","post","type-post","status-publish","format-standard","has-post-thumbnail","hentry","category-activitats-obertes","category-curs-22-23","category-ens-visiten","category-general","category-portada"],"post_mailing_queue_ids":[],"_links":{"self":[{"href":"https:\/\/agora.xtec.cat\/aulahospitalariagtp\/wp-json\/wp\/v2\/posts\/8525","targetHints":{"allow":["GET"]}}],"collection":[{"href":"https:\/\/agora.xtec.cat\/aulahospitalariagtp\/wp-json\/wp\/v2\/posts"}],"about":[{"href":"https:\/\/agora.xtec.cat\/aulahospitalariagtp\/wp-json\/wp\/v2\/types\/post"}],"author":[{"embeddable":true,"href":"https:\/\/agora.xtec.cat\/aulahospitalariagtp\/wp-json\/wp\/v2\/users\/1"}],"replies":[{"embeddable":true,"href":"https:\/\/agora.xtec.cat\/aulahospitalariagtp\/wp-json\/wp\/v2\/comments?post=8525"}],"version-history":[{"count":4,"href":"https:\/\/agora.xtec.cat\/aulahospitalariagtp\/wp-json\/wp\/v2\/posts\/8525\/revisions"}],"predecessor-version":[{"id":9545,"href":"https:\/\/agora.xtec.cat\/aulahospitalariagtp\/wp-json\/wp\/v2\/posts\/8525\/revisions\/9545"}],"wp:featuredmedia":[{"embeddable":true,"href":"https:\/\/agora.xtec.cat\/aulahospitalariagtp\/wp-json\/wp\/v2\/media\/8529"}],"wp:attachment":[{"href":"https:\/\/agora.xtec.cat\/aulahospitalariagtp\/wp-json\/wp\/v2\/media?parent=8525"}],"wp:term":[{"taxonomy":"category","embeddable":true,"href":"https:\/\/agora.xtec.cat\/aulahospitalariagtp\/wp-json\/wp\/v2\/categories?post=8525"},{"taxonomy":"post_tag","embeddable":true,"href":"https:\/\/agora.xtec.cat\/aulahospitalariagtp\/wp-json\/wp\/v2\/tags?post=8525"}],"curies":[{"name":"wp","href":"https:\/\/api.w.org\/{rel}","templated":true}]}}