{"id":8417,"date":"2023-03-09T21:56:42","date_gmt":"2023-03-09T20:56:42","guid":{"rendered":"https:\/\/agora.xtec.cat\/aulahospitalariagtp\/?p=8417"},"modified":"2025-05-21T15:56:49","modified_gmt":"2025-05-21T13:56:49","slug":"vella-quaresma-2","status":"publish","type":"post","link":"https:\/\/agora.xtec.cat\/aulahospitalariagtp\/tematics\/quaresma\/vella-quaresma-2\/","title":{"rendered":"Vella Quaresma"},"content":{"rendered":"<p><a href=\"https:\/\/agora.xtec.cat\/aulahospitalariagtp\/wp-content\/uploads\/usu1060\/2023\/03\/VELLA_QUARESMA_PINTADA-removebg-preview.png\"><img loading=\"lazy\" decoding=\"async\" class=\" wp-image-8419 alignleft\" src=\"https:\/\/agora.xtec.cat\/aulahospitalariagtp\/wp-content\/uploads\/usu1060\/2023\/03\/VELLA_QUARESMA_PINTADA-removebg-preview-258x300.png\" alt=\"\" width=\"422\" height=\"491\" srcset=\"https:\/\/agora.xtec.cat\/aulahospitalariagtp\/wp-content\/uploads\/usu1060\/2023\/03\/VELLA_QUARESMA_PINTADA-removebg-preview-258x300.png 258w, https:\/\/agora.xtec.cat\/aulahospitalariagtp\/wp-content\/uploads\/usu1060\/2023\/03\/VELLA_QUARESMA_PINTADA-removebg-preview.png 333w\" sizes=\"auto, (max-width: 422px) 100vw, 422px\" \/><\/a><\/p>\n<p>Ja ha arribat la Vella Quaresma!<br \/>\nA l&#8217;escola de l&#8217;hospital n&#8217;hem dibuixat una for\u00e7a original. Aquest curs com que continuem amb la comunicaci\u00f3 hem decidit que les cames siguin diferents emoticons. Us agrada?<br \/>\nPER\u00d2\u2026\u00a0<strong>SABEU QUI ES LA VELLA QUARESMA<\/strong>?<br \/>\nLa Vella Quaresma \u00e9s una dona peculiar que te la cara plena d\u2019arrugues (a lanostra no se li noten massa!) i \u00e9s dels pa\u00efsos catalans.<br \/>\nQuan s&#8217;acaba el CARNAVAL comencen el 40 dies o les 7 setmanes de prohibicions que estan representades pel personatge de la vella Quaresma.<br \/>\n<strong>\u00c9s com un calendari.<\/strong> Cada divendres se li treu una cama fins que al final arriba la Setmana Santa.<\/p>\n<p>Si la voleu tenir i acolorir us la podeu descarregar seguint aquest <a href=\"https:\/\/drive.google.com\/file\/d\/1MxZL-uEoR0bV3bj8Jb3IghsjwQPvD_2C\/view?usp=share_link\">enlla\u00e7\u00a0 PINTA LA VELLA QUARESMA<\/a><\/p>\n","protected":false},"excerpt":{"rendered":"<p>Ja ha arribat la Vella Quaresma! A l&#8217;escola de l&#8217;hospital n&#8217;hem dibuixat una for\u00e7a original. Aquest curs com que continuem amb la comunicaci\u00f3 hem decidit que les cames siguin diferents emoticons. Us agrada? PER\u00d2\u2026\u00a0SABEU QUI ES LA VELLA QUARESMA? La Vella Quaresma \u00e9s una dona peculiar que te la cara plena d\u2019arrugues (a lanostra no [&hellip;]<\/p>\n","protected":false},"author":1,"featured_media":8419,"comment_status":"open","ping_status":"closed","sticky":false,"template":"","format":"standard","meta":{"_bbp_topic_count":0,"_bbp_reply_count":0,"_bbp_total_topic_count":0,"_bbp_total_reply_count":0,"_bbp_voice_count":0,"_bbp_anonymous_reply_count":0,"_bbp_topic_count_hidden":0,"_bbp_reply_count_hidden":0,"_bbp_forum_subforum_count":0,"site-sidebar-layout":"default","site-content-layout":"","ast-site-content-layout":"default","site-content-style":"default","site-sidebar-style":"default","ast-global-header-display":"","ast-banner-title-visibility":"","ast-main-header-display":"","ast-hfb-above-header-display":"","ast-hfb-below-header-display":"","ast-hfb-mobile-header-display":"","site-post-title":"","ast-breadcrumbs-content":"","ast-featured-img":"","footer-sml-layout":"","theme-transparent-header-meta":"","adv-header-id-meta":"","stick-header-meta":"","header-above-stick-meta":"","header-main-stick-meta":"","header-below-stick-meta":"","astra-migrate-meta-layouts":"set","ast-page-background-enabled":"default","ast-page-background-meta":{"desktop":{"background-color":"var(--ast-global-color-4)","background-image":"","background-repeat":"repeat","background-position":"center center","background-size":"auto","background-attachment":"scroll","background-type":"","background-media":"","overlay-type":"","overlay-color":"","overlay-opacity":"","overlay-gradient":""},"tablet":{"background-color":"","background-image":"","background-repeat":"repeat","background-position":"center center","background-size":"auto","background-attachment":"scroll","background-type":"","background-media":"","overlay-type":"","overlay-color":"","overlay-opacity":"","overlay-gradient":""},"mobile":{"background-color":"","background-image":"","background-repeat":"repeat","background-position":"center center","background-size":"auto","background-attachment":"scroll","background-type":"","background-media":"","overlay-type":"","overlay-color":"","overlay-opacity":"","overlay-gradient":""}},"ast-content-background-meta":{"desktop":{"background-color":"var(--ast-global-color-5)","background-image":"","background-repeat":"repeat","background-position":"center center","background-size":"auto","background-attachment":"scroll","background-type":"","background-media":"","overlay-type":"","overlay-color":"","overlay-opacity":"","overlay-gradient":""},"tablet":{"background-color":"var(--ast-global-color-5)","background-image":"","background-repeat":"repeat","background-position":"center center","background-size":"auto","background-attachment":"scroll","background-type":"","background-media":"","overlay-type":"","overlay-color":"","overlay-opacity":"","overlay-gradient":""},"mobile":{"background-color":"var(--ast-global-color-5)","background-image":"","background-repeat":"repeat","background-position":"center center","background-size":"auto","background-attachment":"scroll","background-type":"","background-media":"","overlay-type":"","overlay-color":"","overlay-opacity":"","overlay-gradient":""}},"footnotes":""},"categories":[161,160,95,146,46,69],"tags":[],"class_list":["post-8417","post","type-post","status-publish","format-standard","has-post-thumbnail","hentry","category-curs-22-23","category-la-comunicacio","category-murals","category-portada","category-quaresma","category-treballs-a-laula"],"post_mailing_queue_ids":[],"_links":{"self":[{"href":"https:\/\/agora.xtec.cat\/aulahospitalariagtp\/wp-json\/wp\/v2\/posts\/8417","targetHints":{"allow":["GET"]}}],"collection":[{"href":"https:\/\/agora.xtec.cat\/aulahospitalariagtp\/wp-json\/wp\/v2\/posts"}],"about":[{"href":"https:\/\/agora.xtec.cat\/aulahospitalariagtp\/wp-json\/wp\/v2\/types\/post"}],"author":[{"embeddable":true,"href":"https:\/\/agora.xtec.cat\/aulahospitalariagtp\/wp-json\/wp\/v2\/users\/1"}],"replies":[{"embeddable":true,"href":"https:\/\/agora.xtec.cat\/aulahospitalariagtp\/wp-json\/wp\/v2\/comments?post=8417"}],"version-history":[{"count":4,"href":"https:\/\/agora.xtec.cat\/aulahospitalariagtp\/wp-json\/wp\/v2\/posts\/8417\/revisions"}],"predecessor-version":[{"id":9554,"href":"https:\/\/agora.xtec.cat\/aulahospitalariagtp\/wp-json\/wp\/v2\/posts\/8417\/revisions\/9554"}],"wp:featuredmedia":[{"embeddable":true,"href":"https:\/\/agora.xtec.cat\/aulahospitalariagtp\/wp-json\/wp\/v2\/media\/8419"}],"wp:attachment":[{"href":"https:\/\/agora.xtec.cat\/aulahospitalariagtp\/wp-json\/wp\/v2\/media?parent=8417"}],"wp:term":[{"taxonomy":"category","embeddable":true,"href":"https:\/\/agora.xtec.cat\/aulahospitalariagtp\/wp-json\/wp\/v2\/categories?post=8417"},{"taxonomy":"post_tag","embeddable":true,"href":"https:\/\/agora.xtec.cat\/aulahospitalariagtp\/wp-json\/wp\/v2\/tags?post=8417"}],"curies":[{"name":"wp","href":"https:\/\/api.w.org\/{rel}","templated":true}]}}