{"id":8397,"date":"2023-03-08T14:44:42","date_gmt":"2023-03-08T13:44:42","guid":{"rendered":"https:\/\/agora.xtec.cat\/aulahospitalariagtp\/?p=8397"},"modified":"2025-05-21T15:57:40","modified_gmt":"2025-05-21T13:57:40","slug":"8-m-dia-de-la-dona","status":"publish","type":"post","link":"https:\/\/agora.xtec.cat\/aulahospitalariagtp\/general\/8-m-dia-de-la-dona\/","title":{"rendered":"8M Dia de la dona"},"content":{"rendered":"<p><a href=\"https:\/\/agora.xtec.cat\/aulahospitalariagtp\/wp-content\/uploads\/usu1060\/2023\/03\/mural-8-M.jpg\"><img loading=\"lazy\" decoding=\"async\" class=\" wp-image-8402 alignleft\" src=\"https:\/\/agora.xtec.cat\/aulahospitalariagtp\/wp-content\/uploads\/usu1060\/2023\/03\/mural-8-M-300x144.jpg\" alt=\"\" width=\"759\" height=\"364\" srcset=\"https:\/\/agora.xtec.cat\/aulahospitalariagtp\/wp-content\/uploads\/usu1060\/2023\/03\/mural-8-M-300x144.jpg 300w, https:\/\/agora.xtec.cat\/aulahospitalariagtp\/wp-content\/uploads\/usu1060\/2023\/03\/mural-8-M-768x368.jpg 768w, https:\/\/agora.xtec.cat\/aulahospitalariagtp\/wp-content\/uploads\/usu1060\/2023\/03\/mural-8-M.jpg 991w\" sizes=\"auto, (max-width: 759px) 100vw, 759px\" \/><\/a>Avui a l&#8217;escola de l&#8217;hospital tamb\u00e9 \u00e9s 8 de mar\u00e7 i celebrem el dia de la dona. Hem buscat frases relac\u00econades amb el tema i les que m\u00e9s ens han agradat les hem escrit per fer un mural.\u00a0 Us deixem unes quantes frases perqu\u00e8 li feu una ullada:\u00a0 \u00a0 \u00a0 \u00a0<a href=\"https:\/\/www.elperiodico.cat\/ca\/societat\/20230308\/frases-imatges-feministes-dia-de-la-dona-2020-7338721\">FRASES\u00a0 <\/a>\u00a0 \u00a0 \u00a0 \u00a0Judit M (9a)<\/p>\n<p><a href=\"https:\/\/agora.xtec.cat\/aulahospitalariagtp\/wp-content\/uploads\/usu1060\/2023\/03\/WhatsApp-Image-2023-03-08-at-14.14.36-2.jpeg\"><img loading=\"lazy\" decoding=\"async\" class=\"wp-image-8403 alignleft\" src=\"https:\/\/agora.xtec.cat\/aulahospitalariagtp\/wp-content\/uploads\/usu1060\/2023\/03\/WhatsApp-Image-2023-03-08-at-14.14.36-2-300x225.jpeg\" alt=\"\" width=\"235\" height=\"176\" srcset=\"https:\/\/agora.xtec.cat\/aulahospitalariagtp\/wp-content\/uploads\/usu1060\/2023\/03\/WhatsApp-Image-2023-03-08-at-14.14.36-2-300x225.jpeg 300w, https:\/\/agora.xtec.cat\/aulahospitalariagtp\/wp-content\/uploads\/usu1060\/2023\/03\/WhatsApp-Image-2023-03-08-at-14.14.36-2-1024x768.jpeg 1024w, https:\/\/agora.xtec.cat\/aulahospitalariagtp\/wp-content\/uploads\/usu1060\/2023\/03\/WhatsApp-Image-2023-03-08-at-14.14.36-2-768x576.jpeg 768w, https:\/\/agora.xtec.cat\/aulahospitalariagtp\/wp-content\/uploads\/usu1060\/2023\/03\/WhatsApp-Image-2023-03-08-at-14.14.36-2-1536x1152.jpeg 1536w, https:\/\/agora.xtec.cat\/aulahospitalariagtp\/wp-content\/uploads\/usu1060\/2023\/03\/WhatsApp-Image-2023-03-08-at-14.14.36-2-200x150.jpeg 200w, https:\/\/agora.xtec.cat\/aulahospitalariagtp\/wp-content\/uploads\/usu1060\/2023\/03\/WhatsApp-Image-2023-03-08-at-14.14.36-2.jpeg 1600w\" sizes=\"auto, (max-width: 235px) 100vw, 235px\" \/><\/a><a href=\"https:\/\/agora.xtec.cat\/aulahospitalariagtp\/wp-content\/uploads\/usu1060\/2023\/03\/WhatsApp-Image-2023-03-08-at-14.18.50.jpeg\"><img loading=\"lazy\" decoding=\"async\" class=\" wp-image-8404 alignleft\" src=\"https:\/\/agora.xtec.cat\/aulahospitalariagtp\/wp-content\/uploads\/usu1060\/2023\/03\/WhatsApp-Image-2023-03-08-at-14.18.50-300x225.jpeg\" alt=\"\" width=\"235\" height=\"176\" srcset=\"https:\/\/agora.xtec.cat\/aulahospitalariagtp\/wp-content\/uploads\/usu1060\/2023\/03\/WhatsApp-Image-2023-03-08-at-14.18.50-300x225.jpeg 300w, https:\/\/agora.xtec.cat\/aulahospitalariagtp\/wp-content\/uploads\/usu1060\/2023\/03\/WhatsApp-Image-2023-03-08-at-14.18.50-768x576.jpeg 768w, https:\/\/agora.xtec.cat\/aulahospitalariagtp\/wp-content\/uploads\/usu1060\/2023\/03\/WhatsApp-Image-2023-03-08-at-14.18.50-200x150.jpeg 200w, https:\/\/agora.xtec.cat\/aulahospitalariagtp\/wp-content\/uploads\/usu1060\/2023\/03\/WhatsApp-Image-2023-03-08-at-14.18.50.jpeg 1024w\" sizes=\"auto, (max-width: 235px) 100vw, 235px\" \/><\/a><\/p>\n<p><a href=\"https:\/\/agora.xtec.cat\/aulahospitalariagtp\/wp-content\/uploads\/usu1060\/2023\/03\/WhatsApp-Image-2023-03-08-at-14.14.33.jpeg\"><img loading=\"lazy\" decoding=\"async\" class=\"wp-image-8406 alignleft\" src=\"https:\/\/agora.xtec.cat\/aulahospitalariagtp\/wp-content\/uploads\/usu1060\/2023\/03\/WhatsApp-Image-2023-03-08-at-14.14.33-300x225.jpeg\" alt=\"\" width=\"239\" height=\"179\" srcset=\"https:\/\/agora.xtec.cat\/aulahospitalariagtp\/wp-content\/uploads\/usu1060\/2023\/03\/WhatsApp-Image-2023-03-08-at-14.14.33-300x225.jpeg 300w, https:\/\/agora.xtec.cat\/aulahospitalariagtp\/wp-content\/uploads\/usu1060\/2023\/03\/WhatsApp-Image-2023-03-08-at-14.14.33-1024x768.jpeg 1024w, https:\/\/agora.xtec.cat\/aulahospitalariagtp\/wp-content\/uploads\/usu1060\/2023\/03\/WhatsApp-Image-2023-03-08-at-14.14.33-768x576.jpeg 768w, https:\/\/agora.xtec.cat\/aulahospitalariagtp\/wp-content\/uploads\/usu1060\/2023\/03\/WhatsApp-Image-2023-03-08-at-14.14.33-1536x1152.jpeg 1536w, https:\/\/agora.xtec.cat\/aulahospitalariagtp\/wp-content\/uploads\/usu1060\/2023\/03\/WhatsApp-Image-2023-03-08-at-14.14.33-200x150.jpeg 200w, https:\/\/agora.xtec.cat\/aulahospitalariagtp\/wp-content\/uploads\/usu1060\/2023\/03\/WhatsApp-Image-2023-03-08-at-14.14.33.jpeg 1600w\" sizes=\"auto, (max-width: 239px) 100vw, 239px\" \/><\/a><\/p>\n<p><a href=\"https:\/\/agora.xtec.cat\/aulahospitalariagtp\/wp-content\/uploads\/usu1060\/2023\/03\/WhatsApp-Image-2023-03-08-at-14.14.37-1.jpeg\"><img loading=\"lazy\" decoding=\"async\" class=\"wp-image-8405 alignnone\" src=\"https:\/\/agora.xtec.cat\/aulahospitalariagtp\/wp-content\/uploads\/usu1060\/2023\/03\/WhatsApp-Image-2023-03-08-at-14.14.37-1-300x225.jpeg\" alt=\"\" width=\"249\" height=\"186\" srcset=\"https:\/\/agora.xtec.cat\/aulahospitalariagtp\/wp-content\/uploads\/usu1060\/2023\/03\/WhatsApp-Image-2023-03-08-at-14.14.37-1-300x225.jpeg 300w, https:\/\/agora.xtec.cat\/aulahospitalariagtp\/wp-content\/uploads\/usu1060\/2023\/03\/WhatsApp-Image-2023-03-08-at-14.14.37-1-1024x768.jpeg 1024w, https:\/\/agora.xtec.cat\/aulahospitalariagtp\/wp-content\/uploads\/usu1060\/2023\/03\/WhatsApp-Image-2023-03-08-at-14.14.37-1-768x576.jpeg 768w, https:\/\/agora.xtec.cat\/aulahospitalariagtp\/wp-content\/uploads\/usu1060\/2023\/03\/WhatsApp-Image-2023-03-08-at-14.14.37-1-1536x1152.jpeg 1536w, https:\/\/agora.xtec.cat\/aulahospitalariagtp\/wp-content\/uploads\/usu1060\/2023\/03\/WhatsApp-Image-2023-03-08-at-14.14.37-1-200x150.jpeg 200w, https:\/\/agora.xtec.cat\/aulahospitalariagtp\/wp-content\/uploads\/usu1060\/2023\/03\/WhatsApp-Image-2023-03-08-at-14.14.37-1.jpeg 1600w\" sizes=\"auto, (max-width: 249px) 100vw, 249px\" \/><\/a><\/p>\n<p>Aqui us adjuntem un link, per qu\u00e8 feu una ullada a com estavem les dones al 2020:<\/p>\n<p><a href=\"https:\/\/drive.google.com\/file\/d\/125WdOfbFJiapirIZ4sSHSy3Rkyalw_ta\/view?usp=share_link\">Les Dones a Catalunya 2020. Dades elaborades per l&#8217;Observatori de la Igualtat de G\u00e8nere<\/a><\/p>\n<p>Com podeu veure les coses no han canviat massa. No pot ser que al segle XXI, la situaci\u00f3 segueixi aix\u00ed, amb tants cassos de morts, de maltracte, de violaci\u00f3&#8230;<\/p>\n<p>Aqui us recordem amb aquesta infografia que vam fer un altre any frases de dones importants.<\/p>\n<p>Noelia P. (17a)<\/p>\n<p>Feu m\u00e9s gran la infografia<\/p>\n<div class=\"container-wrapper-genially\" style=\"position: relative; min-height: 200px; max-width: 45%;\">\n<p><video class=\"loader-genially\" style=\"position: absolute; top: 45%; left: 50%; transform: translate(-50%, -50%); width: 80px; height: 80px; margin-bottom: 10%;\" autoplay=\"autoplay\" loop=\"loop\" muted=\"muted\" width=\"300\" height=\"150\"><source src=\"https:\/\/static.genial.ly\/resources\/panel-loader-low.mp4\" type=\"video\/mp4\" \/>Your browser does not support the video tag.<\/video><\/p>\n<div id=\"60467035ff2ab30da00dd1ba\" class=\"genially-embed\" style=\"margin: 0px auto; position: relative; height: auto; width: 100%;\"><\/div>\n<\/div>\n<p><script>(function (d) { var js, id = \"genially-embed-js\", ref = d.getElementsByTagName(\"script\")[0]; if (d.getElementById(id)) { return; } js = d.createElement(\"script\"); js.id = id; js.async = true; js.src = \"https:\/\/view.genial.ly\/static\/embed\/embed.js\"; ref.parentNode.insertBefore(js, ref); }(document));<\/script><\/p>\n","protected":false},"excerpt":{"rendered":"<p>Avui a l&#8217;escola de l&#8217;hospital tamb\u00e9 \u00e9s 8 de mar\u00e7 i celebrem el dia de la dona. Hem buscat frases relac\u00econades amb el tema i les que m\u00e9s ens han agradat les hem escrit per fer un mural.\u00a0 Us deixem unes quantes frases perqu\u00e8 li feu una ullada:\u00a0 \u00a0 \u00a0 \u00a0FRASES\u00a0 \u00a0 \u00a0 \u00a0 \u00a0Judit [&hellip;]<\/p>\n","protected":false},"author":1,"featured_media":8402,"comment_status":"open","ping_status":"closed","sticky":false,"template":"","format":"standard","meta":{"_bbp_topic_count":0,"_bbp_reply_count":0,"_bbp_total_topic_count":0,"_bbp_total_reply_count":0,"_bbp_voice_count":0,"_bbp_anonymous_reply_count":0,"_bbp_topic_count_hidden":0,"_bbp_reply_count_hidden":0,"_bbp_forum_subforum_count":0,"site-sidebar-layout":"default","site-content-layout":"","ast-site-content-layout":"default","site-content-style":"default","site-sidebar-style":"default","ast-global-header-display":"","ast-banner-title-visibility":"","ast-main-header-display":"","ast-hfb-above-header-display":"","ast-hfb-below-header-display":"","ast-hfb-mobile-header-display":"","site-post-title":"","ast-breadcrumbs-content":"","ast-featured-img":"","footer-sml-layout":"","theme-transparent-header-meta":"","adv-header-id-meta":"","stick-header-meta":"","header-above-stick-meta":"","header-main-stick-meta":"","header-below-stick-meta":"","astra-migrate-meta-layouts":"set","ast-page-background-enabled":"default","ast-page-background-meta":{"desktop":{"background-color":"var(--ast-global-color-4)","background-image":"","background-repeat":"repeat","background-position":"center center","background-size":"auto","background-attachment":"scroll","background-type":"","background-media":"","overlay-type":"","overlay-color":"","overlay-opacity":"","overlay-gradient":""},"tablet":{"background-color":"","background-image":"","background-repeat":"repeat","background-position":"center center","background-size":"auto","background-attachment":"scroll","background-type":"","background-media":"","overlay-type":"","overlay-color":"","overlay-opacity":"","overlay-gradient":""},"mobile":{"background-color":"","background-image":"","background-repeat":"repeat","background-position":"center center","background-size":"auto","background-attachment":"scroll","background-type":"","background-media":"","overlay-type":"","overlay-color":"","overlay-opacity":"","overlay-gradient":""}},"ast-content-background-meta":{"desktop":{"background-color":"var(--ast-global-color-5)","background-image":"","background-repeat":"repeat","background-position":"center center","background-size":"auto","background-attachment":"scroll","background-type":"","background-media":"","overlay-type":"","overlay-color":"","overlay-opacity":"","overlay-gradient":""},"tablet":{"background-color":"var(--ast-global-color-5)","background-image":"","background-repeat":"repeat","background-position":"center center","background-size":"auto","background-attachment":"scroll","background-type":"","background-media":"","overlay-type":"","overlay-color":"","overlay-opacity":"","overlay-gradient":""},"mobile":{"background-color":"var(--ast-global-color-5)","background-image":"","background-repeat":"repeat","background-position":"center center","background-size":"auto","background-attachment":"scroll","background-type":"","background-media":"","overlay-type":"","overlay-color":"","overlay-opacity":"","overlay-gradient":""}},"footnotes":""},"categories":[161,154,1,146,69],"tags":[],"class_list":["post-8397","post","type-post","status-publish","format-standard","has-post-thumbnail","hentry","category-curs-22-23","category-dia-de-la-dona","category-general","category-portada","category-treballs-a-laula"],"post_mailing_queue_ids":[],"_links":{"self":[{"href":"https:\/\/agora.xtec.cat\/aulahospitalariagtp\/wp-json\/wp\/v2\/posts\/8397","targetHints":{"allow":["GET"]}}],"collection":[{"href":"https:\/\/agora.xtec.cat\/aulahospitalariagtp\/wp-json\/wp\/v2\/posts"}],"about":[{"href":"https:\/\/agora.xtec.cat\/aulahospitalariagtp\/wp-json\/wp\/v2\/types\/post"}],"author":[{"embeddable":true,"href":"https:\/\/agora.xtec.cat\/aulahospitalariagtp\/wp-json\/wp\/v2\/users\/1"}],"replies":[{"embeddable":true,"href":"https:\/\/agora.xtec.cat\/aulahospitalariagtp\/wp-json\/wp\/v2\/comments?post=8397"}],"version-history":[{"count":4,"href":"https:\/\/agora.xtec.cat\/aulahospitalariagtp\/wp-json\/wp\/v2\/posts\/8397\/revisions"}],"predecessor-version":[{"id":9555,"href":"https:\/\/agora.xtec.cat\/aulahospitalariagtp\/wp-json\/wp\/v2\/posts\/8397\/revisions\/9555"}],"wp:featuredmedia":[{"embeddable":true,"href":"https:\/\/agora.xtec.cat\/aulahospitalariagtp\/wp-json\/wp\/v2\/media\/8402"}],"wp:attachment":[{"href":"https:\/\/agora.xtec.cat\/aulahospitalariagtp\/wp-json\/wp\/v2\/media?parent=8397"}],"wp:term":[{"taxonomy":"category","embeddable":true,"href":"https:\/\/agora.xtec.cat\/aulahospitalariagtp\/wp-json\/wp\/v2\/categories?post=8397"},{"taxonomy":"post_tag","embeddable":true,"href":"https:\/\/agora.xtec.cat\/aulahospitalariagtp\/wp-json\/wp\/v2\/tags?post=8397"}],"curies":[{"name":"wp","href":"https:\/\/api.w.org\/{rel}","templated":true}]}}