{"id":8295,"date":"2023-01-13T09:47:32","date_gmt":"2023-01-13T08:47:32","guid":{"rendered":"https:\/\/agora.xtec.cat\/aulahospitalariagtp\/?p=8295"},"modified":"2025-05-21T16:02:09","modified_gmt":"2025-05-21T14:02:09","slug":"el-nadal-a-lhospital","status":"publish","type":"post","link":"https:\/\/agora.xtec.cat\/aulahospitalariagtp\/tematics\/nadal\/el-nadal-a-lhospital\/","title":{"rendered":"El NADAL A L&#8217;HOSPITAL !"},"content":{"rendered":"<p><a href=\"https:\/\/agora.xtec.cat\/aulahospitalariagtp\/wp-content\/uploads\/usu1060\/2023\/01\/IMG_2802-1-scaled.jpeg\"><img loading=\"lazy\" decoding=\"async\" class=\" wp-image-8327 alignleft\" src=\"https:\/\/agora.xtec.cat\/aulahospitalariagtp\/wp-content\/uploads\/usu1060\/2023\/01\/IMG_2802-1-300x200.jpeg\" alt=\"\" width=\"261\" height=\"174\" srcset=\"https:\/\/agora.xtec.cat\/aulahospitalariagtp\/wp-content\/uploads\/usu1060\/2023\/01\/IMG_2802-1-300x200.jpeg 300w, https:\/\/agora.xtec.cat\/aulahospitalariagtp\/wp-content\/uploads\/usu1060\/2023\/01\/IMG_2802-1-1024x683.jpeg 1024w, https:\/\/agora.xtec.cat\/aulahospitalariagtp\/wp-content\/uploads\/usu1060\/2023\/01\/IMG_2802-1-768x512.jpeg 768w, https:\/\/agora.xtec.cat\/aulahospitalariagtp\/wp-content\/uploads\/usu1060\/2023\/01\/IMG_2802-1-1536x1024.jpeg 1536w, https:\/\/agora.xtec.cat\/aulahospitalariagtp\/wp-content\/uploads\/usu1060\/2023\/01\/IMG_2802-1-2048x1365.jpeg 2048w\" sizes=\"auto, (max-width: 261px) 100vw, 261px\" \/><\/a> El d\u00eda 5 de gener van pasar els Reis Mags per l&#8217;hospital. Em va fer molta il.lusi\u00f3 perqu\u00e8 no m&#8217;ho esperava!. Em van regalar: Un tractor controlable, un puzle de 500 peces i un parxis\/oca. Em van agradar molt els regals i la visita.\u00a0 Tamb\u00e9 em van portar un dels meus dinosauris preferits que es diu Piyoraptor que fa llums i sons, shusi go,taco, gato, <a href=\"https:\/\/agora.xtec.cat\/aulahospitalariagtp\/wp-content\/uploads\/usu1060\/2023\/01\/IMG_4218-removebg-preview.png\"><img loading=\"lazy\" decoding=\"async\" class=\"wp-image-8326 alignleft\" src=\"https:\/\/agora.xtec.cat\/aulahospitalariagtp\/wp-content\/uploads\/usu1060\/2023\/01\/IMG_4218-removebg-preview-300x169.png\" alt=\"\" width=\"186\" height=\"105\" srcset=\"https:\/\/agora.xtec.cat\/aulahospitalariagtp\/wp-content\/uploads\/usu1060\/2023\/01\/IMG_4218-removebg-preview-300x169.png 300w, https:\/\/agora.xtec.cat\/aulahospitalariagtp\/wp-content\/uploads\/usu1060\/2023\/01\/IMG_4218-removebg-preview.png 444w\" sizes=\"auto, (max-width: 186px) 100vw, 186px\" \/><\/a>cabra, queso pizza. Va ser un dia Fant\u00e0stic!\u00a0 Victor R. (10 anys)<\/p>\n<p><span style=\"font-weight: 400;\">No us ho imagineu per\u00f2 jo he hagut de passar el Nadal a l\u2019hospital. He estat ingressat a la UCI per\u00f2 em van vindre a visitar els jugadors del Bar\u00e7a ( el Ferran Torres i en Kound\u00e9 . Va ser fantastic. Em van regalar unes targetes signades, una ampolla del bar\u00e7a, un barret i una llibreta. Ells eren molt simpatics.\u00a0 Jo vaig al.lucinar!\u00a0 <\/span><span style=\"font-weight: 400;\">Ara fa 4 dies que m\u2019han pujat a planta i tamb\u00e9 he tingut una altra sorpresa: Em van visitar els Reis Mags de l\u2019Orient. Tamb\u00e9 em van fer un regal. Jo no els havia vist mai tan a prop i s\u00f3n molt elegants.\u00a0 A mi em va tocar el del cabell blanc, que \u00e9s el Melcior.\u00a0 \u00a0<\/span><span style=\"font-weight: 400;\">A ning\u00fa li agrada estar malalt per\u00f2 si et passa com a mi, millor que sigui per Nadal!.<\/span><\/p>\n<p><span style=\"font-weight: 400;\">Hamadi S. (12 anys).\u00a0 \u00a0 \u00a0 \u00a0 \u00a0 \u00a0 \u00a0 \u00a0 \u00a0 \u00a0 \u00a0 \u00a0 \u00a0 \u00a0 \u00a0 \u00a0 \u00a0 \u00a0 \u00a0 \u00a0 \u00a0 \u00a0 \u00a0 \u00a0 \u00a0 \u00a0 \u00a0 \u00a0 \u00a0 \u00a0 \u00a0 \u00a0 \u00a0 \u00a0\u00a0<\/span><\/p>\n<p><a href=\"https:\/\/agora.xtec.cat\/aulahospitalariagtp\/wp-content\/uploads\/usu1060\/2023\/01\/nena1.jpg\"><img loading=\"lazy\" decoding=\"async\" class=\" wp-image-8301 alignleft\" src=\"https:\/\/agora.xtec.cat\/aulahospitalariagtp\/wp-content\/uploads\/usu1060\/2023\/01\/nena1-300x296.jpg\" alt=\"\" width=\"228\" height=\"225\" srcset=\"https:\/\/agora.xtec.cat\/aulahospitalariagtp\/wp-content\/uploads\/usu1060\/2023\/01\/nena1-300x296.jpg 300w, https:\/\/agora.xtec.cat\/aulahospitalariagtp\/wp-content\/uploads\/usu1060\/2023\/01\/nena1-1024x1009.jpg 1024w, https:\/\/agora.xtec.cat\/aulahospitalariagtp\/wp-content\/uploads\/usu1060\/2023\/01\/nena1-768x757.jpg 768w, https:\/\/agora.xtec.cat\/aulahospitalariagtp\/wp-content\/uploads\/usu1060\/2023\/01\/nena1.jpg 1081w\" sizes=\"auto, (max-width: 228px) 100vw, 228px\" \/><\/a><a href=\"https:\/\/agora.xtec.cat\/aulahospitalariagtp\/wp-content\/uploads\/usu1060\/2023\/01\/WhatsApp-Image-2023-01-10-at-13.15.40.jpeg\"><img loading=\"lazy\" decoding=\"async\" class=\" wp-image-8309 alignnone\" src=\"https:\/\/agora.xtec.cat\/aulahospitalariagtp\/wp-content\/uploads\/usu1060\/2023\/01\/WhatsApp-Image-2023-01-10-at-13.15.40-300x211.jpeg\" alt=\"\" width=\"338\" height=\"238\" srcset=\"https:\/\/agora.xtec.cat\/aulahospitalariagtp\/wp-content\/uploads\/usu1060\/2023\/01\/WhatsApp-Image-2023-01-10-at-13.15.40-300x211.jpeg 300w, https:\/\/agora.xtec.cat\/aulahospitalariagtp\/wp-content\/uploads\/usu1060\/2023\/01\/WhatsApp-Image-2023-01-10-at-13.15.40-768x540.jpeg 768w, https:\/\/agora.xtec.cat\/aulahospitalariagtp\/wp-content\/uploads\/usu1060\/2023\/01\/WhatsApp-Image-2023-01-10-at-13.15.40.jpeg 1024w\" sizes=\"auto, (max-width: 338px) 100vw, 338px\" \/>.\u00a0 \u00a0 \u00a0 <\/a><a href=\"https:\/\/agora.xtec.cat\/aulahospitalariagtp\/wp-content\/uploads\/usu1060\/2023\/01\/WhatsApp-Image-2023-01-10-at-11.48.08-3.jpeg\"><img loading=\"lazy\" decoding=\"async\" class=\"wp-image-8305 alignnone\" src=\"https:\/\/agora.xtec.cat\/aulahospitalariagtp\/wp-content\/uploads\/usu1060\/2023\/01\/WhatsApp-Image-2023-01-10-at-11.48.08-3-300x169.jpeg\" alt=\"\" width=\"397\" height=\"223\" srcset=\"https:\/\/agora.xtec.cat\/aulahospitalariagtp\/wp-content\/uploads\/usu1060\/2023\/01\/WhatsApp-Image-2023-01-10-at-11.48.08-3-300x169.jpeg 300w, https:\/\/agora.xtec.cat\/aulahospitalariagtp\/wp-content\/uploads\/usu1060\/2023\/01\/WhatsApp-Image-2023-01-10-at-11.48.08-3-1024x576.jpeg 1024w, https:\/\/agora.xtec.cat\/aulahospitalariagtp\/wp-content\/uploads\/usu1060\/2023\/01\/WhatsApp-Image-2023-01-10-at-11.48.08-3-768x432.jpeg 768w, https:\/\/agora.xtec.cat\/aulahospitalariagtp\/wp-content\/uploads\/usu1060\/2023\/01\/WhatsApp-Image-2023-01-10-at-11.48.08-3-1536x864.jpeg 1536w, https:\/\/agora.xtec.cat\/aulahospitalariagtp\/wp-content\/uploads\/usu1060\/2023\/01\/WhatsApp-Image-2023-01-10-at-11.48.08-3.jpeg 1599w\" sizes=\"auto, (max-width: 397px) 100vw, 397px\" \/><\/a><\/p>\n<p>Hola,\u00a0 avui us explicar\u00e9 com vaig passar el \u00a0Nadal a l\u2019hospital. Tot va comen\u00e7ar en un dia normal a l\u2019hospital. Suposo que, com tothom quan est\u00e0 \u00a0a l\u2019hospital \u00a0em trobava malament , estava molt cansada i em molestava \u00a0tot. Per\u00f2 sense adonar-me\u2026 Vaig fer aics i vaig aprendre coses noves. Ja se que a ning\u00fa li agrada anar a l\u2019hospital per\u00f2 de veritat senta b\u00e9\u00a0 que et cuidin. Per\u00f2 ara us dir\u00e9 la cosa per la que he vingut. El dia de Reis estava millor per\u00f2 seguia estant malamet. Em van portar a fer-me una prova i quan vaig tornar&#8230; Sorpresa! Em van dir que els Reis Mags havien vingut! Em vaig perdre\u00a0 els Reis! Per\u00f2 com tenien i tenen tan bon cor igualment em van portar un regal . La veritat \u00e9s que al principi no em va fer molta il\u00b7lusi\u00f3 per\u00f2 al cap d\u2019una estona em vaig adonar de que avia tingut molta sort i es molt possible que no sem not\u00e9s \u00a0per\u00f2 em vaix posar bastant contenta.<\/p>\n<p>Emma\u00a0 M. (9 anys)<\/p>\n","protected":false},"excerpt":{"rendered":"<p>El d\u00eda 5 de gener van pasar els Reis Mags per l&#8217;hospital. Em va fer molta il.lusi\u00f3 perqu\u00e8 no m&#8217;ho esperava!. Em van regalar: Un tractor controlable, un puzle de 500 peces i un parxis\/oca. Em van agradar molt els regals i la visita.\u00a0 Tamb\u00e9 em van portar un dels meus dinosauris preferits que es [&hellip;]<\/p>\n","protected":false},"author":1,"featured_media":8327,"comment_status":"open","ping_status":"closed","sticky":false,"template":"","format":"standard","meta":{"_bbp_topic_count":0,"_bbp_reply_count":0,"_bbp_total_topic_count":0,"_bbp_total_reply_count":0,"_bbp_voice_count":0,"_bbp_anonymous_reply_count":0,"_bbp_topic_count_hidden":0,"_bbp_reply_count_hidden":0,"_bbp_forum_subforum_count":0,"site-sidebar-layout":"default","site-content-layout":"","ast-site-content-layout":"default","site-content-style":"default","site-sidebar-style":"default","ast-global-header-display":"","ast-banner-title-visibility":"","ast-main-header-display":"","ast-hfb-above-header-display":"","ast-hfb-below-header-display":"","ast-hfb-mobile-header-display":"","site-post-title":"","ast-breadcrumbs-content":"","ast-featured-img":"","footer-sml-layout":"","theme-transparent-header-meta":"","adv-header-id-meta":"","stick-header-meta":"","header-above-stick-meta":"","header-main-stick-meta":"","header-below-stick-meta":"","astra-migrate-meta-layouts":"set","ast-page-background-enabled":"default","ast-page-background-meta":{"desktop":{"background-color":"var(--ast-global-color-4)","background-image":"","background-repeat":"repeat","background-position":"center center","background-size":"auto","background-attachment":"scroll","background-type":"","background-media":"","overlay-type":"","overlay-color":"","overlay-opacity":"","overlay-gradient":""},"tablet":{"background-color":"","background-image":"","background-repeat":"repeat","background-position":"center center","background-size":"auto","background-attachment":"scroll","background-type":"","background-media":"","overlay-type":"","overlay-color":"","overlay-opacity":"","overlay-gradient":""},"mobile":{"background-color":"","background-image":"","background-repeat":"repeat","background-position":"center center","background-size":"auto","background-attachment":"scroll","background-type":"","background-media":"","overlay-type":"","overlay-color":"","overlay-opacity":"","overlay-gradient":""}},"ast-content-background-meta":{"desktop":{"background-color":"var(--ast-global-color-5)","background-image":"","background-repeat":"repeat","background-position":"center center","background-size":"auto","background-attachment":"scroll","background-type":"","background-media":"","overlay-type":"","overlay-color":"","overlay-opacity":"","overlay-gradient":""},"tablet":{"background-color":"var(--ast-global-color-5)","background-image":"","background-repeat":"repeat","background-position":"center center","background-size":"auto","background-attachment":"scroll","background-type":"","background-media":"","overlay-type":"","overlay-color":"","overlay-opacity":"","overlay-gradient":""},"mobile":{"background-color":"var(--ast-global-color-5)","background-image":"","background-repeat":"repeat","background-position":"center center","background-size":"auto","background-attachment":"scroll","background-type":"","background-media":"","overlay-type":"","overlay-color":"","overlay-opacity":"","overlay-gradient":""}},"footnotes":""},"categories":[92,161,94,44,146],"tags":[],"class_list":["post-8295","post","type-post","status-publish","format-standard","has-post-thumbnail","hentry","category-activitats-obertes","category-curs-22-23","category-ens-visiten","category-nadal","category-portada"],"post_mailing_queue_ids":[],"_links":{"self":[{"href":"https:\/\/agora.xtec.cat\/aulahospitalariagtp\/wp-json\/wp\/v2\/posts\/8295","targetHints":{"allow":["GET"]}}],"collection":[{"href":"https:\/\/agora.xtec.cat\/aulahospitalariagtp\/wp-json\/wp\/v2\/posts"}],"about":[{"href":"https:\/\/agora.xtec.cat\/aulahospitalariagtp\/wp-json\/wp\/v2\/types\/post"}],"author":[{"embeddable":true,"href":"https:\/\/agora.xtec.cat\/aulahospitalariagtp\/wp-json\/wp\/v2\/users\/1"}],"replies":[{"embeddable":true,"href":"https:\/\/agora.xtec.cat\/aulahospitalariagtp\/wp-json\/wp\/v2\/comments?post=8295"}],"version-history":[{"count":3,"href":"https:\/\/agora.xtec.cat\/aulahospitalariagtp\/wp-json\/wp\/v2\/posts\/8295\/revisions"}],"predecessor-version":[{"id":9560,"href":"https:\/\/agora.xtec.cat\/aulahospitalariagtp\/wp-json\/wp\/v2\/posts\/8295\/revisions\/9560"}],"wp:featuredmedia":[{"embeddable":true,"href":"https:\/\/agora.xtec.cat\/aulahospitalariagtp\/wp-json\/wp\/v2\/media\/8327"}],"wp:attachment":[{"href":"https:\/\/agora.xtec.cat\/aulahospitalariagtp\/wp-json\/wp\/v2\/media?parent=8295"}],"wp:term":[{"taxonomy":"category","embeddable":true,"href":"https:\/\/agora.xtec.cat\/aulahospitalariagtp\/wp-json\/wp\/v2\/categories?post=8295"},{"taxonomy":"post_tag","embeddable":true,"href":"https:\/\/agora.xtec.cat\/aulahospitalariagtp\/wp-json\/wp\/v2\/tags?post=8295"}],"curies":[{"name":"wp","href":"https:\/\/api.w.org\/{rel}","templated":true}]}}