{"id":8274,"date":"2022-12-23T12:58:32","date_gmt":"2022-12-23T11:58:32","guid":{"rendered":"https:\/\/agora.xtec.cat\/aulahospitalariagtp\/?p=8274"},"modified":"2025-05-26T14:52:13","modified_gmt":"2025-05-26T12:52:13","slug":"un-papa-noel-que-baixa-per-les-finestres","status":"publish","type":"post","link":"https:\/\/agora.xtec.cat\/aulahospitalariagtp\/tematics\/nadal\/un-papa-noel-que-baixa-per-les-finestres\/","title":{"rendered":"Un Papa Noel que baixa per les finestres"},"content":{"rendered":"<p><a href=\"https:\/\/agora.xtec.cat\/aulahospitalariagtp\/wp-content\/uploads\/usu1060\/2022\/12\/DSCF2101-scaled.jpg\"><img loading=\"lazy\" decoding=\"async\" class=\" wp-image-8279 alignleft\" src=\"https:\/\/agora.xtec.cat\/aulahospitalariagtp\/wp-content\/uploads\/usu1060\/2022\/12\/DSCF2101-300x169.jpg\" alt=\"\" width=\"364\" height=\"205\" srcset=\"https:\/\/agora.xtec.cat\/aulahospitalariagtp\/wp-content\/uploads\/usu1060\/2022\/12\/DSCF2101-300x169.jpg 300w, https:\/\/agora.xtec.cat\/aulahospitalariagtp\/wp-content\/uploads\/usu1060\/2022\/12\/DSCF2101-1024x576.jpg 1024w, https:\/\/agora.xtec.cat\/aulahospitalariagtp\/wp-content\/uploads\/usu1060\/2022\/12\/DSCF2101-768x432.jpg 768w, https:\/\/agora.xtec.cat\/aulahospitalariagtp\/wp-content\/uploads\/usu1060\/2022\/12\/DSCF2101-1536x864.jpg 1536w, https:\/\/agora.xtec.cat\/aulahospitalariagtp\/wp-content\/uploads\/usu1060\/2022\/12\/DSCF2101-2048x1152.jpg 2048w\" sizes=\"auto, (max-width: 364px) 100vw, 364px\" \/><\/a>El Pare Noel, amb l\u2019ajuda d\u2019un equip de Bombers Solidaris de Barcelona, ha arribat aquest mat\u00ed a l\u2019Hospital Germans Trias per visitar els infants i joves que es troben ingressats a la planta de Pediatria i fer-los sentir la m\u00e0gia del Nadal.\u00a0 Amb aquesta iniciativa de la Fundaci\u00f3 d&#8217;Oncologia Infantil Enriqueta Villavecchia,\u00a0 es vol ajudar els nens i nenes malalts, i a les seves fam\u00edlies, a sentir-se m\u00e9s acompanyats en aquestes dates, aix\u00ed com tamb\u00e9 agrair a tot el personal sanitari la feina duta a terme al llarg de l\u2019any al costat dels pacients pedi\u00e0trics.<\/p>\n<p>La Estephay i el Rayan us expliquen com han viscut aquest dia.<\/p>\n<p><a href=\"https:\/\/agora.xtec.cat\/aulahospitalariagtp\/wp-content\/uploads\/usu1060\/2022\/12\/7A7F1A6A-63C6-4338-9DC9-6ED05B7825ED_1_105_c.jpeg\"><img loading=\"lazy\" decoding=\"async\" class=\"alignright  wp-image-8286\" src=\"https:\/\/agora.xtec.cat\/aulahospitalariagtp\/wp-content\/uploads\/usu1060\/2022\/12\/7A7F1A6A-63C6-4338-9DC9-6ED05B7825ED_1_105_c-300x169.jpeg\" alt=\"\" width=\"398\" height=\"224\" srcset=\"https:\/\/agora.xtec.cat\/aulahospitalariagtp\/wp-content\/uploads\/usu1060\/2022\/12\/7A7F1A6A-63C6-4338-9DC9-6ED05B7825ED_1_105_c-300x169.jpeg 300w, https:\/\/agora.xtec.cat\/aulahospitalariagtp\/wp-content\/uploads\/usu1060\/2022\/12\/7A7F1A6A-63C6-4338-9DC9-6ED05B7825ED_1_105_c-1024x576.jpeg 1024w, https:\/\/agora.xtec.cat\/aulahospitalariagtp\/wp-content\/uploads\/usu1060\/2022\/12\/7A7F1A6A-63C6-4338-9DC9-6ED05B7825ED_1_105_c-768x432.jpeg 768w, https:\/\/agora.xtec.cat\/aulahospitalariagtp\/wp-content\/uploads\/usu1060\/2022\/12\/7A7F1A6A-63C6-4338-9DC9-6ED05B7825ED_1_105_c.jpeg 1182w\" sizes=\"auto, (max-width: 398px) 100vw, 398px\" \/><\/a> <a href=\"https:\/\/agora.xtec.cat\/aulahospitalariagtp\/wp-content\/uploads\/usu1060\/2022\/12\/9F4DD55E-47AB-49C8-8B82-C65F0E653478_1_105_c.jpeg\"><img loading=\"lazy\" decoding=\"async\" class=\"alignright size-medium wp-image-8287\" src=\"https:\/\/agora.xtec.cat\/aulahospitalariagtp\/wp-content\/uploads\/usu1060\/2022\/12\/9F4DD55E-47AB-49C8-8B82-C65F0E653478_1_105_c-300x225.jpeg\" alt=\"\" width=\"300\" height=\"225\" srcset=\"https:\/\/agora.xtec.cat\/aulahospitalariagtp\/wp-content\/uploads\/usu1060\/2022\/12\/9F4DD55E-47AB-49C8-8B82-C65F0E653478_1_105_c-300x225.jpeg 300w, https:\/\/agora.xtec.cat\/aulahospitalariagtp\/wp-content\/uploads\/usu1060\/2022\/12\/9F4DD55E-47AB-49C8-8B82-C65F0E653478_1_105_c-768x576.jpeg 768w, https:\/\/agora.xtec.cat\/aulahospitalariagtp\/wp-content\/uploads\/usu1060\/2022\/12\/9F4DD55E-47AB-49C8-8B82-C65F0E653478_1_105_c-200x150.jpeg 200w, https:\/\/agora.xtec.cat\/aulahospitalariagtp\/wp-content\/uploads\/usu1060\/2022\/12\/9F4DD55E-47AB-49C8-8B82-C65F0E653478_1_105_c.jpeg 1024w\" sizes=\"auto, (max-width: 300px) 100vw, 300px\" \/><\/a>Avui ha estat \u00a0un d\u00eda molt alegre perque el Papa Noel ha vingut per la frinestra a l\u00b4hospital m\u00b4han donat molts regals. Tambe m&#8217;he fet una foto amb ells,\u00a0 Avui m\u00b4ho he passat molt b\u00e9,\u00a0 \u00a0 \u00a0Gr\u00e0cies Papa Noel.\u00a0 \u00a0 \u00a0 Estephany (11 anys)<\/p>\n<p>Avui\u00a0\u00a0 ha vingut\u00a0\u00a0 a\u00a0 pediatria un Pare Noel ,molt especial\u00a0 perqu\u00e8 ha\u00a0 vingut directament des del\u00a0 cel.\u00a0\u00a0\u00a0 S\u2019ha,\u00a0 despenjat per una corda i tots\u00a0 els nens \u00a0i nenes de la planta l\u2019hem\u00a0 vist baixar per la finestra. Ens\u00a0 ha donat xocolata i\u00a0 caramels.\u00a0 \u00a0M\u2019ha\u00a0\u00a0 agradat molt\u00edssim.\u00a0 \u00a0 \u00a0 Rayan (11 anys)<\/p>\n","protected":false},"excerpt":{"rendered":"<p>El Pare Noel, amb l\u2019ajuda d\u2019un equip de Bombers Solidaris de Barcelona, ha arribat aquest mat\u00ed a l\u2019Hospital Germans Trias per visitar els infants i joves que es troben ingressats a la planta de Pediatria i fer-los sentir la m\u00e0gia del Nadal.\u00a0 Amb aquesta iniciativa de la Fundaci\u00f3 d&#8217;Oncologia Infantil Enriqueta Villavecchia,\u00a0 es vol ajudar [&hellip;]<\/p>\n","protected":false},"author":1,"featured_media":8279,"comment_status":"open","ping_status":"closed","sticky":false,"template":"","format":"standard","meta":{"_bbp_topic_count":0,"_bbp_reply_count":0,"_bbp_total_topic_count":0,"_bbp_total_reply_count":0,"_bbp_voice_count":0,"_bbp_anonymous_reply_count":0,"_bbp_topic_count_hidden":0,"_bbp_reply_count_hidden":0,"_bbp_forum_subforum_count":0,"site-sidebar-layout":"default","site-content-layout":"","ast-site-content-layout":"default","site-content-style":"default","site-sidebar-style":"default","ast-global-header-display":"","ast-banner-title-visibility":"","ast-main-header-display":"","ast-hfb-above-header-display":"","ast-hfb-below-header-display":"","ast-hfb-mobile-header-display":"","site-post-title":"","ast-breadcrumbs-content":"","ast-featured-img":"","footer-sml-layout":"","theme-transparent-header-meta":"","adv-header-id-meta":"","stick-header-meta":"","header-above-stick-meta":"","header-main-stick-meta":"","header-below-stick-meta":"","astra-migrate-meta-layouts":"set","ast-page-background-enabled":"default","ast-page-background-meta":{"desktop":{"background-color":"var(--ast-global-color-4)","background-image":"","background-repeat":"repeat","background-position":"center center","background-size":"auto","background-attachment":"scroll","background-type":"","background-media":"","overlay-type":"","overlay-color":"","overlay-opacity":"","overlay-gradient":""},"tablet":{"background-color":"","background-image":"","background-repeat":"repeat","background-position":"center center","background-size":"auto","background-attachment":"scroll","background-type":"","background-media":"","overlay-type":"","overlay-color":"","overlay-opacity":"","overlay-gradient":""},"mobile":{"background-color":"","background-image":"","background-repeat":"repeat","background-position":"center center","background-size":"auto","background-attachment":"scroll","background-type":"","background-media":"","overlay-type":"","overlay-color":"","overlay-opacity":"","overlay-gradient":""}},"ast-content-background-meta":{"desktop":{"background-color":"var(--ast-global-color-5)","background-image":"","background-repeat":"repeat","background-position":"center center","background-size":"auto","background-attachment":"scroll","background-type":"","background-media":"","overlay-type":"","overlay-color":"","overlay-opacity":"","overlay-gradient":""},"tablet":{"background-color":"var(--ast-global-color-5)","background-image":"","background-repeat":"repeat","background-position":"center center","background-size":"auto","background-attachment":"scroll","background-type":"","background-media":"","overlay-type":"","overlay-color":"","overlay-opacity":"","overlay-gradient":""},"mobile":{"background-color":"var(--ast-global-color-5)","background-image":"","background-repeat":"repeat","background-position":"center center","background-size":"auto","background-attachment":"scroll","background-type":"","background-media":"","overlay-type":"","overlay-color":"","overlay-opacity":"","overlay-gradient":""}},"footnotes":""},"categories":[92,161,44],"tags":[],"class_list":["post-8274","post","type-post","status-publish","format-standard","has-post-thumbnail","hentry","category-activitats-obertes","category-curs-22-23","category-nadal"],"post_mailing_queue_ids":[],"_links":{"self":[{"href":"https:\/\/agora.xtec.cat\/aulahospitalariagtp\/wp-json\/wp\/v2\/posts\/8274","targetHints":{"allow":["GET"]}}],"collection":[{"href":"https:\/\/agora.xtec.cat\/aulahospitalariagtp\/wp-json\/wp\/v2\/posts"}],"about":[{"href":"https:\/\/agora.xtec.cat\/aulahospitalariagtp\/wp-json\/wp\/v2\/types\/post"}],"author":[{"embeddable":true,"href":"https:\/\/agora.xtec.cat\/aulahospitalariagtp\/wp-json\/wp\/v2\/users\/1"}],"replies":[{"embeddable":true,"href":"https:\/\/agora.xtec.cat\/aulahospitalariagtp\/wp-json\/wp\/v2\/comments?post=8274"}],"version-history":[{"count":4,"href":"https:\/\/agora.xtec.cat\/aulahospitalariagtp\/wp-json\/wp\/v2\/posts\/8274\/revisions"}],"predecessor-version":[{"id":9665,"href":"https:\/\/agora.xtec.cat\/aulahospitalariagtp\/wp-json\/wp\/v2\/posts\/8274\/revisions\/9665"}],"wp:featuredmedia":[{"embeddable":true,"href":"https:\/\/agora.xtec.cat\/aulahospitalariagtp\/wp-json\/wp\/v2\/media\/8279"}],"wp:attachment":[{"href":"https:\/\/agora.xtec.cat\/aulahospitalariagtp\/wp-json\/wp\/v2\/media?parent=8274"}],"wp:term":[{"taxonomy":"category","embeddable":true,"href":"https:\/\/agora.xtec.cat\/aulahospitalariagtp\/wp-json\/wp\/v2\/categories?post=8274"},{"taxonomy":"post_tag","embeddable":true,"href":"https:\/\/agora.xtec.cat\/aulahospitalariagtp\/wp-json\/wp\/v2\/tags?post=8274"}],"curies":[{"name":"wp","href":"https:\/\/api.w.org\/{rel}","templated":true}]}}