{"id":8176,"date":"2022-09-06T13:09:20","date_gmt":"2022-09-06T11:09:20","guid":{"rendered":"https:\/\/agora.xtec.cat\/aulahospitalariagtp\/?p=8176"},"modified":"2025-05-21T16:10:26","modified_gmt":"2025-05-21T14:10:26","slug":"una-escola-diferent","status":"publish","type":"post","link":"https:\/\/agora.xtec.cat\/aulahospitalariagtp\/treballs-a-laula\/una-escola-diferent\/","title":{"rendered":"UNA ESCOLA DIFERENT !"},"content":{"rendered":"<p><a href=\"https:\/\/agora.xtec.cat\/aulahospitalariagtp\/wp-content\/uploads\/usu1060\/2022\/09\/descarga.jpg\"><img loading=\"lazy\" decoding=\"async\" class=\"wp-image-8179 alignleft\" src=\"https:\/\/agora.xtec.cat\/aulahospitalariagtp\/wp-content\/uploads\/usu1060\/2022\/09\/descarga.jpg\" alt=\"\" width=\"374\" height=\"362\" \/><\/a>L\u2019inici de curs no ha anat com esperava! L\u2019he comen\u00e7at a l\u2019hospital per una infecci\u00f3 al peu. Va comen\u00e7ar per un fregament de la bamba.<br \/>\nJo no sabia que a l\u2019hospital hi havia una escola, m\u00b4ho va dir un doctor. La Roser, que es la profe, va per les habitacions explicant que hi ha una escola i si volem anar. \u00c9s el primer dia que estic a l\u2019escola i he conegut a dos nenes que es diuen: Andrea i Suxin i potser encara em queden uns dies per sortir.<br \/>\nHa sigut molt \u2018\u2019guay&#8220;.<br \/>\nZaida M. (10 anys)<\/p>\n<p>&#8212;&#8212;&#8212;&#8212;&#8212;&#8212;&#8212;<\/p>\n<p>Aquest principi de curs ha sigut diferent, l\u2019he comen\u00e7at a l\u2019 hospital i no a l \u2018institut.<br \/>\nEstic aqu\u00ed per una infecci\u00f3 de l\u2019am\u00edgdala. He estat aqu\u00ed ingressada tres vegades durant aquest estiu,<br \/>\nAra estic aqu\u00ed i la veritat \u00e9s que no m\u2019imaginava que hi hauria una escola a l\u2019 hospital. \u00c9s el meu primer dia en aquesta escola i \u00e9s molt divertit per que hi ha ordinadors, per pintar, jocs\u2026. I moltes mes coses! La mestra es molt divertida, es diu Roser i tamb\u00e9 he conegut a dues nenes que es diuen: Zaida i Suxin. No se quan podr\u00e9 sortir i m\u2019hauria agradat anar el primer dia d\u2019institut, per\u00f2 crec que m\u2019haur\u00e9 de quedar. Aqu\u00ed estic b\u00e9.<br \/>\nAndrea. B.(11 anys)<\/p>\n","protected":false},"excerpt":{"rendered":"<p>L\u2019inici de curs no ha anat com esperava! L\u2019he comen\u00e7at a l\u2019hospital per una infecci\u00f3 al peu. Va comen\u00e7ar per un fregament de la bamba. Jo no sabia que a l\u2019hospital hi havia una escola, m\u00b4ho va dir un doctor. La Roser, que es la profe, va per les habitacions explicant que hi ha una [&hellip;]<\/p>\n","protected":false},"author":1,"featured_media":8179,"comment_status":"open","ping_status":"closed","sticky":false,"template":"","format":"standard","meta":{"_bbp_topic_count":0,"_bbp_reply_count":0,"_bbp_total_topic_count":0,"_bbp_total_reply_count":0,"_bbp_voice_count":0,"_bbp_anonymous_reply_count":0,"_bbp_topic_count_hidden":0,"_bbp_reply_count_hidden":0,"_bbp_forum_subforum_count":0,"site-sidebar-layout":"default","site-content-layout":"","ast-site-content-layout":"default","site-content-style":"default","site-sidebar-style":"default","ast-global-header-display":"","ast-banner-title-visibility":"","ast-main-header-display":"","ast-hfb-above-header-display":"","ast-hfb-below-header-display":"","ast-hfb-mobile-header-display":"","site-post-title":"","ast-breadcrumbs-content":"","ast-featured-img":"","footer-sml-layout":"","theme-transparent-header-meta":"","adv-header-id-meta":"","stick-header-meta":"","header-above-stick-meta":"","header-main-stick-meta":"","header-below-stick-meta":"","astra-migrate-meta-layouts":"set","ast-page-background-enabled":"default","ast-page-background-meta":{"desktop":{"background-color":"var(--ast-global-color-4)","background-image":"","background-repeat":"repeat","background-position":"center center","background-size":"auto","background-attachment":"scroll","background-type":"","background-media":"","overlay-type":"","overlay-color":"","overlay-opacity":"","overlay-gradient":""},"tablet":{"background-color":"","background-image":"","background-repeat":"repeat","background-position":"center center","background-size":"auto","background-attachment":"scroll","background-type":"","background-media":"","overlay-type":"","overlay-color":"","overlay-opacity":"","overlay-gradient":""},"mobile":{"background-color":"","background-image":"","background-repeat":"repeat","background-position":"center center","background-size":"auto","background-attachment":"scroll","background-type":"","background-media":"","overlay-type":"","overlay-color":"","overlay-opacity":"","overlay-gradient":""}},"ast-content-background-meta":{"desktop":{"background-color":"var(--ast-global-color-5)","background-image":"","background-repeat":"repeat","background-position":"center center","background-size":"auto","background-attachment":"scroll","background-type":"","background-media":"","overlay-type":"","overlay-color":"","overlay-opacity":"","overlay-gradient":""},"tablet":{"background-color":"var(--ast-global-color-5)","background-image":"","background-repeat":"repeat","background-position":"center center","background-size":"auto","background-attachment":"scroll","background-type":"","background-media":"","overlay-type":"","overlay-color":"","overlay-opacity":"","overlay-gradient":""},"mobile":{"background-color":"var(--ast-global-color-5)","background-image":"","background-repeat":"repeat","background-position":"center center","background-size":"auto","background-attachment":"scroll","background-type":"","background-media":"","overlay-type":"","overlay-color":"","overlay-opacity":"","overlay-gradient":""}},"footnotes":""},"categories":[161,146,69],"tags":[162],"class_list":["post-8176","post","type-post","status-publish","format-standard","has-post-thumbnail","hentry","category-curs-22-23","category-portada","category-treballs-a-laula","tag-curs-22-23"],"post_mailing_queue_ids":[],"_links":{"self":[{"href":"https:\/\/agora.xtec.cat\/aulahospitalariagtp\/wp-json\/wp\/v2\/posts\/8176","targetHints":{"allow":["GET"]}}],"collection":[{"href":"https:\/\/agora.xtec.cat\/aulahospitalariagtp\/wp-json\/wp\/v2\/posts"}],"about":[{"href":"https:\/\/agora.xtec.cat\/aulahospitalariagtp\/wp-json\/wp\/v2\/types\/post"}],"author":[{"embeddable":true,"href":"https:\/\/agora.xtec.cat\/aulahospitalariagtp\/wp-json\/wp\/v2\/users\/1"}],"replies":[{"embeddable":true,"href":"https:\/\/agora.xtec.cat\/aulahospitalariagtp\/wp-json\/wp\/v2\/comments?post=8176"}],"version-history":[{"count":4,"href":"https:\/\/agora.xtec.cat\/aulahospitalariagtp\/wp-json\/wp\/v2\/posts\/8176\/revisions"}],"predecessor-version":[{"id":9572,"href":"https:\/\/agora.xtec.cat\/aulahospitalariagtp\/wp-json\/wp\/v2\/posts\/8176\/revisions\/9572"}],"wp:featuredmedia":[{"embeddable":true,"href":"https:\/\/agora.xtec.cat\/aulahospitalariagtp\/wp-json\/wp\/v2\/media\/8179"}],"wp:attachment":[{"href":"https:\/\/agora.xtec.cat\/aulahospitalariagtp\/wp-json\/wp\/v2\/media?parent=8176"}],"wp:term":[{"taxonomy":"category","embeddable":true,"href":"https:\/\/agora.xtec.cat\/aulahospitalariagtp\/wp-json\/wp\/v2\/categories?post=8176"},{"taxonomy":"post_tag","embeddable":true,"href":"https:\/\/agora.xtec.cat\/aulahospitalariagtp\/wp-json\/wp\/v2\/tags?post=8176"}],"curies":[{"name":"wp","href":"https:\/\/api.w.org\/{rel}","templated":true}]}}