{"id":7994,"date":"2022-03-24T22:37:49","date_gmt":"2022-03-24T21:37:49","guid":{"rendered":"https:\/\/agora.xtec.cat\/aulahospitalariagtp\/?p=7994"},"modified":"2025-05-21T16:19:05","modified_gmt":"2025-05-21T14:19:05","slug":"aprenem-braille","status":"publish","type":"post","link":"https:\/\/agora.xtec.cat\/aulahospitalariagtp\/tematics\/dies-especials\/aprenem-braille\/","title":{"rendered":"Aprenem Braille !!!"},"content":{"rendered":"<p><a href=\"https:\/\/agora.xtec.cat\/aulahospitalariagtp\/wp-content\/uploads\/usu1060\/2022\/03\/IMG_2890-1-scaled.jpg\"><img loading=\"lazy\" decoding=\"async\" class=\"size-medium wp-image-8005 alignleft\" src=\"https:\/\/agora.xtec.cat\/aulahospitalariagtp\/wp-content\/uploads\/usu1060\/2022\/03\/IMG_2890-1-300x225.jpg\" alt=\"\" width=\"300\" height=\"225\" srcset=\"https:\/\/agora.xtec.cat\/aulahospitalariagtp\/wp-content\/uploads\/usu1060\/2022\/03\/IMG_2890-1-300x225.jpg 300w, https:\/\/agora.xtec.cat\/aulahospitalariagtp\/wp-content\/uploads\/usu1060\/2022\/03\/IMG_2890-1-1024x768.jpg 1024w, https:\/\/agora.xtec.cat\/aulahospitalariagtp\/wp-content\/uploads\/usu1060\/2022\/03\/IMG_2890-1-768x576.jpg 768w, https:\/\/agora.xtec.cat\/aulahospitalariagtp\/wp-content\/uploads\/usu1060\/2022\/03\/IMG_2890-1-1536x1152.jpg 1536w, https:\/\/agora.xtec.cat\/aulahospitalariagtp\/wp-content\/uploads\/usu1060\/2022\/03\/IMG_2890-1-2048x1536.jpg 2048w, https:\/\/agora.xtec.cat\/aulahospitalariagtp\/wp-content\/uploads\/usu1060\/2022\/03\/IMG_2890-1-200x150.jpg 200w\" sizes=\"auto, (max-width: 300px) 100vw, 300px\" \/><\/a><a href=\"https:\/\/agora.xtec.cat\/aulahospitalariagtp\/wp-content\/uploads\/usu1060\/2022\/03\/IMG_2909-1-1-scaled.jpg\"><img loading=\"lazy\" decoding=\"async\" class=\"size-medium wp-image-8008 alignright\" src=\"https:\/\/agora.xtec.cat\/aulahospitalariagtp\/wp-content\/uploads\/usu1060\/2022\/03\/IMG_2909-1-1-169x300.jpg\" alt=\"\" width=\"169\" height=\"300\" srcset=\"https:\/\/agora.xtec.cat\/aulahospitalariagtp\/wp-content\/uploads\/usu1060\/2022\/03\/IMG_2909-1-1-169x300.jpg 169w, https:\/\/agora.xtec.cat\/aulahospitalariagtp\/wp-content\/uploads\/usu1060\/2022\/03\/IMG_2909-1-1-576x1024.jpg 576w, https:\/\/agora.xtec.cat\/aulahospitalariagtp\/wp-content\/uploads\/usu1060\/2022\/03\/IMG_2909-1-1-768x1365.jpg 768w, https:\/\/agora.xtec.cat\/aulahospitalariagtp\/wp-content\/uploads\/usu1060\/2022\/03\/IMG_2909-1-1-864x1536.jpg 864w, https:\/\/agora.xtec.cat\/aulahospitalariagtp\/wp-content\/uploads\/usu1060\/2022\/03\/IMG_2909-1-1-1152x2048.jpg 1152w, https:\/\/agora.xtec.cat\/aulahospitalariagtp\/wp-content\/uploads\/usu1060\/2022\/03\/IMG_2909-1-1-scaled.jpg 1440w\" sizes=\"auto, (max-width: 169px) 100vw, 169px\" \/><\/a><a href=\"https:\/\/agora.xtec.cat\/aulahospitalariagtp\/wp-content\/uploads\/usu1060\/2022\/03\/57233241-7540-46e3-9c9f-3633d21905d5.jpg\"><img loading=\"lazy\" decoding=\"async\" class=\"wp-image-7999 alignright\" src=\"https:\/\/agora.xtec.cat\/aulahospitalariagtp\/wp-content\/uploads\/usu1060\/2022\/03\/57233241-7540-46e3-9c9f-3633d21905d5-300x225.jpg\" alt=\"\" width=\"273\" height=\"205\" srcset=\"https:\/\/agora.xtec.cat\/aulahospitalariagtp\/wp-content\/uploads\/usu1060\/2022\/03\/57233241-7540-46e3-9c9f-3633d21905d5-300x225.jpg 300w, https:\/\/agora.xtec.cat\/aulahospitalariagtp\/wp-content\/uploads\/usu1060\/2022\/03\/57233241-7540-46e3-9c9f-3633d21905d5-1024x768.jpg 1024w, https:\/\/agora.xtec.cat\/aulahospitalariagtp\/wp-content\/uploads\/usu1060\/2022\/03\/57233241-7540-46e3-9c9f-3633d21905d5-768x576.jpg 768w, https:\/\/agora.xtec.cat\/aulahospitalariagtp\/wp-content\/uploads\/usu1060\/2022\/03\/57233241-7540-46e3-9c9f-3633d21905d5-1536x1152.jpg 1536w, https:\/\/agora.xtec.cat\/aulahospitalariagtp\/wp-content\/uploads\/usu1060\/2022\/03\/57233241-7540-46e3-9c9f-3633d21905d5-200x150.jpg 200w, https:\/\/agora.xtec.cat\/aulahospitalariagtp\/wp-content\/uploads\/usu1060\/2022\/03\/57233241-7540-46e3-9c9f-3633d21905d5.jpg 2000w\" sizes=\"auto, (max-width: 273px) 100vw, 273px\" \/><\/a>El d\u00eda 23 de<a href=\"https:\/\/agora.xtec.cat\/aulahospitalariagtp\/wp-content\/uploads\/usu1060\/2022\/03\/IMG_2912-1-scaled.jpg\"><img loading=\"lazy\" decoding=\"async\" class=\"wp-image-8009 alignright\" src=\"https:\/\/agora.xtec.cat\/aulahospitalariagtp\/wp-content\/uploads\/usu1060\/2022\/03\/IMG_2912-1-300x225.jpg\" alt=\"\" width=\"271\" height=\"204\" srcset=\"https:\/\/agora.xtec.cat\/aulahospitalariagtp\/wp-content\/uploads\/usu1060\/2022\/03\/IMG_2912-1-300x225.jpg 300w, https:\/\/agora.xtec.cat\/aulahospitalariagtp\/wp-content\/uploads\/usu1060\/2022\/03\/IMG_2912-1-1024x768.jpg 1024w, https:\/\/agora.xtec.cat\/aulahospitalariagtp\/wp-content\/uploads\/usu1060\/2022\/03\/IMG_2912-1-768x576.jpg 768w, https:\/\/agora.xtec.cat\/aulahospitalariagtp\/wp-content\/uploads\/usu1060\/2022\/03\/IMG_2912-1-1536x1152.jpg 1536w, https:\/\/agora.xtec.cat\/aulahospitalariagtp\/wp-content\/uploads\/usu1060\/2022\/03\/IMG_2912-1-2048x1536.jpg 2048w, https:\/\/agora.xtec.cat\/aulahospitalariagtp\/wp-content\/uploads\/usu1060\/2022\/03\/IMG_2912-1-200x150.jpg 200w\" sizes=\"auto, (max-width: 271px) 100vw, 271px\" \/><\/a> mar\u00e7 va venir un noi invident que ens va ensenyar una mica de Braille a la planta 7\u00aa de Pediatria de l&#8217;hospital de Can Ruti. El noi es deia Jordi Card\u00fas Jos\u00e9 i es promotor\u00a0 del llenguatge de Braille de la ONCE. Ens va portar moltes coses per tocar y aprendre sobre aquest llenguatge. Ens va donar un paper amb l\u2019abecedari escrit en\u00a0 Braille i\u00a0 a baix posava les regles de com escriure\u2019l. En Jordi tamb\u00e9 ens va\u00a0 donar a tots \u00a0unes regles que tenien sis forats i uns claus.\u00a0 Ens va demanar que, amb l&#8217;ajut d&#8217;aquest abecedari,\u00a0 \u00a0escriv\u00edssim \u00a0el nostre nom, la data de naixement i una paraula \u201crandom\u201d per veure si ell ho podia esbrinar. Tamb\u00e9 havia portat una maquina per escriure en Braille la maquina es diu maquina Perkins . La\u00a0 m\u00e0quina tenia \u00a06 tecles i hi havia una per fer l\u2019espai. Dep\u00e8n de la lletra que vol\u00edem posar hav\u00edem de clicar dos a la vegada o nom\u00e9s una. Ha \u00a0sigut molt divertit i m\u2019ha agradat molt l\u2019activitat, ja que ara se una mica m\u00e9s de Braille. Hem aprofitat per fer-li unes preguntes, com per exemple:\u00a0 com saps el color de la roba que portes?, ell ens\u00a0 va dir que utilitzava una app que\u00a0 si la passes\u00a0 per sobre\u00a0 de la roba i et deia el color. Una altra pregunta\u00a0 va ser\u00a0 com saps a qu\u00ed truques amb el m\u00f2bil? O com saps quina app estas utilitzant? Ens va dir que feia servir \u00a0un sistema que si tocaves una cosa del m\u00f2bil una veueta et deia lo que estava tocant. Fatima (12 anys)<\/p>\n<p>Si voleu veure com s&#8217;escriu\u00a0 \u00a0amb la m\u00e0quina\u00a0 Perkins\u00a0 el\u00a0 Jordi\u00a0 us ho ensenya. <a href=\"https:\/\/youtu.be\/bcZr9-loC9A\">Cliqueu sobre la. imatge\u00a0 i ho\u00a0 veureu<\/a><a href=\"https:\/\/youtu.be\/bcZr9-loC9A\"><img loading=\"lazy\" decoding=\"async\" class=\"wp-image-8016 alignleft\" src=\"https:\/\/agora.xtec.cat\/aulahospitalariagtp\/wp-content\/uploads\/usu1060\/2022\/03\/IMG_2869-300x169.jpeg\" alt=\"\" width=\"232\" height=\"131\" srcset=\"https:\/\/agora.xtec.cat\/aulahospitalariagtp\/wp-content\/uploads\/usu1060\/2022\/03\/IMG_2869-300x169.jpeg 300w, https:\/\/agora.xtec.cat\/aulahospitalariagtp\/wp-content\/uploads\/usu1060\/2022\/03\/IMG_2869-1024x576.jpeg 1024w, https:\/\/agora.xtec.cat\/aulahospitalariagtp\/wp-content\/uploads\/usu1060\/2022\/03\/IMG_2869-768x432.jpeg 768w, https:\/\/agora.xtec.cat\/aulahospitalariagtp\/wp-content\/uploads\/usu1060\/2022\/03\/IMG_2869-1536x864.jpeg 1536w, https:\/\/agora.xtec.cat\/aulahospitalariagtp\/wp-content\/uploads\/usu1060\/2022\/03\/IMG_2869-2048x1152.jpeg 2048w\" sizes=\"auto, (max-width: 232px) 100vw, 232px\" \/><\/a><\/p>\n<p><a href=\"https:\/\/www.instagram.com\/p\/CbfQZqxMXz-\/?utm_medium=copy_link\"><img loading=\"lazy\" decoding=\"async\" class=\"wp-image-8012 alignleft\" src=\"https:\/\/agora.xtec.cat\/aulahospitalariagtp\/wp-content\/uploads\/usu1060\/2022\/03\/R-286x300.jpeg\" alt=\"\" width=\"78\" height=\"82\" srcset=\"https:\/\/agora.xtec.cat\/aulahospitalariagtp\/wp-content\/uploads\/usu1060\/2022\/03\/R-286x300.jpeg 286w, https:\/\/agora.xtec.cat\/aulahospitalariagtp\/wp-content\/uploads\/usu1060\/2022\/03\/R-768x805.jpeg 768w, https:\/\/agora.xtec.cat\/aulahospitalariagtp\/wp-content\/uploads\/usu1060\/2022\/03\/R.jpeg 840w\" sizes=\"auto, (max-width: 78px) 100vw, 78px\" \/><\/a><\/p>\n<p>Us passem la not\u00edcia que ha sortit a <a href=\"https:\/\/www.instagram.com\/p\/CbfQZqxMXz-\/?utm_medium=copy_link\">l&#8217;instagram de l&#8217;hospital\u00a0<\/a><\/p>\n","protected":false},"excerpt":{"rendered":"<p>El d\u00eda 23 de mar\u00e7 va venir un noi invident que ens va ensenyar una mica de Braille a la planta 7\u00aa de Pediatria de l&#8217;hospital de Can Ruti. El noi es deia Jordi Card\u00fas Jos\u00e9 i es promotor\u00a0 del llenguatge de Braille de la ONCE. Ens va portar moltes coses per tocar y aprendre [&hellip;]<\/p>\n","protected":false},"author":1,"featured_media":8016,"comment_status":"open","ping_status":"closed","sticky":false,"template":"","format":"standard","meta":{"_bbp_topic_count":0,"_bbp_reply_count":0,"_bbp_total_topic_count":0,"_bbp_total_reply_count":0,"_bbp_voice_count":0,"_bbp_anonymous_reply_count":0,"_bbp_topic_count_hidden":0,"_bbp_reply_count_hidden":0,"_bbp_forum_subforum_count":0,"site-sidebar-layout":"default","site-content-layout":"","ast-site-content-layout":"default","site-content-style":"default","site-sidebar-style":"default","ast-global-header-display":"","ast-banner-title-visibility":"","ast-main-header-display":"","ast-hfb-above-header-display":"","ast-hfb-below-header-display":"","ast-hfb-mobile-header-display":"","site-post-title":"","ast-breadcrumbs-content":"","ast-featured-img":"","footer-sml-layout":"","theme-transparent-header-meta":"","adv-header-id-meta":"","stick-header-meta":"","header-above-stick-meta":"","header-main-stick-meta":"","header-below-stick-meta":"","astra-migrate-meta-layouts":"set","ast-page-background-enabled":"default","ast-page-background-meta":{"desktop":{"background-color":"var(--ast-global-color-4)","background-image":"","background-repeat":"repeat","background-position":"center center","background-size":"auto","background-attachment":"scroll","background-type":"","background-media":"","overlay-type":"","overlay-color":"","overlay-opacity":"","overlay-gradient":""},"tablet":{"background-color":"","background-image":"","background-repeat":"repeat","background-position":"center center","background-size":"auto","background-attachment":"scroll","background-type":"","background-media":"","overlay-type":"","overlay-color":"","overlay-opacity":"","overlay-gradient":""},"mobile":{"background-color":"","background-image":"","background-repeat":"repeat","background-position":"center center","background-size":"auto","background-attachment":"scroll","background-type":"","background-media":"","overlay-type":"","overlay-color":"","overlay-opacity":"","overlay-gradient":""}},"ast-content-background-meta":{"desktop":{"background-color":"var(--ast-global-color-5)","background-image":"","background-repeat":"repeat","background-position":"center center","background-size":"auto","background-attachment":"scroll","background-type":"","background-media":"","overlay-type":"","overlay-color":"","overlay-opacity":"","overlay-gradient":""},"tablet":{"background-color":"var(--ast-global-color-5)","background-image":"","background-repeat":"repeat","background-position":"center center","background-size":"auto","background-attachment":"scroll","background-type":"","background-media":"","overlay-type":"","overlay-color":"","overlay-opacity":"","overlay-gradient":""},"mobile":{"background-color":"var(--ast-global-color-5)","background-image":"","background-repeat":"repeat","background-position":"center center","background-size":"auto","background-attachment":"scroll","background-type":"","background-media":"","overlay-type":"","overlay-color":"","overlay-opacity":"","overlay-gradient":""}},"footnotes":""},"categories":[92,156,43,128,160,146],"tags":[],"class_list":["post-7994","post","type-post","status-publish","format-standard","has-post-thumbnail","hentry","category-activitats-obertes","category-curs-2021-22","category-dies-especials","category-tema","category-la-comunicacio","category-portada"],"post_mailing_queue_ids":[],"_links":{"self":[{"href":"https:\/\/agora.xtec.cat\/aulahospitalariagtp\/wp-json\/wp\/v2\/posts\/7994","targetHints":{"allow":["GET"]}}],"collection":[{"href":"https:\/\/agora.xtec.cat\/aulahospitalariagtp\/wp-json\/wp\/v2\/posts"}],"about":[{"href":"https:\/\/agora.xtec.cat\/aulahospitalariagtp\/wp-json\/wp\/v2\/types\/post"}],"author":[{"embeddable":true,"href":"https:\/\/agora.xtec.cat\/aulahospitalariagtp\/wp-json\/wp\/v2\/users\/1"}],"replies":[{"embeddable":true,"href":"https:\/\/agora.xtec.cat\/aulahospitalariagtp\/wp-json\/wp\/v2\/comments?post=7994"}],"version-history":[{"count":3,"href":"https:\/\/agora.xtec.cat\/aulahospitalariagtp\/wp-json\/wp\/v2\/posts\/7994\/revisions"}],"predecessor-version":[{"id":9583,"href":"https:\/\/agora.xtec.cat\/aulahospitalariagtp\/wp-json\/wp\/v2\/posts\/7994\/revisions\/9583"}],"wp:featuredmedia":[{"embeddable":true,"href":"https:\/\/agora.xtec.cat\/aulahospitalariagtp\/wp-json\/wp\/v2\/media\/8016"}],"wp:attachment":[{"href":"https:\/\/agora.xtec.cat\/aulahospitalariagtp\/wp-json\/wp\/v2\/media?parent=7994"}],"wp:term":[{"taxonomy":"category","embeddable":true,"href":"https:\/\/agora.xtec.cat\/aulahospitalariagtp\/wp-json\/wp\/v2\/categories?post=7994"},{"taxonomy":"post_tag","embeddable":true,"href":"https:\/\/agora.xtec.cat\/aulahospitalariagtp\/wp-json\/wp\/v2\/tags?post=7994"}],"curies":[{"name":"wp","href":"https:\/\/api.w.org\/{rel}","templated":true}]}}