{"id":7960,"date":"2022-03-08T14:56:27","date_gmt":"2022-03-08T13:56:27","guid":{"rendered":"https:\/\/agora.xtec.cat\/aulahospitalariagtp\/?p=7960"},"modified":"2025-05-22T10:32:47","modified_gmt":"2025-05-22T08:32:47","slug":"dia-de-la-dona-8-de-marc-2","status":"publish","type":"post","link":"https:\/\/agora.xtec.cat\/aulahospitalariagtp\/treballs-a-laula\/dia-de-la-dona-8-de-marc-2\/","title":{"rendered":"Dia de la DONA &#8211; 8 de mar\u00e7"},"content":{"rendered":"<p>Avui \u00e9s 8 de mar\u00e7, \u00e9s a dir, el dia de la dona. Per aquest motiu, des de l\u2019escola de l&#8217;hospital hem estat fent una recerca de frases de dones importants de totes les branques de la societat com a homenatge a totes elles i hem decidit escriure alguna d\u2019aquestes frases en format mural per decorar el passad\u00eds. <a href=\"https:\/\/agora.xtec.cat\/aulahospitalariagtp\/wp-content\/uploads\/usu1060\/2022\/03\/WhatsApp-Image-2022-03-08-at-13.56.09.jpeg\"><img loading=\"lazy\" decoding=\"async\" class=\" wp-image-7963 alignleft\" src=\"https:\/\/agora.xtec.cat\/aulahospitalariagtp\/wp-content\/uploads\/usu1060\/2022\/03\/WhatsApp-Image-2022-03-08-at-13.56.09-225x300.jpeg\" alt=\"\" width=\"302\" height=\"403\" srcset=\"https:\/\/agora.xtec.cat\/aulahospitalariagtp\/wp-content\/uploads\/usu1060\/2022\/03\/WhatsApp-Image-2022-03-08-at-13.56.09-225x300.jpeg 225w, https:\/\/agora.xtec.cat\/aulahospitalariagtp\/wp-content\/uploads\/usu1060\/2022\/03\/WhatsApp-Image-2022-03-08-at-13.56.09-768x1024.jpeg 768w, https:\/\/agora.xtec.cat\/aulahospitalariagtp\/wp-content\/uploads\/usu1060\/2022\/03\/WhatsApp-Image-2022-03-08-at-13.56.09-1152x1536.jpeg 1152w, https:\/\/agora.xtec.cat\/aulahospitalariagtp\/wp-content\/uploads\/usu1060\/2022\/03\/WhatsApp-Image-2022-03-08-at-13.56.09.jpeg 1200w\" sizes=\"auto, (max-width: 302px) 100vw, 302px\" \/><\/a> Nosaltres hem partit\u00a0 de la infografia que havien fet a l\u2019escola\u00a0 companys de l&#8217;any passat (Iris, David, Isabella, Ramon, Joan B, Geovanna ), per\u00f2 li hem \u00a0afegit altres dones i m\u00e9s frases. Tamb\u00e9 l&#8217;hem decorat una mica m\u00e9s al nostre gust. A m\u00e9s a m\u00e9s, hem fet un cartell amb una de les nostres frases preferides, aquesta l&#8217;hem escollit entre tots els companys i companyes que hem treballatdins de l&#8217;aula de l&#8217;hospital Germans Trias i Pujol. La frase que hem escollit \u00e9s una de la Roseanne Barr: &#8220;EL QUE ENCARA ENS FALTA APRENDRE A LES DONES \u00c9S QUE NING\u00da ET DONA PODER, SIMPLEMENT L&#8217;HAS DE PRENDRE T\u00da&#8221;,\u00a0 i ens ha agradat \u00a0perqu\u00e8 pensem que t\u00e9 molt significat per a les dones, i \u00e9s una realitat que encara avui en dia no es compleix del tot. Pensem que actualment hauria de canviar, ja que les dones som totalment capaces de fer les coses pel nostre compte. Nom\u00e9s nosaltres tenim el poder de manar sobre nosaltres mateixes.<\/p>\n<p>Estem molt contents del resultat final tant de la infografia com del cartell. I desitjem que tamb\u00e9 us agradi, ja que l&#8217;hem fet amb tot el nostre cor.<\/p>\n<p>Fet per: Edurne D.(15), Ivan R.(10a), Abril N.(11a)<\/p>\n<p>Feu m\u00e9s gran la infografia<\/p>\n<div class=\"container-wrapper-genially\" style=\"position: relative; min-height: 200px; max-width: 45%;\">\n<p><video class=\"loader-genially\" style=\"position: absolute; top: 45%; left: 50%; transform: translate(-50%, -50%); width: 80px; height: 80px; margin-bottom: 10%;\" autoplay=\"autoplay\" loop=\"loop\" muted=\"muted\" width=\"300\" height=\"150\"><source src=\"https:\/\/static.genial.ly\/resources\/panel-loader-low.mp4\" type=\"video\/mp4\" \/>Your browser does not support the video tag.<\/video><\/p>\n<div id=\"60467035ff2ab30da00dd1ba\" class=\"genially-embed\" style=\"margin: 0px auto; position: relative; height: auto; width: 100%;\"><\/div>\n<\/div>\n<p><script>(function (d) { var js, id = \"genially-embed-js\", ref = d.getElementsByTagName(\"script\")[0]; if (d.getElementById(id)) { return; } js = d.createElement(\"script\"); js.id = id; js.async = true; js.src = \"https:\/\/view.genial.ly\/static\/embed\/embed.js\"; ref.parentNode.insertBefore(js, ref); }(document));<\/script><\/p>\n","protected":false},"excerpt":{"rendered":"<p>Avui \u00e9s 8 de mar\u00e7, \u00e9s a dir, el dia de la dona. Per aquest motiu, des de l\u2019escola de l&#8217;hospital hem estat fent una recerca de frases de dones importants de totes les branques de la societat com a homenatge a totes elles i hem decidit escriure alguna d\u2019aquestes frases en format mural per [&hellip;]<\/p>\n","protected":false},"author":1,"featured_media":7963,"comment_status":"open","ping_status":"closed","sticky":false,"template":"","format":"standard","meta":{"_bbp_topic_count":0,"_bbp_reply_count":0,"_bbp_total_topic_count":0,"_bbp_total_reply_count":0,"_bbp_voice_count":0,"_bbp_anonymous_reply_count":0,"_bbp_topic_count_hidden":0,"_bbp_reply_count_hidden":0,"_bbp_forum_subforum_count":0,"site-sidebar-layout":"default","site-content-layout":"","ast-site-content-layout":"default","site-content-style":"default","site-sidebar-style":"default","ast-global-header-display":"","ast-banner-title-visibility":"","ast-main-header-display":"","ast-hfb-above-header-display":"","ast-hfb-below-header-display":"","ast-hfb-mobile-header-display":"","site-post-title":"","ast-breadcrumbs-content":"","ast-featured-img":"","footer-sml-layout":"","theme-transparent-header-meta":"","adv-header-id-meta":"","stick-header-meta":"","header-above-stick-meta":"","header-main-stick-meta":"","header-below-stick-meta":"","astra-migrate-meta-layouts":"set","ast-page-background-enabled":"default","ast-page-background-meta":{"desktop":{"background-color":"var(--ast-global-color-4)","background-image":"","background-repeat":"repeat","background-position":"center center","background-size":"auto","background-attachment":"scroll","background-type":"","background-media":"","overlay-type":"","overlay-color":"","overlay-opacity":"","overlay-gradient":""},"tablet":{"background-color":"","background-image":"","background-repeat":"repeat","background-position":"center center","background-size":"auto","background-attachment":"scroll","background-type":"","background-media":"","overlay-type":"","overlay-color":"","overlay-opacity":"","overlay-gradient":""},"mobile":{"background-color":"","background-image":"","background-repeat":"repeat","background-position":"center center","background-size":"auto","background-attachment":"scroll","background-type":"","background-media":"","overlay-type":"","overlay-color":"","overlay-opacity":"","overlay-gradient":""}},"ast-content-background-meta":{"desktop":{"background-color":"var(--ast-global-color-5)","background-image":"","background-repeat":"repeat","background-position":"center center","background-size":"auto","background-attachment":"scroll","background-type":"","background-media":"","overlay-type":"","overlay-color":"","overlay-opacity":"","overlay-gradient":""},"tablet":{"background-color":"var(--ast-global-color-5)","background-image":"","background-repeat":"repeat","background-position":"center center","background-size":"auto","background-attachment":"scroll","background-type":"","background-media":"","overlay-type":"","overlay-color":"","overlay-opacity":"","overlay-gradient":""},"mobile":{"background-color":"var(--ast-global-color-5)","background-image":"","background-repeat":"repeat","background-position":"center center","background-size":"auto","background-attachment":"scroll","background-type":"","background-media":"","overlay-type":"","overlay-color":"","overlay-opacity":"","overlay-gradient":""}},"footnotes":""},"categories":[156,154,95,146,69],"tags":[],"class_list":["post-7960","post","type-post","status-publish","format-standard","has-post-thumbnail","hentry","category-curs-2021-22","category-dia-de-la-dona","category-murals","category-portada","category-treballs-a-laula"],"post_mailing_queue_ids":[],"_links":{"self":[{"href":"https:\/\/agora.xtec.cat\/aulahospitalariagtp\/wp-json\/wp\/v2\/posts\/7960","targetHints":{"allow":["GET"]}}],"collection":[{"href":"https:\/\/agora.xtec.cat\/aulahospitalariagtp\/wp-json\/wp\/v2\/posts"}],"about":[{"href":"https:\/\/agora.xtec.cat\/aulahospitalariagtp\/wp-json\/wp\/v2\/types\/post"}],"author":[{"embeddable":true,"href":"https:\/\/agora.xtec.cat\/aulahospitalariagtp\/wp-json\/wp\/v2\/users\/1"}],"replies":[{"embeddable":true,"href":"https:\/\/agora.xtec.cat\/aulahospitalariagtp\/wp-json\/wp\/v2\/comments?post=7960"}],"version-history":[{"count":4,"href":"https:\/\/agora.xtec.cat\/aulahospitalariagtp\/wp-json\/wp\/v2\/posts\/7960\/revisions"}],"predecessor-version":[{"id":9586,"href":"https:\/\/agora.xtec.cat\/aulahospitalariagtp\/wp-json\/wp\/v2\/posts\/7960\/revisions\/9586"}],"wp:featuredmedia":[{"embeddable":true,"href":"https:\/\/agora.xtec.cat\/aulahospitalariagtp\/wp-json\/wp\/v2\/media\/7963"}],"wp:attachment":[{"href":"https:\/\/agora.xtec.cat\/aulahospitalariagtp\/wp-json\/wp\/v2\/media?parent=7960"}],"wp:term":[{"taxonomy":"category","embeddable":true,"href":"https:\/\/agora.xtec.cat\/aulahospitalariagtp\/wp-json\/wp\/v2\/categories?post=7960"},{"taxonomy":"post_tag","embeddable":true,"href":"https:\/\/agora.xtec.cat\/aulahospitalariagtp\/wp-json\/wp\/v2\/tags?post=7960"}],"curies":[{"name":"wp","href":"https:\/\/api.w.org\/{rel}","templated":true}]}}