{"id":7853,"date":"2022-01-12T18:15:34","date_gmt":"2022-01-12T17:15:34","guid":{"rendered":"https:\/\/agora.xtec.cat\/aulahospitalariagtp\/?p=7853"},"modified":"2025-05-22T10:46:06","modified_gmt":"2025-05-22T08:46:06","slug":"els-reis-a-lhospital","status":"publish","type":"post","link":"https:\/\/agora.xtec.cat\/aulahospitalariagtp\/tematics\/nadal\/els-reis-a-lhospital\/","title":{"rendered":"ELS REIS A L&#8217;HOSPITAL"},"content":{"rendered":"<p style=\"text-align: justify;\"><a href=\"https:\/\/agora.xtec.cat\/aulahospitalariagtp\/wp-content\/uploads\/usu1060\/2022\/01\/568E650F-8645-42CB-B436-E0750750A130_1_105_c.jpeg\"><img loading=\"lazy\" decoding=\"async\" class=\" wp-image-7873 alignleft\" src=\"https:\/\/agora.xtec.cat\/aulahospitalariagtp\/wp-content\/uploads\/usu1060\/2022\/01\/568E650F-8645-42CB-B436-E0750750A130_1_105_c-300x225.jpeg\" alt=\"\" width=\"233\" height=\"175\" srcset=\"https:\/\/agora.xtec.cat\/aulahospitalariagtp\/wp-content\/uploads\/usu1060\/2022\/01\/568E650F-8645-42CB-B436-E0750750A130_1_105_c-300x225.jpeg 300w, https:\/\/agora.xtec.cat\/aulahospitalariagtp\/wp-content\/uploads\/usu1060\/2022\/01\/568E650F-8645-42CB-B436-E0750750A130_1_105_c-768x577.jpeg 768w, https:\/\/agora.xtec.cat\/aulahospitalariagtp\/wp-content\/uploads\/usu1060\/2022\/01\/568E650F-8645-42CB-B436-E0750750A130_1_105_c-200x150.jpeg 200w, https:\/\/agora.xtec.cat\/aulahospitalariagtp\/wp-content\/uploads\/usu1060\/2022\/01\/568E650F-8645-42CB-B436-E0750750A130_1_105_c.jpeg 1024w\" sizes=\"auto, (max-width: 233px) 100vw, 233px\" \/><\/a><\/p>\n<p style=\"text-align: justify;\">Hola soc l\u2019Arianna, i avui\u00a0 10 de gener, que \u00e9s el primer dia de cole despr\u00e9s de les vacances de Nadal, he descobert que hi havia una escola a l\u2019hospital. No m\u2019ho esperava! M\u2019han fet explicar com he celebrat\u00a0 el Nadal i el dia de Reis i despr\u00e9s m\u2019han fet imaginar\u00a0 com hagu\u00e9s sigut passar aquest dia ingressada a l\u2019hospital. A mi, per sort, em van ingressar el 9 de gener i no el dia de reis. En canvi, el Jan si va estar a l\u2019hospital el dia de reis, i ens ha fet un dibuix per explicar-ho. A continuaci\u00f3, us ensenyar\u00e9 el seu dibuix:<\/p>\n<p style=\"text-align: justify;\"><a href=\"https:\/\/agora.xtec.cat\/aulahospitalariagtp\/wp-content\/uploads\/usu1060\/2022\/01\/WhatsApp-Image-2022-01-10-at-11.53.10-1.jpeg\"><img loading=\"lazy\" decoding=\"async\" class=\"alignnone size-medium wp-image-7854\" src=\"https:\/\/agora.xtec.cat\/aulahospitalariagtp\/wp-content\/uploads\/usu1060\/2022\/01\/WhatsApp-Image-2022-01-10-at-11.53.10-1-300x223.jpeg\" alt=\"\" width=\"300\" height=\"223\" srcset=\"https:\/\/agora.xtec.cat\/aulahospitalariagtp\/wp-content\/uploads\/usu1060\/2022\/01\/WhatsApp-Image-2022-01-10-at-11.53.10-1-300x223.jpeg 300w, https:\/\/agora.xtec.cat\/aulahospitalariagtp\/wp-content\/uploads\/usu1060\/2022\/01\/WhatsApp-Image-2022-01-10-at-11.53.10-1-768x572.jpeg 768w, https:\/\/agora.xtec.cat\/aulahospitalariagtp\/wp-content\/uploads\/usu1060\/2022\/01\/WhatsApp-Image-2022-01-10-at-11.53.10-1-200x150.jpeg 200w, https:\/\/agora.xtec.cat\/aulahospitalariagtp\/wp-content\/uploads\/usu1060\/2022\/01\/WhatsApp-Image-2022-01-10-at-11.53.10-1.jpeg 1024w\" sizes=\"auto, (max-width: 300px) 100vw, 300px\" \/><\/a>\u00a0 \u00a0 \u00a0 \u00a0 \u00a0 \u00a0 <a href=\"https:\/\/agora.xtec.cat\/aulahospitalariagtp\/wp-content\/uploads\/usu1060\/2022\/01\/WhatsApp-Image-2022-01-10-at-11.53.10.jpeg\"><img loading=\"lazy\" decoding=\"async\" class=\"alignnone size-medium wp-image-7855\" src=\"https:\/\/agora.xtec.cat\/aulahospitalariagtp\/wp-content\/uploads\/usu1060\/2022\/01\/WhatsApp-Image-2022-01-10-at-11.53.10-300x207.jpeg\" alt=\"\" width=\"300\" height=\"207\" srcset=\"https:\/\/agora.xtec.cat\/aulahospitalariagtp\/wp-content\/uploads\/usu1060\/2022\/01\/WhatsApp-Image-2022-01-10-at-11.53.10-300x207.jpeg 300w, https:\/\/agora.xtec.cat\/aulahospitalariagtp\/wp-content\/uploads\/usu1060\/2022\/01\/WhatsApp-Image-2022-01-10-at-11.53.10-768x530.jpeg 768w, https:\/\/agora.xtec.cat\/aulahospitalariagtp\/wp-content\/uploads\/usu1060\/2022\/01\/WhatsApp-Image-2022-01-10-at-11.53.10.jpeg 1024w\" sizes=\"auto, (max-width: 300px) 100vw, 300px\" \/>\u00a0\u00a0<\/a><\/p>\n<p>Jan P. (3 anys)<\/p>\n<p>I aix\u00ed \u00e9s com ho vaig celebrat jo:<\/p>\n<p>El 25 de desembre vaig anar a casa del meu tiet amb les meves cosines. All\u00e0 vaig jugar amb elles\u00a0 i vam fer el dinar del Nadal. El 31 de desembre a la nit vaig fer una trucada a la meva millor amiga i despr\u00e9s vaig menjar-me els ra\u00efms. M\u2019ho vaig passar molt b\u00e9!. El dia de reis, vaig anar a veure la cavalcada de reis amb les meves amigues, i despr\u00e9s vam anar a sopar a un restaurant. Un dels regals que m\u2019han portat m\u00e9s els reis \u00e9s roba d\u2019hivern. Passar els Reis a l&#8217;hospital crec que hauria sigut m\u00e9s avorrit perqu\u00e8 no hagu\u00e9s pogut estar amb la meva fam\u00edlia ni amigues, encara que ara tamb\u00e9 em porten regals a l&#8217;hospital.<\/p>\n<p>M&#8217;han explicat per\u00f2, que aix\u00f2 de passar els Reis aqui no \u00e9s tan avorrit, Sembla que els Reis tamb\u00e9 passen per l&#8217;hospital i porten regals. He vist una foto <a href=\"https:\/\/agora.xtec.cat\/aulahospitalariagtp\/wp-content\/uploads\/usu1060\/2022\/01\/Sense-titol.jpg\"><img loading=\"lazy\" decoding=\"async\" class=\" wp-image-7860 alignleft\" src=\"https:\/\/agora.xtec.cat\/aulahospitalariagtp\/wp-content\/uploads\/usu1060\/2022\/01\/Sense-titol-274x300.jpg\" alt=\"\" width=\"455\" height=\"498\" srcset=\"https:\/\/agora.xtec.cat\/aulahospitalariagtp\/wp-content\/uploads\/usu1060\/2022\/01\/Sense-titol-274x300.jpg 274w, https:\/\/agora.xtec.cat\/aulahospitalariagtp\/wp-content\/uploads\/usu1060\/2022\/01\/Sense-titol.jpg 383w\" sizes=\"auto, (max-width: 455px) 100vw, 455px\" \/><\/a>d&#8217;aquell dia i es veu als nens molt contents. . .<\/p>\n<p>La Laia tamb\u00e9 ens explica el seu dia de Reis&#8230; \u00a0\u00a0 Arianna C. (10 anys)<a href=\"https:\/\/agora.xtec.cat\/aulahospitalariagtp\/wp-content\/uploads\/usu1060\/2022\/01\/WhatsApp-Image-2022-01-11-at-13.41.10.jpeg\"><img loading=\"lazy\" decoding=\"async\" class=\"wp-image-7861 alignleft\" src=\"https:\/\/agora.xtec.cat\/aulahospitalariagtp\/wp-content\/uploads\/usu1060\/2022\/01\/WhatsApp-Image-2022-01-11-at-13.41.10-300x199.jpeg\" alt=\"\" width=\"606\" height=\"402\" srcset=\"https:\/\/agora.xtec.cat\/aulahospitalariagtp\/wp-content\/uploads\/usu1060\/2022\/01\/WhatsApp-Image-2022-01-11-at-13.41.10-300x199.jpeg 300w, https:\/\/agora.xtec.cat\/aulahospitalariagtp\/wp-content\/uploads\/usu1060\/2022\/01\/WhatsApp-Image-2022-01-11-at-13.41.10-1024x679.jpeg 1024w, https:\/\/agora.xtec.cat\/aulahospitalariagtp\/wp-content\/uploads\/usu1060\/2022\/01\/WhatsApp-Image-2022-01-11-at-13.41.10-768x509.jpeg 768w, https:\/\/agora.xtec.cat\/aulahospitalariagtp\/wp-content\/uploads\/usu1060\/2022\/01\/WhatsApp-Image-2022-01-11-at-13.41.10-1536x1019.jpeg 1536w, https:\/\/agora.xtec.cat\/aulahospitalariagtp\/wp-content\/uploads\/usu1060\/2022\/01\/WhatsApp-Image-2022-01-11-at-13.41.10.jpeg 2048w\" sizes=\"auto, (max-width: 606px) 100vw, 606px\" \/><\/a><\/p>\n<p><a href=\"https:\/\/agora.xtec.cat\/aulahospitalariagtp\/wp-content\/uploads\/usu1060\/2022\/01\/F56F74B5-C23D-47BB-AFFA-79800628B001_1_105_c.jpeg\"><img loading=\"lazy\" decoding=\"async\" class=\"alignnone size-medium wp-image-7872\" src=\"https:\/\/agora.xtec.cat\/aulahospitalariagtp\/wp-content\/uploads\/usu1060\/2022\/01\/F56F74B5-C23D-47BB-AFFA-79800628B001_1_105_c-300x225.jpeg\" alt=\"\" width=\"300\" height=\"225\" srcset=\"https:\/\/agora.xtec.cat\/aulahospitalariagtp\/wp-content\/uploads\/usu1060\/2022\/01\/F56F74B5-C23D-47BB-AFFA-79800628B001_1_105_c-300x225.jpeg 300w, https:\/\/agora.xtec.cat\/aulahospitalariagtp\/wp-content\/uploads\/usu1060\/2022\/01\/F56F74B5-C23D-47BB-AFFA-79800628B001_1_105_c-768x577.jpeg 768w, https:\/\/agora.xtec.cat\/aulahospitalariagtp\/wp-content\/uploads\/usu1060\/2022\/01\/F56F74B5-C23D-47BB-AFFA-79800628B001_1_105_c-200x150.jpeg 200w, https:\/\/agora.xtec.cat\/aulahospitalariagtp\/wp-content\/uploads\/usu1060\/2022\/01\/F56F74B5-C23D-47BB-AFFA-79800628B001_1_105_c.jpeg 1024w\" sizes=\"auto, (max-width: 300px) 100vw, 300px\" \/><\/a><\/p>\n","protected":false},"excerpt":{"rendered":"<p>Hola soc l\u2019Arianna, i avui\u00a0 10 de gener, que \u00e9s el primer dia de cole despr\u00e9s de les vacances de Nadal, he descobert que hi havia una escola a l\u2019hospital. No m\u2019ho esperava! M\u2019han fet explicar com he celebrat\u00a0 el Nadal i el dia de Reis i despr\u00e9s m\u2019han fet imaginar\u00a0 com hagu\u00e9s sigut passar [&hellip;]<\/p>\n","protected":false},"author":1,"featured_media":7854,"comment_status":"open","ping_status":"closed","sticky":false,"template":"","format":"standard","meta":{"_bbp_topic_count":0,"_bbp_reply_count":0,"_bbp_total_topic_count":0,"_bbp_total_reply_count":0,"_bbp_voice_count":0,"_bbp_anonymous_reply_count":0,"_bbp_topic_count_hidden":0,"_bbp_reply_count_hidden":0,"_bbp_forum_subforum_count":0,"site-sidebar-layout":"default","site-content-layout":"","ast-site-content-layout":"default","site-content-style":"default","site-sidebar-style":"default","ast-global-header-display":"","ast-banner-title-visibility":"","ast-main-header-display":"","ast-hfb-above-header-display":"","ast-hfb-below-header-display":"","ast-hfb-mobile-header-display":"","site-post-title":"","ast-breadcrumbs-content":"","ast-featured-img":"","footer-sml-layout":"","theme-transparent-header-meta":"","adv-header-id-meta":"","stick-header-meta":"","header-above-stick-meta":"","header-main-stick-meta":"","header-below-stick-meta":"","astra-migrate-meta-layouts":"set","ast-page-background-enabled":"default","ast-page-background-meta":{"desktop":{"background-color":"var(--ast-global-color-4)","background-image":"","background-repeat":"repeat","background-position":"center center","background-size":"auto","background-attachment":"scroll","background-type":"","background-media":"","overlay-type":"","overlay-color":"","overlay-opacity":"","overlay-gradient":""},"tablet":{"background-color":"","background-image":"","background-repeat":"repeat","background-position":"center center","background-size":"auto","background-attachment":"scroll","background-type":"","background-media":"","overlay-type":"","overlay-color":"","overlay-opacity":"","overlay-gradient":""},"mobile":{"background-color":"","background-image":"","background-repeat":"repeat","background-position":"center center","background-size":"auto","background-attachment":"scroll","background-type":"","background-media":"","overlay-type":"","overlay-color":"","overlay-opacity":"","overlay-gradient":""}},"ast-content-background-meta":{"desktop":{"background-color":"var(--ast-global-color-5)","background-image":"","background-repeat":"repeat","background-position":"center center","background-size":"auto","background-attachment":"scroll","background-type":"","background-media":"","overlay-type":"","overlay-color":"","overlay-opacity":"","overlay-gradient":""},"tablet":{"background-color":"var(--ast-global-color-5)","background-image":"","background-repeat":"repeat","background-position":"center center","background-size":"auto","background-attachment":"scroll","background-type":"","background-media":"","overlay-type":"","overlay-color":"","overlay-opacity":"","overlay-gradient":""},"mobile":{"background-color":"var(--ast-global-color-5)","background-image":"","background-repeat":"repeat","background-position":"center center","background-size":"auto","background-attachment":"scroll","background-type":"","background-media":"","overlay-type":"","overlay-color":"","overlay-opacity":"","overlay-gradient":""}},"footnotes":""},"categories":[156,44,146,69],"tags":[],"class_list":["post-7853","post","type-post","status-publish","format-standard","has-post-thumbnail","hentry","category-curs-2021-22","category-nadal","category-portada","category-treballs-a-laula"],"post_mailing_queue_ids":[],"_links":{"self":[{"href":"https:\/\/agora.xtec.cat\/aulahospitalariagtp\/wp-json\/wp\/v2\/posts\/7853","targetHints":{"allow":["GET"]}}],"collection":[{"href":"https:\/\/agora.xtec.cat\/aulahospitalariagtp\/wp-json\/wp\/v2\/posts"}],"about":[{"href":"https:\/\/agora.xtec.cat\/aulahospitalariagtp\/wp-json\/wp\/v2\/types\/post"}],"author":[{"embeddable":true,"href":"https:\/\/agora.xtec.cat\/aulahospitalariagtp\/wp-json\/wp\/v2\/users\/1"}],"replies":[{"embeddable":true,"href":"https:\/\/agora.xtec.cat\/aulahospitalariagtp\/wp-json\/wp\/v2\/comments?post=7853"}],"version-history":[{"count":4,"href":"https:\/\/agora.xtec.cat\/aulahospitalariagtp\/wp-json\/wp\/v2\/posts\/7853\/revisions"}],"predecessor-version":[{"id":9592,"href":"https:\/\/agora.xtec.cat\/aulahospitalariagtp\/wp-json\/wp\/v2\/posts\/7853\/revisions\/9592"}],"wp:featuredmedia":[{"embeddable":true,"href":"https:\/\/agora.xtec.cat\/aulahospitalariagtp\/wp-json\/wp\/v2\/media\/7854"}],"wp:attachment":[{"href":"https:\/\/agora.xtec.cat\/aulahospitalariagtp\/wp-json\/wp\/v2\/media?parent=7853"}],"wp:term":[{"taxonomy":"category","embeddable":true,"href":"https:\/\/agora.xtec.cat\/aulahospitalariagtp\/wp-json\/wp\/v2\/categories?post=7853"},{"taxonomy":"post_tag","embeddable":true,"href":"https:\/\/agora.xtec.cat\/aulahospitalariagtp\/wp-json\/wp\/v2\/tags?post=7853"}],"curies":[{"name":"wp","href":"https:\/\/api.w.org\/{rel}","templated":true}]}}