{"id":7797,"date":"2021-12-20T14:32:58","date_gmt":"2021-12-20T13:32:58","guid":{"rendered":"https:\/\/agora.xtec.cat\/aulahospitalariagtp\/?p=7797"},"modified":"2025-05-22T10:48:39","modified_gmt":"2025-05-22T08:48:39","slug":"ha-vingut-el-pare-noel-2","status":"publish","type":"post","link":"https:\/\/agora.xtec.cat\/aulahospitalariagtp\/tematics\/dies-especials\/ha-vingut-el-pare-noel-2\/","title":{"rendered":"HA VINGUT EL PARE NOEL !!"},"content":{"rendered":"<p><a href=\"https:\/\/agora.xtec.cat\/aulahospitalariagtp\/wp-content\/uploads\/usu1060\/2021\/12\/0D8FF149-1CFA-4248-8B21-BEF7DBDFC6B8_1_105_c-1.jpeg\"><img loading=\"lazy\" decoding=\"async\" class=\"alignright wp-image-7801 \" src=\"https:\/\/agora.xtec.cat\/aulahospitalariagtp\/wp-content\/uploads\/usu1060\/2021\/12\/0D8FF149-1CFA-4248-8B21-BEF7DBDFC6B8_1_105_c-1.jpeg\" alt=\"\" width=\"375\" height=\"155\" srcset=\"https:\/\/agora.xtec.cat\/aulahospitalariagtp\/wp-content\/uploads\/usu1060\/2021\/12\/0D8FF149-1CFA-4248-8B21-BEF7DBDFC6B8_1_105_c-1.jpeg 1379w, https:\/\/agora.xtec.cat\/aulahospitalariagtp\/wp-content\/uploads\/usu1060\/2021\/12\/0D8FF149-1CFA-4248-8B21-BEF7DBDFC6B8_1_105_c-1-300x124.jpeg 300w, https:\/\/agora.xtec.cat\/aulahospitalariagtp\/wp-content\/uploads\/usu1060\/2021\/12\/0D8FF149-1CFA-4248-8B21-BEF7DBDFC6B8_1_105_c-1-1024x423.jpeg 1024w, https:\/\/agora.xtec.cat\/aulahospitalariagtp\/wp-content\/uploads\/usu1060\/2021\/12\/0D8FF149-1CFA-4248-8B21-BEF7DBDFC6B8_1_105_c-1-768x317.jpeg 768w\" sizes=\"auto, (max-width: 375px) 100vw, 375px\" \/><\/a>Aquest any l&#8217;arribada del Pare Noel a la Planta de Pediatria ha estat una mica diferent, perqu\u00e8 degut a que la COVID-19 sembla no tenir intenci\u00f3 de deixar-nos tranquils, han hagut de venir sense la inestimable companyia de la coral d&#8217;estudiants. Malgrat no poder\u00a0 \u00a0pujar a la planta han cantat unes boniques nadales per tothom des del carrer just a l&#8217;entrada de l&#8217;hospital. Els hem pogut veure i escoltar des de la finestra!!.<\/p>\n<p>Alguns nens i nenes us expliquen com ha anat el dia&#8230;.<\/p>\n<p><a href=\"https:\/\/agora.xtec.cat\/aulahospitalariagtp\/wp-content\/uploads\/usu1060\/2021\/12\/1F208308-23B3-4B68-947F-FAB40B5B8D69_1_105_c.jpeg\"><img loading=\"lazy\" decoding=\"async\" class=\"alignleft wp-image-7802 \" src=\"https:\/\/agora.xtec.cat\/aulahospitalariagtp\/wp-content\/uploads\/usu1060\/2021\/12\/1F208308-23B3-4B68-947F-FAB40B5B8D69_1_105_c.jpeg\" alt=\"\" width=\"489\" height=\"367\" srcset=\"https:\/\/agora.xtec.cat\/aulahospitalariagtp\/wp-content\/uploads\/usu1060\/2021\/12\/1F208308-23B3-4B68-947F-FAB40B5B8D69_1_105_c.jpeg 1024w, https:\/\/agora.xtec.cat\/aulahospitalariagtp\/wp-content\/uploads\/usu1060\/2021\/12\/1F208308-23B3-4B68-947F-FAB40B5B8D69_1_105_c-300x225.jpeg 300w, https:\/\/agora.xtec.cat\/aulahospitalariagtp\/wp-content\/uploads\/usu1060\/2021\/12\/1F208308-23B3-4B68-947F-FAB40B5B8D69_1_105_c-768x576.jpeg 768w, https:\/\/agora.xtec.cat\/aulahospitalariagtp\/wp-content\/uploads\/usu1060\/2021\/12\/1F208308-23B3-4B68-947F-FAB40B5B8D69_1_105_c-200x150.jpeg 200w\" sizes=\"auto, (max-width: 489px) 100vw, 489px\" \/><\/a>Avui a la Planta de Pediatria de\u00a0 l&#8217;hospital Germans Trias i pujol hem anat a una sala super bonica que pel mat\u00ed \u00e9s l&#8217;escola. Quan tots i totes hem arribat, ha vingut el Pare Noel acompanyat de 2 elfos molt divertides. El pare Noel ens ha donat moltes coses: caramels, regals i llibres. Ha estat molt fant\u00e0stic perqu\u00e8 quan ens donava els regals sabia coses sobre la nostre vida. Els familiars tamb\u00e9 estaven molt contents.<br \/>\nEns ho hem passat molt b\u00e9. Fins el any que ve.<br \/>\nSamba B. (12anys)<\/p>\n<p>HOLA EM DIC CLAUDIA I AVUI I US VULL EXPLICAR QUE AVUI HA VINGUT EL PAPA NOEL AL GERMANS TRIAS I PUJOL I ENS HA REGALAT, PER ADELANTAT, MOLTS REGALS. M&#8217;HA AGRADAT TOT PERQUE HA SIGUT MOLT DIVERTIT<br \/>\nTAMBE HAN VINGUT LES SEVES ELFOS I ENS HAN DONAT\u00a0 CARAMELS I<br \/>\nLLIBRES.\u00a0 EN RESUM, HA SIGUT UN DIA MOLT DIVERTIT. ADEU NENS I NENES. BON NADAL A TOTS.\u00a0 BONES FESTES.<br \/>\nCLAUDIA F . (8 ANYS)<\/p>\n<p>M`ha semblat interessant i entretingut.<br \/>\nM&#8217;ha agradat perqu\u00e8\u00a0 el Pare Noel m&#8217;ha donat una torre de peces de fusta per muntar torres, dos caramels i un llibre d&#8217;un cotxe.<br \/>\nAd\u00e9u.<\/p>\n<p>Dani F..(9 anys)<\/p>\n","protected":false},"excerpt":{"rendered":"<p>Aquest any l&#8217;arribada del Pare Noel a la Planta de Pediatria ha estat una mica diferent, perqu\u00e8 degut a que la COVID-19 sembla no tenir intenci\u00f3 de deixar-nos tranquils, han hagut de venir sense la inestimable companyia de la coral d&#8217;estudiants. Malgrat no poder\u00a0 \u00a0pujar a la planta han cantat unes boniques nadales per tothom [&hellip;]<\/p>\n","protected":false},"author":1,"featured_media":7802,"comment_status":"open","ping_status":"closed","sticky":false,"template":"","format":"standard","meta":{"_bbp_topic_count":0,"_bbp_reply_count":0,"_bbp_total_topic_count":0,"_bbp_total_reply_count":0,"_bbp_voice_count":0,"_bbp_anonymous_reply_count":0,"_bbp_topic_count_hidden":0,"_bbp_reply_count_hidden":0,"_bbp_forum_subforum_count":0,"site-sidebar-layout":"default","site-content-layout":"","ast-site-content-layout":"default","site-content-style":"default","site-sidebar-style":"default","ast-global-header-display":"","ast-banner-title-visibility":"","ast-main-header-display":"","ast-hfb-above-header-display":"","ast-hfb-below-header-display":"","ast-hfb-mobile-header-display":"","site-post-title":"","ast-breadcrumbs-content":"","ast-featured-img":"","footer-sml-layout":"","theme-transparent-header-meta":"","adv-header-id-meta":"","stick-header-meta":"","header-above-stick-meta":"","header-main-stick-meta":"","header-below-stick-meta":"","astra-migrate-meta-layouts":"set","ast-page-background-enabled":"default","ast-page-background-meta":{"desktop":{"background-color":"var(--ast-global-color-4)","background-image":"","background-repeat":"repeat","background-position":"center center","background-size":"auto","background-attachment":"scroll","background-type":"","background-media":"","overlay-type":"","overlay-color":"","overlay-opacity":"","overlay-gradient":""},"tablet":{"background-color":"","background-image":"","background-repeat":"repeat","background-position":"center center","background-size":"auto","background-attachment":"scroll","background-type":"","background-media":"","overlay-type":"","overlay-color":"","overlay-opacity":"","overlay-gradient":""},"mobile":{"background-color":"","background-image":"","background-repeat":"repeat","background-position":"center center","background-size":"auto","background-attachment":"scroll","background-type":"","background-media":"","overlay-type":"","overlay-color":"","overlay-opacity":"","overlay-gradient":""}},"ast-content-background-meta":{"desktop":{"background-color":"var(--ast-global-color-5)","background-image":"","background-repeat":"repeat","background-position":"center center","background-size":"auto","background-attachment":"scroll","background-type":"","background-media":"","overlay-type":"","overlay-color":"","overlay-opacity":"","overlay-gradient":""},"tablet":{"background-color":"var(--ast-global-color-5)","background-image":"","background-repeat":"repeat","background-position":"center center","background-size":"auto","background-attachment":"scroll","background-type":"","background-media":"","overlay-type":"","overlay-color":"","overlay-opacity":"","overlay-gradient":""},"mobile":{"background-color":"var(--ast-global-color-5)","background-image":"","background-repeat":"repeat","background-position":"center center","background-size":"auto","background-attachment":"scroll","background-type":"","background-media":"","overlay-type":"","overlay-color":"","overlay-opacity":"","overlay-gradient":""}},"footnotes":""},"categories":[92,99,156,43,44,146],"tags":[],"class_list":["post-7797","post","type-post","status-publish","format-standard","has-post-thumbnail","hentry","category-activitats-obertes","category-com-passa-el-temps","category-curs-2021-22","category-dies-especials","category-nadal","category-portada"],"post_mailing_queue_ids":[],"_links":{"self":[{"href":"https:\/\/agora.xtec.cat\/aulahospitalariagtp\/wp-json\/wp\/v2\/posts\/7797","targetHints":{"allow":["GET"]}}],"collection":[{"href":"https:\/\/agora.xtec.cat\/aulahospitalariagtp\/wp-json\/wp\/v2\/posts"}],"about":[{"href":"https:\/\/agora.xtec.cat\/aulahospitalariagtp\/wp-json\/wp\/v2\/types\/post"}],"author":[{"embeddable":true,"href":"https:\/\/agora.xtec.cat\/aulahospitalariagtp\/wp-json\/wp\/v2\/users\/1"}],"replies":[{"embeddable":true,"href":"https:\/\/agora.xtec.cat\/aulahospitalariagtp\/wp-json\/wp\/v2\/comments?post=7797"}],"version-history":[{"count":4,"href":"https:\/\/agora.xtec.cat\/aulahospitalariagtp\/wp-json\/wp\/v2\/posts\/7797\/revisions"}],"predecessor-version":[{"id":9596,"href":"https:\/\/agora.xtec.cat\/aulahospitalariagtp\/wp-json\/wp\/v2\/posts\/7797\/revisions\/9596"}],"wp:featuredmedia":[{"embeddable":true,"href":"https:\/\/agora.xtec.cat\/aulahospitalariagtp\/wp-json\/wp\/v2\/media\/7802"}],"wp:attachment":[{"href":"https:\/\/agora.xtec.cat\/aulahospitalariagtp\/wp-json\/wp\/v2\/media?parent=7797"}],"wp:term":[{"taxonomy":"category","embeddable":true,"href":"https:\/\/agora.xtec.cat\/aulahospitalariagtp\/wp-json\/wp\/v2\/categories?post=7797"},{"taxonomy":"post_tag","embeddable":true,"href":"https:\/\/agora.xtec.cat\/aulahospitalariagtp\/wp-json\/wp\/v2\/tags?post=7797"}],"curies":[{"name":"wp","href":"https:\/\/api.w.org\/{rel}","templated":true}]}}