{"id":7720,"date":"2021-10-22T13:31:38","date_gmt":"2021-10-22T11:31:38","guid":{"rendered":"https:\/\/agora.xtec.cat\/aulahospitalariagtp\/?p=7720"},"modified":"2025-05-22T10:56:32","modified_gmt":"2025-05-22T08:56:32","slug":"el-millor-de-lhospital","status":"publish","type":"post","link":"https:\/\/agora.xtec.cat\/aulahospitalariagtp\/general\/el-millor-de-lhospital\/","title":{"rendered":"EL MILLOR DE L&#8217;HOSPITAL !"},"content":{"rendered":"<p>Avui ens han proposat que baix\u00e9ssim de la planta 7\u00aa de pediatria a la Sala d&#8217;actes de l&#8217;hospital. Una baixada en ascensor de 7 plantes perqu\u00e8 era a la Planta Baixa!<\/p>\n<p><img loading=\"lazy\" decoding=\"async\" class=\" wp-image-7723 alignleft\" src=\"https:\/\/agora.xtec.cat\/aulahospitalariagtp\/wp-content\/uploads\/usu1060\/2021\/10\/WhatsApp-Image-2021-10-22-at-11.56.29-300x225.jpeg\" alt=\"\" width=\"328\" height=\"246\" srcset=\"https:\/\/agora.xtec.cat\/aulahospitalariagtp\/wp-content\/uploads\/usu1060\/2021\/10\/WhatsApp-Image-2021-10-22-at-11.56.29-300x225.jpeg 300w, https:\/\/agora.xtec.cat\/aulahospitalariagtp\/wp-content\/uploads\/usu1060\/2021\/10\/WhatsApp-Image-2021-10-22-at-11.56.29-1024x768.jpeg 1024w, https:\/\/agora.xtec.cat\/aulahospitalariagtp\/wp-content\/uploads\/usu1060\/2021\/10\/WhatsApp-Image-2021-10-22-at-11.56.29-768x576.jpeg 768w, https:\/\/agora.xtec.cat\/aulahospitalariagtp\/wp-content\/uploads\/usu1060\/2021\/10\/WhatsApp-Image-2021-10-22-at-11.56.29-1536x1152.jpeg 1536w, https:\/\/agora.xtec.cat\/aulahospitalariagtp\/wp-content\/uploads\/usu1060\/2021\/10\/WhatsApp-Image-2021-10-22-at-11.56.29-200x150.jpeg 200w, https:\/\/agora.xtec.cat\/aulahospitalariagtp\/wp-content\/uploads\/usu1060\/2021\/10\/WhatsApp-Image-2021-10-22-at-11.56.29.jpeg 1600w\" sizes=\"auto, (max-width: 328px) 100vw, 328px\" \/><\/p>\n<p>No ens imagin\u00e0vem que la sala d&#8217;actes fos tan gran!. A l\u2019arribar ens hem trobat unes volunt\u00e0ries de la Creu Roja que ens han ajudat a seure. En representaci\u00f3 de tots hem pogut baixar l&#8217;Erik, el Reda i nosaltres dos (Samuel i Isaac). La Sala d\u2019Actes era \u00a0tota per nosaltres! \u00a0Ens han explicat que la setmana vinent tamb\u00e9 estar\u00e0 oberta per tots els pacients de l\u2019hospital i el personal que hi treballa.i segurament l&#8217;ompliran m\u00e9s. Al sortir ens hem fet una foto amb el photocall de FILMETS.\u00a0 Tamb\u00e9 hi era la TVE que ha entrevistat a algun de nosaltres.<\/p>\n<p>Us posem les nostres opinions<\/p>\n<p>La experiencia ha sido fenomenal. El saber que hay una sala de cine para que los ni\u00f1os que estamos hospitalizados poder pasar mas amena la estancia en el hospital y asi no ser tan aburrido. Muchas gracias por pensar en nuestro bienestar.<\/p>\n<p>Samuel Andr\u00e9s M. (13 anys)<\/p>\n<p>Aquesta activitat de baixar al teatre m&#8217;ha agradat molt perqu\u00e8 ha sigut un gran canvi, ja que hem passat d&#8217;estar a l&#8217;habitaci\u00f3 a anar a un teatre i veure uns curtmetratges que, per cert, m&#8217;han encantat .A m\u00e9s a m\u00e9s he apr\u00e8s una recepta nova de com fer una mousse de xocolata .<\/p>\n<p>Isaac H.(12 anys )<\/p>\n<p><a href=\"https:\/\/agora.xtec.cat\/aulahospitalariagtp\/wp-content\/uploads\/usu1060\/2021\/10\/Sin-titulo-1.jpg\"><img loading=\"lazy\" decoding=\"async\" class=\"alignnone wp-image-7722\" src=\"https:\/\/agora.xtec.cat\/aulahospitalariagtp\/wp-content\/uploads\/usu1060\/2021\/10\/Sin-titulo-1-300x73.jpg\" alt=\"\" width=\"374\" height=\"91\" srcset=\"https:\/\/agora.xtec.cat\/aulahospitalariagtp\/wp-content\/uploads\/usu1060\/2021\/10\/Sin-titulo-1-300x73.jpg 300w, https:\/\/agora.xtec.cat\/aulahospitalariagtp\/wp-content\/uploads\/usu1060\/2021\/10\/Sin-titulo-1-1024x250.jpg 1024w, https:\/\/agora.xtec.cat\/aulahospitalariagtp\/wp-content\/uploads\/usu1060\/2021\/10\/Sin-titulo-1-768x188.jpg 768w, https:\/\/agora.xtec.cat\/aulahospitalariagtp\/wp-content\/uploads\/usu1060\/2021\/10\/Sin-titulo-1.jpg 1035w\" sizes=\"auto, (max-width: 374px) 100vw, 374px\" \/><\/a><\/p>\n<p>Erik B (7anys)<\/p>\n","protected":false},"excerpt":{"rendered":"<p>Avui ens han proposat que baix\u00e9ssim de la planta 7\u00aa de pediatria a la Sala d&#8217;actes de l&#8217;hospital. Una baixada en ascensor de 7 plantes perqu\u00e8 era a la Planta Baixa! No ens imagin\u00e0vem que la sala d&#8217;actes fos tan gran!. A l\u2019arribar ens hem trobat unes volunt\u00e0ries de la Creu Roja que ens han [&hellip;]<\/p>\n","protected":false},"author":1,"featured_media":7723,"comment_status":"open","ping_status":"closed","sticky":false,"template":"","format":"standard","meta":{"_bbp_topic_count":0,"_bbp_reply_count":0,"_bbp_total_topic_count":0,"_bbp_total_reply_count":0,"_bbp_voice_count":0,"_bbp_anonymous_reply_count":0,"_bbp_topic_count_hidden":0,"_bbp_reply_count_hidden":0,"_bbp_forum_subforum_count":0,"site-sidebar-layout":"default","site-content-layout":"","ast-site-content-layout":"default","site-content-style":"default","site-sidebar-style":"default","ast-global-header-display":"","ast-banner-title-visibility":"","ast-main-header-display":"","ast-hfb-above-header-display":"","ast-hfb-below-header-display":"","ast-hfb-mobile-header-display":"","site-post-title":"","ast-breadcrumbs-content":"","ast-featured-img":"","footer-sml-layout":"","theme-transparent-header-meta":"","adv-header-id-meta":"","stick-header-meta":"","header-above-stick-meta":"","header-main-stick-meta":"","header-below-stick-meta":"","astra-migrate-meta-layouts":"set","ast-page-background-enabled":"default","ast-page-background-meta":{"desktop":{"background-color":"var(--ast-global-color-4)","background-image":"","background-repeat":"repeat","background-position":"center center","background-size":"auto","background-attachment":"scroll","background-type":"","background-media":"","overlay-type":"","overlay-color":"","overlay-opacity":"","overlay-gradient":""},"tablet":{"background-color":"","background-image":"","background-repeat":"repeat","background-position":"center center","background-size":"auto","background-attachment":"scroll","background-type":"","background-media":"","overlay-type":"","overlay-color":"","overlay-opacity":"","overlay-gradient":""},"mobile":{"background-color":"","background-image":"","background-repeat":"repeat","background-position":"center center","background-size":"auto","background-attachment":"scroll","background-type":"","background-media":"","overlay-type":"","overlay-color":"","overlay-opacity":"","overlay-gradient":""}},"ast-content-background-meta":{"desktop":{"background-color":"var(--ast-global-color-5)","background-image":"","background-repeat":"repeat","background-position":"center center","background-size":"auto","background-attachment":"scroll","background-type":"","background-media":"","overlay-type":"","overlay-color":"","overlay-opacity":"","overlay-gradient":""},"tablet":{"background-color":"var(--ast-global-color-5)","background-image":"","background-repeat":"repeat","background-position":"center center","background-size":"auto","background-attachment":"scroll","background-type":"","background-media":"","overlay-type":"","overlay-color":"","overlay-opacity":"","overlay-gradient":""},"mobile":{"background-color":"var(--ast-global-color-5)","background-image":"","background-repeat":"repeat","background-position":"center center","background-size":"auto","background-attachment":"scroll","background-type":"","background-media":"","overlay-type":"","overlay-color":"","overlay-opacity":"","overlay-gradient":""}},"footnotes":""},"categories":[92,156,43,1,146],"tags":[],"class_list":["post-7720","post","type-post","status-publish","format-standard","has-post-thumbnail","hentry","category-activitats-obertes","category-curs-2021-22","category-dies-especials","category-general","category-portada"],"post_mailing_queue_ids":[],"_links":{"self":[{"href":"https:\/\/agora.xtec.cat\/aulahospitalariagtp\/wp-json\/wp\/v2\/posts\/7720","targetHints":{"allow":["GET"]}}],"collection":[{"href":"https:\/\/agora.xtec.cat\/aulahospitalariagtp\/wp-json\/wp\/v2\/posts"}],"about":[{"href":"https:\/\/agora.xtec.cat\/aulahospitalariagtp\/wp-json\/wp\/v2\/types\/post"}],"author":[{"embeddable":true,"href":"https:\/\/agora.xtec.cat\/aulahospitalariagtp\/wp-json\/wp\/v2\/users\/1"}],"replies":[{"embeddable":true,"href":"https:\/\/agora.xtec.cat\/aulahospitalariagtp\/wp-json\/wp\/v2\/comments?post=7720"}],"version-history":[{"count":3,"href":"https:\/\/agora.xtec.cat\/aulahospitalariagtp\/wp-json\/wp\/v2\/posts\/7720\/revisions"}],"predecessor-version":[{"id":9602,"href":"https:\/\/agora.xtec.cat\/aulahospitalariagtp\/wp-json\/wp\/v2\/posts\/7720\/revisions\/9602"}],"wp:featuredmedia":[{"embeddable":true,"href":"https:\/\/agora.xtec.cat\/aulahospitalariagtp\/wp-json\/wp\/v2\/media\/7723"}],"wp:attachment":[{"href":"https:\/\/agora.xtec.cat\/aulahospitalariagtp\/wp-json\/wp\/v2\/media?parent=7720"}],"wp:term":[{"taxonomy":"category","embeddable":true,"href":"https:\/\/agora.xtec.cat\/aulahospitalariagtp\/wp-json\/wp\/v2\/categories?post=7720"},{"taxonomy":"post_tag","embeddable":true,"href":"https:\/\/agora.xtec.cat\/aulahospitalariagtp\/wp-json\/wp\/v2\/tags?post=7720"}],"curies":[{"name":"wp","href":"https:\/\/api.w.org\/{rel}","templated":true}]}}