{"id":7629,"date":"2021-05-30T09:13:33","date_gmt":"2021-05-30T07:13:33","guid":{"rendered":"http:\/\/agora.xtec.cat\/aulahospitalariagtp\/?p=7629"},"modified":"2025-05-23T09:58:04","modified_gmt":"2025-05-23T07:58:04","slug":"la-magia-del-coronavirus","status":"publish","type":"post","link":"https:\/\/agora.xtec.cat\/aulahospitalariagtp\/general\/la-magia-del-coronavirus\/","title":{"rendered":"LA M\u00c0GIA DEL CORONAVIRUS"},"content":{"rendered":"<p>Aquest any hem fet m\u00e0gia amb el CORONAVIRUS!<\/p>\n<p>Hem constru\u00eft el nostre propi joc de m\u00e0gia. Els nens\/es han pensat imatges relacionades amb el coronaviurs, la pand\u00e8mia&#8230;\u00a0 Les hem cercat a internet, les hem col\u00b7locat a la casella corresponent i a sota hem posat una breu descripci\u00f3 del que cada imatge t\u00e9 a veure amb el tema del curs : Coronavirus.<br \/>\nCom podeu veure tenim una taula on <span class=\"hiddenGrammarError\">hi<\/span> apareixen diferents parts del cos hum\u00e0 que hem trobat a internet. El mag demana a la persona que pensi en una imatge de les que hi ha.Seguidament, va mostrant uns altres fulls, per\u00f2 ara s\u00f3n m\u00e9s petits. Al final, el mag \u00f3 la maga sabr\u00e0 la imatge que has pensat al principi. Voleu saber com es fa? Doncs feu m\u00e0gia i seguiu llegint!!!!!<\/p>\n<p><a href=\"https:\/\/agora.xtec.cat\/aulahospitalariagtp\/wp-content\/uploads\/usu1060\/2021\/07\/magia-0.jpg\"><img loading=\"lazy\" decoding=\"async\" class=\"alignnone size-medium wp-image-7634\" src=\"https:\/\/agora.xtec.cat\/aulahospitalariagtp\/wp-content\/uploads\/usu1060\/2021\/07\/magia-0-300x222.jpg\" alt=\"\" width=\"300\" height=\"222\" srcset=\"https:\/\/agora.xtec.cat\/aulahospitalariagtp\/wp-content\/uploads\/usu1060\/2021\/07\/magia-0-300x222.jpg 300w, https:\/\/agora.xtec.cat\/aulahospitalariagtp\/wp-content\/uploads\/usu1060\/2021\/07\/magia-0.jpg 756w\" sizes=\"auto, (max-width: 300px) 100vw, 300px\" \/><\/a> <a href=\"https:\/\/agora.xtec.cat\/aulahospitalariagtp\/wp-content\/uploads\/usu1060\/2021\/07\/lletra.jpg\"><img loading=\"lazy\" decoding=\"async\" class=\"alignnone size-medium wp-image-7635\" src=\"https:\/\/agora.xtec.cat\/aulahospitalariagtp\/wp-content\/uploads\/usu1060\/2021\/07\/lletra-300x180.jpg\" alt=\"\" width=\"300\" height=\"180\" srcset=\"https:\/\/agora.xtec.cat\/aulahospitalariagtp\/wp-content\/uploads\/usu1060\/2021\/07\/lletra-300x180.jpg 300w, https:\/\/agora.xtec.cat\/aulahospitalariagtp\/wp-content\/uploads\/usu1060\/2021\/07\/lletra-768x461.jpg 768w, https:\/\/agora.xtec.cat\/aulahospitalariagtp\/wp-content\/uploads\/usu1060\/2021\/07\/lletra-1024x615.jpg 1024w, https:\/\/agora.xtec.cat\/aulahospitalariagtp\/wp-content\/uploads\/usu1060\/2021\/07\/lletra.jpg 1027w\" sizes=\"auto, (max-width: 300px) 100vw, 300px\" \/><\/a><a href=\"https:\/\/agora.xtec.cat\/aulahospitalariagtp\/wp-content\/uploads\/usu1060\/2021\/07\/MAGIA2.jpg\"><img loading=\"lazy\" decoding=\"async\" class=\"alignnone size-medium wp-image-7632\" src=\"https:\/\/agora.xtec.cat\/aulahospitalariagtp\/wp-content\/uploads\/usu1060\/2021\/07\/MAGIA2-231x300.jpg\" alt=\"\" width=\"231\" height=\"300\" srcset=\"https:\/\/agora.xtec.cat\/aulahospitalariagtp\/wp-content\/uploads\/usu1060\/2021\/07\/MAGIA2-231x300.jpg 231w, https:\/\/agora.xtec.cat\/aulahospitalariagtp\/wp-content\/uploads\/usu1060\/2021\/07\/MAGIA2.jpg 469w\" sizes=\"auto, (max-width: 231px) 100vw, 231px\" \/><\/a><\/p>\n<p><span style=\"color: #ffffff;\">Truc<\/span><br \/>\n<span style=\"color: #ffffff;\"> Una persona escull una imatge.<\/span><br \/>\n<span style=\"color: #ffffff;\"> Despr\u00e9s agafavem unes taules petites i la persona que ha triat la imatge haur\u00e0 de dir a quina taula \u00e9s i a quina no.<\/span><br \/>\n<span style=\"color: #ffffff;\"> Per endevinar quina imatge \u00e9s haurem de recordar\u00a0 el n\u00famero de cada cantonada de l\u2019esquerra i anar sumant\u2026 per\u00f2 compte! Nom\u00e9s es sumen\u00a0<\/span><span style=\"color: #ffffff;\"> els n\u00fameros dels fulls que ens diguini que s\u00ed hi \u00e9s.<\/span><br \/>\n<span style=\"color: #ffffff;\"> Quan j haguem sumat tots els que ha dit que s\u00ed hi \u00e9s, ens donar\u00e0 un n\u00famero i aquest \u00e9s la resposta.<\/span><\/p>\n","protected":false},"excerpt":{"rendered":"<p>Aquest any hem fet m\u00e0gia amb el CORONAVIRUS! Hem constru\u00eft el nostre propi joc de m\u00e0gia. Els nens\/es han pensat imatges relacionades amb el coronaviurs, la pand\u00e8mia&#8230;\u00a0 Les hem cercat a internet, les hem col\u00b7locat a la casella corresponent i a sota hem posat una breu descripci\u00f3 del que cada imatge t\u00e9 a veure amb [&hellip;]<\/p>\n","protected":false},"author":1,"featured_media":9610,"comment_status":"open","ping_status":"closed","sticky":false,"template":"","format":"standard","meta":{"_bbp_topic_count":0,"_bbp_reply_count":0,"_bbp_total_topic_count":0,"_bbp_total_reply_count":0,"_bbp_voice_count":0,"_bbp_anonymous_reply_count":0,"_bbp_topic_count_hidden":0,"_bbp_reply_count_hidden":0,"_bbp_forum_subforum_count":0,"site-sidebar-layout":"default","site-content-layout":"","ast-site-content-layout":"default","site-content-style":"default","site-sidebar-style":"default","ast-global-header-display":"","ast-banner-title-visibility":"","ast-main-header-display":"","ast-hfb-above-header-display":"","ast-hfb-below-header-display":"","ast-hfb-mobile-header-display":"","site-post-title":"","ast-breadcrumbs-content":"","ast-featured-img":"","footer-sml-layout":"","theme-transparent-header-meta":"","adv-header-id-meta":"","stick-header-meta":"","header-above-stick-meta":"","header-main-stick-meta":"","header-below-stick-meta":"","astra-migrate-meta-layouts":"set","ast-page-background-enabled":"default","ast-page-background-meta":{"desktop":{"background-color":"var(--ast-global-color-4)","background-image":"","background-repeat":"repeat","background-position":"center center","background-size":"auto","background-attachment":"scroll","background-type":"","background-media":"","overlay-type":"","overlay-color":"","overlay-opacity":"","overlay-gradient":""},"tablet":{"background-color":"","background-image":"","background-repeat":"repeat","background-position":"center center","background-size":"auto","background-attachment":"scroll","background-type":"","background-media":"","overlay-type":"","overlay-color":"","overlay-opacity":"","overlay-gradient":""},"mobile":{"background-color":"","background-image":"","background-repeat":"repeat","background-position":"center center","background-size":"auto","background-attachment":"scroll","background-type":"","background-media":"","overlay-type":"","overlay-color":"","overlay-opacity":"","overlay-gradient":""}},"ast-content-background-meta":{"desktop":{"background-color":"var(--ast-global-color-5)","background-image":"","background-repeat":"repeat","background-position":"center center","background-size":"auto","background-attachment":"scroll","background-type":"","background-media":"","overlay-type":"","overlay-color":"","overlay-opacity":"","overlay-gradient":""},"tablet":{"background-color":"var(--ast-global-color-5)","background-image":"","background-repeat":"repeat","background-position":"center center","background-size":"auto","background-attachment":"scroll","background-type":"","background-media":"","overlay-type":"","overlay-color":"","overlay-opacity":"","overlay-gradient":""},"mobile":{"background-color":"var(--ast-global-color-5)","background-image":"","background-repeat":"repeat","background-position":"center center","background-size":"auto","background-attachment":"scroll","background-type":"","background-media":"","overlay-type":"","overlay-color":"","overlay-opacity":"","overlay-gradient":""}},"footnotes":""},"categories":[99,153,148,128,1,146,69],"tags":[],"class_list":["post-7629","post","type-post","status-publish","format-standard","has-post-thumbnail","hentry","category-com-passa-el-temps","category-coronavirus","category-curs-202-21","category-tema","category-general","category-portada","category-treballs-a-laula"],"post_mailing_queue_ids":[],"_links":{"self":[{"href":"https:\/\/agora.xtec.cat\/aulahospitalariagtp\/wp-json\/wp\/v2\/posts\/7629","targetHints":{"allow":["GET"]}}],"collection":[{"href":"https:\/\/agora.xtec.cat\/aulahospitalariagtp\/wp-json\/wp\/v2\/posts"}],"about":[{"href":"https:\/\/agora.xtec.cat\/aulahospitalariagtp\/wp-json\/wp\/v2\/types\/post"}],"author":[{"embeddable":true,"href":"https:\/\/agora.xtec.cat\/aulahospitalariagtp\/wp-json\/wp\/v2\/users\/1"}],"replies":[{"embeddable":true,"href":"https:\/\/agora.xtec.cat\/aulahospitalariagtp\/wp-json\/wp\/v2\/comments?post=7629"}],"version-history":[{"count":4,"href":"https:\/\/agora.xtec.cat\/aulahospitalariagtp\/wp-json\/wp\/v2\/posts\/7629\/revisions"}],"predecessor-version":[{"id":9611,"href":"https:\/\/agora.xtec.cat\/aulahospitalariagtp\/wp-json\/wp\/v2\/posts\/7629\/revisions\/9611"}],"wp:featuredmedia":[{"embeddable":true,"href":"https:\/\/agora.xtec.cat\/aulahospitalariagtp\/wp-json\/wp\/v2\/media\/9610"}],"wp:attachment":[{"href":"https:\/\/agora.xtec.cat\/aulahospitalariagtp\/wp-json\/wp\/v2\/media?parent=7629"}],"wp:term":[{"taxonomy":"category","embeddable":true,"href":"https:\/\/agora.xtec.cat\/aulahospitalariagtp\/wp-json\/wp\/v2\/categories?post=7629"},{"taxonomy":"post_tag","embeddable":true,"href":"https:\/\/agora.xtec.cat\/aulahospitalariagtp\/wp-json\/wp\/v2\/tags?post=7629"}],"curies":[{"name":"wp","href":"https:\/\/api.w.org\/{rel}","templated":true}]}}