{"id":7547,"date":"2021-05-17T09:55:23","date_gmt":"2021-05-17T07:55:23","guid":{"rendered":"http:\/\/agora.xtec.cat\/aulahospitalariagtp\/?p=7547"},"modified":"2025-05-26T14:14:43","modified_gmt":"2025-05-26T12:14:43","slug":"13-maig-dia-de-linfant-hospitalitzat","status":"publish","type":"post","link":"https:\/\/agora.xtec.cat\/aulahospitalariagtp\/general\/13-maig-dia-de-linfant-hospitalitzat\/","title":{"rendered":"13 maig. Dia de l&#8217;infant hospitalitzat!"},"content":{"rendered":"<p><img loading=\"lazy\" decoding=\"async\" class=\"wp-image-7552 alignleft\" src=\"https:\/\/agora.xtec.cat\/aulahospitalariagtp\/wp-content\/uploads\/usu1060\/2021\/05\/foto-232x300.jpg\" alt=\"\" width=\"384\" height=\"497\" srcset=\"https:\/\/agora.xtec.cat\/aulahospitalariagtp\/wp-content\/uploads\/usu1060\/2021\/05\/foto-232x300.jpg 232w, https:\/\/agora.xtec.cat\/aulahospitalariagtp\/wp-content\/uploads\/usu1060\/2021\/05\/foto-768x994.jpg 768w, https:\/\/agora.xtec.cat\/aulahospitalariagtp\/wp-content\/uploads\/usu1060\/2021\/05\/foto-791x1024.jpg 791w\" sizes=\"auto, (max-width: 384px) 100vw, 384px\" \/><span style=\"font-family: inherit; font-size: 1em;\">Un cop m\u00e9s som a 13 de maig. \u201cDia del Nen hospitalitzat\u201d. Tal dia com avui al 1986 el Parlament Europeu va aprovar la Carta Europea dels Drets dels Infants Hospitalitzats, i novament ens hem unit a la iniciativa de la Fundaci\u00f3n Atresmedia que es coordina amb altres hospitals del territori espanyol per celebrar aquest dia. La seva proposta era que cada nen\/a grav\u00e9s la tornada de la can\u00e7\u00f3 besos de la cantant Conchita per que ells agafarien les veus dels nens hospitalitzats i en faran el muntatge. i enviar petons \u2665\ufe0f. Com que el coronavirus encara ens envolta i no ens podem donar petons en directe, ja heu vist que l&#8217;Omayma ens va fer un supertutorial on ens explica com fer una boca de paper. A m\u00e9s a m\u00e9s hem\u00a0 Aquests dies n&#8217;hem apr\u00e8s a fer i avui les utilitzarem per enviar molts PETONS \u2665\ufe0f \u2665\ufe0f a tots aquells infants i joves que en aquests moments estan ingressats, i tamb\u00e9 molts PETONS \u2665\ufe0f \u2665\ufe0f per a tot el personal que treballa a l\u2019hospital i que vetlla perqu\u00e8 tot SURTI B\u00c9. . <\/span><span style=\"font-family: inherit; font-size: 1em;\">Cliqueu sobre la imatge de grup i ens veureu en plena acci\u00f3!.\u00a0 \u00a0<\/span><\/p>\n<div class=\"ast-oembed-container \" style=\"height: 100%;\"><iframe loading=\"lazy\" src=\"https:\/\/player.vimeo.com\/video\/551236813?dnt=1&amp;app_id=122963\" width=\"480\" height=\"480\" frameborder=\"0\" allow=\"autoplay; fullscreen; picture-in-picture; clipboard-write\"><\/iframe><\/div>\n<p>Ahir va ser el dia del nen hospitalitzat i va ser molt divertit. Vam fer com una festa entre tots. Est\u00e0vem l&#8217;Elias i jo de nens perqu\u00e8 els altres no podien sortir de l&#8217;habitaci\u00f3. Van venir moltes infermeres, la Roser i la Dra Escalivada. Abans vam aprendre a fer petons de paper i quan va sonar la can\u00e7\u00f3 de la Conchita ens vam posar a ballar i a tirar-nos globus.\u00a0 Elias (7anys).<\/p>\n<p><a href=\"https:\/\/agora.xtec.cat\/aulahospitalariagtp\/wp-content\/uploads\/usu1060\/2021\/05\/WhatsApp-Image-2021-05-13-at-13.33.38-2.jpg\"><img loading=\"lazy\" decoding=\"async\" class=\" wp-image-7555 alignleft\" src=\"https:\/\/agora.xtec.cat\/aulahospitalariagtp\/wp-content\/uploads\/usu1060\/2021\/05\/WhatsApp-Image-2021-05-13-at-13.33.38-2-300x220.jpg\" alt=\"\" width=\"210\" height=\"154\" srcset=\"https:\/\/agora.xtec.cat\/aulahospitalariagtp\/wp-content\/uploads\/usu1060\/2021\/05\/WhatsApp-Image-2021-05-13-at-13.33.38-2-300x220.jpg 300w, https:\/\/agora.xtec.cat\/aulahospitalariagtp\/wp-content\/uploads\/usu1060\/2021\/05\/WhatsApp-Image-2021-05-13-at-13.33.38-2-768x563.jpg 768w, https:\/\/agora.xtec.cat\/aulahospitalariagtp\/wp-content\/uploads\/usu1060\/2021\/05\/WhatsApp-Image-2021-05-13-at-13.33.38-2.jpg 988w\" sizes=\"auto, (max-width: 210px) 100vw, 210px\" \/><\/a>\u00a0 L&#8217;Arwa us envia un gran pet\u00f3 des de la seva habitaci\u00f3.<\/p>\n<p><img loading=\"lazy\" decoding=\"async\" class=\"alignleft wp-image-7554\" src=\"https:\/\/agora.xtec.cat\/aulahospitalariagtp\/wp-content\/uploads\/usu1060\/2021\/05\/IMG_0485-300x185.jpg\" alt=\"\" width=\"638\" height=\"393\" srcset=\"https:\/\/agora.xtec.cat\/aulahospitalariagtp\/wp-content\/uploads\/usu1060\/2021\/05\/IMG_0485-300x185.jpg 300w, https:\/\/agora.xtec.cat\/aulahospitalariagtp\/wp-content\/uploads\/usu1060\/2021\/05\/IMG_0485-1024x633.jpg 1024w, https:\/\/agora.xtec.cat\/aulahospitalariagtp\/wp-content\/uploads\/usu1060\/2021\/05\/IMG_0485.jpg 1317w\" sizes=\"auto, (max-width: 638px) 100vw, 638px\" \/><\/p>\n","protected":false},"excerpt":{"rendered":"<p>Un cop m\u00e9s som a 13 de maig. \u201cDia del Nen hospitalitzat\u201d. Tal dia com avui al 1986 el Parlament Europeu va aprovar la Carta Europea dels Drets dels Infants Hospitalitzats, i novament ens hem unit a la iniciativa de la Fundaci\u00f3n Atresmedia que es coordina amb altres hospitals del territori espanyol per celebrar aquest [&hellip;]<\/p>\n","protected":false},"author":1,"featured_media":7554,"comment_status":"open","ping_status":"closed","sticky":false,"template":"","format":"standard","meta":{"_bbp_topic_count":0,"_bbp_reply_count":0,"_bbp_total_topic_count":0,"_bbp_total_reply_count":0,"_bbp_voice_count":0,"_bbp_anonymous_reply_count":0,"_bbp_topic_count_hidden":0,"_bbp_reply_count_hidden":0,"_bbp_forum_subforum_count":0,"site-sidebar-layout":"default","site-content-layout":"","ast-site-content-layout":"default","site-content-style":"default","site-sidebar-style":"default","ast-global-header-display":"","ast-banner-title-visibility":"","ast-main-header-display":"","ast-hfb-above-header-display":"","ast-hfb-below-header-display":"","ast-hfb-mobile-header-display":"","site-post-title":"","ast-breadcrumbs-content":"","ast-featured-img":"","footer-sml-layout":"","theme-transparent-header-meta":"","adv-header-id-meta":"","stick-header-meta":"","header-above-stick-meta":"","header-main-stick-meta":"","header-below-stick-meta":"","astra-migrate-meta-layouts":"set","ast-page-background-enabled":"default","ast-page-background-meta":{"desktop":{"background-color":"var(--ast-global-color-4)","background-image":"","background-repeat":"repeat","background-position":"center center","background-size":"auto","background-attachment":"scroll","background-type":"","background-media":"","overlay-type":"","overlay-color":"","overlay-opacity":"","overlay-gradient":""},"tablet":{"background-color":"","background-image":"","background-repeat":"repeat","background-position":"center center","background-size":"auto","background-attachment":"scroll","background-type":"","background-media":"","overlay-type":"","overlay-color":"","overlay-opacity":"","overlay-gradient":""},"mobile":{"background-color":"","background-image":"","background-repeat":"repeat","background-position":"center center","background-size":"auto","background-attachment":"scroll","background-type":"","background-media":"","overlay-type":"","overlay-color":"","overlay-opacity":"","overlay-gradient":""}},"ast-content-background-meta":{"desktop":{"background-color":"var(--ast-global-color-5)","background-image":"","background-repeat":"repeat","background-position":"center center","background-size":"auto","background-attachment":"scroll","background-type":"","background-media":"","overlay-type":"","overlay-color":"","overlay-opacity":"","overlay-gradient":""},"tablet":{"background-color":"var(--ast-global-color-5)","background-image":"","background-repeat":"repeat","background-position":"center center","background-size":"auto","background-attachment":"scroll","background-type":"","background-media":"","overlay-type":"","overlay-color":"","overlay-opacity":"","overlay-gradient":""},"mobile":{"background-color":"var(--ast-global-color-5)","background-image":"","background-repeat":"repeat","background-position":"center center","background-size":"auto","background-attachment":"scroll","background-type":"","background-media":"","overlay-type":"","overlay-color":"","overlay-opacity":"","overlay-gradient":""}},"footnotes":""},"categories":[148,43,1,146],"tags":[149,101],"class_list":["post-7547","post","type-post","status-publish","format-standard","has-post-thumbnail","hentry","category-curs-202-21","category-dies-especials","category-general","category-portada","tag-curs-2020-21","tag-dia-especial"],"post_mailing_queue_ids":[],"_links":{"self":[{"href":"https:\/\/agora.xtec.cat\/aulahospitalariagtp\/wp-json\/wp\/v2\/posts\/7547","targetHints":{"allow":["GET"]}}],"collection":[{"href":"https:\/\/agora.xtec.cat\/aulahospitalariagtp\/wp-json\/wp\/v2\/posts"}],"about":[{"href":"https:\/\/agora.xtec.cat\/aulahospitalariagtp\/wp-json\/wp\/v2\/types\/post"}],"author":[{"embeddable":true,"href":"https:\/\/agora.xtec.cat\/aulahospitalariagtp\/wp-json\/wp\/v2\/users\/1"}],"replies":[{"embeddable":true,"href":"https:\/\/agora.xtec.cat\/aulahospitalariagtp\/wp-json\/wp\/v2\/comments?post=7547"}],"version-history":[{"count":4,"href":"https:\/\/agora.xtec.cat\/aulahospitalariagtp\/wp-json\/wp\/v2\/posts\/7547\/revisions"}],"predecessor-version":[{"id":9613,"href":"https:\/\/agora.xtec.cat\/aulahospitalariagtp\/wp-json\/wp\/v2\/posts\/7547\/revisions\/9613"}],"wp:featuredmedia":[{"embeddable":true,"href":"https:\/\/agora.xtec.cat\/aulahospitalariagtp\/wp-json\/wp\/v2\/media\/7554"}],"wp:attachment":[{"href":"https:\/\/agora.xtec.cat\/aulahospitalariagtp\/wp-json\/wp\/v2\/media?parent=7547"}],"wp:term":[{"taxonomy":"category","embeddable":true,"href":"https:\/\/agora.xtec.cat\/aulahospitalariagtp\/wp-json\/wp\/v2\/categories?post=7547"},{"taxonomy":"post_tag","embeddable":true,"href":"https:\/\/agora.xtec.cat\/aulahospitalariagtp\/wp-json\/wp\/v2\/tags?post=7547"}],"curies":[{"name":"wp","href":"https:\/\/api.w.org\/{rel}","templated":true}]}}