{"id":7466,"date":"2021-04-23T20:31:22","date_gmt":"2021-04-23T18:31:22","guid":{"rendered":"http:\/\/agora.xtec.cat\/aulahospitalariagtp\/?p=7466"},"modified":"2025-05-26T14:15:19","modified_gmt":"2025-05-26T12:15:19","slug":"el-dia-de-sant-jordi-a-lhospital","status":"publish","type":"post","link":"https:\/\/agora.xtec.cat\/aulahospitalariagtp\/general\/el-dia-de-sant-jordi-a-lhospital\/","title":{"rendered":"EL DIA DE SANT JORDI A L&#8217;HOSPITAL."},"content":{"rendered":"<p style=\"text-align: justify;\">En primer lloc voldria\u00a0 agrair la implicaci\u00f3 i col.laboraci\u00f3 de diferents entitats i departaments del nostre hospital en la celebraci\u00f3 d&#8217;aquesta diada de Sant Jordi tan especial.\u00a0 La <strong>CREU ROJA<\/strong> ens ha regalat\u00a0 llapis rosa, agulles de cabell i lli<a href=\"https:\/\/agora.xtec.cat\/aulahospitalariagtp\/wp-content\/uploads\/usu1060\/2021\/04\/infermeria-2.jpeg\"><img loading=\"lazy\" decoding=\"async\" class=\"wp-image-7479 alignleft\" src=\"https:\/\/agora.xtec.cat\/aulahospitalariagtp\/wp-content\/uploads\/usu1060\/2021\/04\/infermeria-2-300x200.jpeg\" alt=\"\" width=\"404\" height=\"269\" srcset=\"https:\/\/agora.xtec.cat\/aulahospitalariagtp\/wp-content\/uploads\/usu1060\/2021\/04\/infermeria-2-300x200.jpeg 300w, https:\/\/agora.xtec.cat\/aulahospitalariagtp\/wp-content\/uploads\/usu1060\/2021\/04\/infermeria-2-768x513.jpeg 768w, https:\/\/agora.xtec.cat\/aulahospitalariagtp\/wp-content\/uploads\/usu1060\/2021\/04\/infermeria-2-1024x684.jpeg 1024w, https:\/\/agora.xtec.cat\/aulahospitalariagtp\/wp-content\/uploads\/usu1060\/2021\/04\/infermeria-2.jpeg 1490w\" sizes=\"auto, (max-width: 404px) 100vw, 404px\" \/><\/a>bres,\u00a0 la <strong> Fundaci\u00f3 El SOMNI DELS NENS <\/strong>ens ha donat colors i alguns llibres, el <strong>projecte literari CAP INFANT SENSE JOGUINES<\/strong> un any m\u00e9s ens ha regalat un llibret per pintar titulat &#8220;<em>La llegenda del cavaller Valent\u00ed&#8221;. <\/em>El\u00a0<strong>Clijcat (Consell de literatura Infantil i Juvenil de Catalunya), <\/strong>que malgrat aquest any, per motiu de la pand\u00e8mia,\u00a0 no han pogut venir els autors de llibres\u00a0 a fer-nos una vista, ens han fet arribar alguns llibres.\u00a0 Agra\u00efr especialment a la la <strong>Fundaci\u00f3 THEODORA,<\/strong> que amb els seus\u00a0 Drs i Dres Sonrisa, reparteixen il.lusi\u00f3 i alegria. <a href=\"https:\/\/agora.xtec.cat\/aulahospitalariagtp\/wp-content\/uploads\/usu1060\/2021\/04\/WhatsApp-Image-2021-04-23-at-14.39.04.jpeg\"><img loading=\"lazy\" decoding=\"async\" class=\"wp-image-7475 alignright\" src=\"https:\/\/agora.xtec.cat\/aulahospitalariagtp\/wp-content\/uploads\/usu1060\/2021\/04\/WhatsApp-Image-2021-04-23-at-14.39.04-300x169.jpeg\" alt=\"\" width=\"338\" height=\"191\" srcset=\"https:\/\/agora.xtec.cat\/aulahospitalariagtp\/wp-content\/uploads\/usu1060\/2021\/04\/WhatsApp-Image-2021-04-23-at-14.39.04-300x169.jpeg 300w, https:\/\/agora.xtec.cat\/aulahospitalariagtp\/wp-content\/uploads\/usu1060\/2021\/04\/WhatsApp-Image-2021-04-23-at-14.39.04-768x433.jpeg 768w, https:\/\/agora.xtec.cat\/aulahospitalariagtp\/wp-content\/uploads\/usu1060\/2021\/04\/WhatsApp-Image-2021-04-23-at-14.39.04-1024x578.jpeg 1024w, https:\/\/agora.xtec.cat\/aulahospitalariagtp\/wp-content\/uploads\/usu1060\/2021\/04\/WhatsApp-Image-2021-04-23-at-14.39.04.jpeg 1600w\" sizes=\"auto, (max-width: 338px) 100vw, 338px\" \/><\/a>Avui, el Dr. Pascualon (Fund. Theodora)\u00a0 juntament amb la Loli d&#8217;<strong>ATENCI\u00d3 A LA CIUTADANIA, <\/strong>hem repartit els regals per les habitacions i l&#8217;Hospital de Dia. La\u00a0 Roser,del <strong>Dep. COMUNICACI\u00d3, <\/strong>ens ha fet unes bones fotos. <span style=\"font-family: inherit; font-size: 1em;\">Personalment vull agrair a l&#8217;<strong>hospital<\/strong> aquesta bonica rosa que ens ha fet arribar a tots els professionals que hi treballem, i tamb\u00e9 als meus <strong><em>companys i companyes de la planta de pediatria<\/em><\/strong> per col.laborar en totes les iniciatives.\u00a0 GR\u00c0CIES i Feli\u00e7 Sant Jordi !\u00a0 <\/span><\/p>\n<p><a href=\"https:\/\/agora.xtec.cat\/aulahospitalariagtp\/wp-content\/uploads\/usu1060\/2021\/04\/IMG_9589-compressed.jpeg\"><img loading=\"lazy\" decoding=\"async\" class=\"size-medium wp-image-7476 alignright\" src=\"https:\/\/agora.xtec.cat\/aulahospitalariagtp\/wp-content\/uploads\/usu1060\/2021\/04\/IMG_9589-compressed-300x225.jpeg\" alt=\"\" width=\"300\" height=\"225\" srcset=\"https:\/\/agora.xtec.cat\/aulahospitalariagtp\/wp-content\/uploads\/usu1060\/2021\/04\/IMG_9589-compressed-300x225.jpeg 300w, https:\/\/agora.xtec.cat\/aulahospitalariagtp\/wp-content\/uploads\/usu1060\/2021\/04\/IMG_9589-compressed-768x576.jpeg 768w, https:\/\/agora.xtec.cat\/aulahospitalariagtp\/wp-content\/uploads\/usu1060\/2021\/04\/IMG_9589-compressed-1024x768.jpeg 1024w, https:\/\/agora.xtec.cat\/aulahospitalariagtp\/wp-content\/uploads\/usu1060\/2021\/04\/IMG_9589-compressed-200x150.jpeg 200w\" sizes=\"auto, (max-width: 300px) 100vw, 300px\" \/><\/a>La Cloe us explica alguna coseta m\u00e9s.\u00a0 Roser Jov\u00e9 &#8221; la profe&#8221;<\/p>\n<p><em>Hola, s\u00f3c la Cloe, tinc 9 anys i us vull explicar\u00a0 que avui m&#8217;he trobat una sorpresa a l&#8217;hospital Can Ruti! Com \u00e9s el dia de Sant Jordi la Roser, que \u00e9s la profe de l&#8217;hospital i el Dr Pascual\u00f3n que et fa molt riure han passat per totes les habitacions i ens han regalat a tots els nens i nenes\u00a0 i familiars llibres i roses. A mi m&#8217;han regalat tamb\u00e9 un llibret de la &#8220;llegenda del cavaller Valent\u00ed&#8221;, un llapis que tenia una rosa on est\u00e0 la goma i un agulla del cabell amb una rosa.\u00a0 Ah!! tamb\u00e9 el punt de llibre que ha guanyat el concurs!.<\/em><\/p>\n<p>Ens ha agradat molt.<\/p>\n<p>Cloe\u00a0 B. (9 anys)<\/p>\n","protected":false},"excerpt":{"rendered":"<p>En primer lloc voldria\u00a0 agrair la implicaci\u00f3 i col.laboraci\u00f3 de diferents entitats i departaments del nostre hospital en la celebraci\u00f3 d&#8217;aquesta diada de Sant Jordi tan especial.\u00a0 La CREU ROJA ens ha regalat\u00a0 llapis rosa, agulles de cabell i llibres,\u00a0 la Fundaci\u00f3 El SOMNI DELS NENS ens ha donat colors i alguns llibres, el projecte [&hellip;]<\/p>\n","protected":false},"author":1,"featured_media":7479,"comment_status":"open","ping_status":"closed","sticky":false,"template":"","format":"standard","meta":{"_bbp_topic_count":0,"_bbp_reply_count":0,"_bbp_total_topic_count":0,"_bbp_total_reply_count":0,"_bbp_voice_count":0,"_bbp_anonymous_reply_count":0,"_bbp_topic_count_hidden":0,"_bbp_reply_count_hidden":0,"_bbp_forum_subforum_count":0,"site-sidebar-layout":"default","site-content-layout":"","ast-site-content-layout":"default","site-content-style":"default","site-sidebar-style":"default","ast-global-header-display":"","ast-banner-title-visibility":"","ast-main-header-display":"","ast-hfb-above-header-display":"","ast-hfb-below-header-display":"","ast-hfb-mobile-header-display":"","site-post-title":"","ast-breadcrumbs-content":"","ast-featured-img":"","footer-sml-layout":"","theme-transparent-header-meta":"","adv-header-id-meta":"","stick-header-meta":"","header-above-stick-meta":"","header-main-stick-meta":"","header-below-stick-meta":"","astra-migrate-meta-layouts":"set","ast-page-background-enabled":"default","ast-page-background-meta":{"desktop":{"background-color":"var(--ast-global-color-4)","background-image":"","background-repeat":"repeat","background-position":"center center","background-size":"auto","background-attachment":"scroll","background-type":"","background-media":"","overlay-type":"","overlay-color":"","overlay-opacity":"","overlay-gradient":""},"tablet":{"background-color":"","background-image":"","background-repeat":"repeat","background-position":"center center","background-size":"auto","background-attachment":"scroll","background-type":"","background-media":"","overlay-type":"","overlay-color":"","overlay-opacity":"","overlay-gradient":""},"mobile":{"background-color":"","background-image":"","background-repeat":"repeat","background-position":"center center","background-size":"auto","background-attachment":"scroll","background-type":"","background-media":"","overlay-type":"","overlay-color":"","overlay-opacity":"","overlay-gradient":""}},"ast-content-background-meta":{"desktop":{"background-color":"var(--ast-global-color-5)","background-image":"","background-repeat":"repeat","background-position":"center center","background-size":"auto","background-attachment":"scroll","background-type":"","background-media":"","overlay-type":"","overlay-color":"","overlay-opacity":"","overlay-gradient":""},"tablet":{"background-color":"var(--ast-global-color-5)","background-image":"","background-repeat":"repeat","background-position":"center center","background-size":"auto","background-attachment":"scroll","background-type":"","background-media":"","overlay-type":"","overlay-color":"","overlay-opacity":"","overlay-gradient":""},"mobile":{"background-color":"var(--ast-global-color-5)","background-image":"","background-repeat":"repeat","background-position":"center center","background-size":"auto","background-attachment":"scroll","background-type":"","background-media":"","overlay-type":"","overlay-color":"","overlay-opacity":"","overlay-gradient":""}},"footnotes":""},"categories":[148,94,1,146,45],"tags":[],"class_list":["post-7466","post","type-post","status-publish","format-standard","has-post-thumbnail","hentry","category-curs-202-21","category-ens-visiten","category-general","category-portada","category-sant-jordi"],"post_mailing_queue_ids":[],"_links":{"self":[{"href":"https:\/\/agora.xtec.cat\/aulahospitalariagtp\/wp-json\/wp\/v2\/posts\/7466","targetHints":{"allow":["GET"]}}],"collection":[{"href":"https:\/\/agora.xtec.cat\/aulahospitalariagtp\/wp-json\/wp\/v2\/posts"}],"about":[{"href":"https:\/\/agora.xtec.cat\/aulahospitalariagtp\/wp-json\/wp\/v2\/types\/post"}],"author":[{"embeddable":true,"href":"https:\/\/agora.xtec.cat\/aulahospitalariagtp\/wp-json\/wp\/v2\/users\/1"}],"replies":[{"embeddable":true,"href":"https:\/\/agora.xtec.cat\/aulahospitalariagtp\/wp-json\/wp\/v2\/comments?post=7466"}],"version-history":[{"count":4,"href":"https:\/\/agora.xtec.cat\/aulahospitalariagtp\/wp-json\/wp\/v2\/posts\/7466\/revisions"}],"predecessor-version":[{"id":9614,"href":"https:\/\/agora.xtec.cat\/aulahospitalariagtp\/wp-json\/wp\/v2\/posts\/7466\/revisions\/9614"}],"wp:featuredmedia":[{"embeddable":true,"href":"https:\/\/agora.xtec.cat\/aulahospitalariagtp\/wp-json\/wp\/v2\/media\/7479"}],"wp:attachment":[{"href":"https:\/\/agora.xtec.cat\/aulahospitalariagtp\/wp-json\/wp\/v2\/media?parent=7466"}],"wp:term":[{"taxonomy":"category","embeddable":true,"href":"https:\/\/agora.xtec.cat\/aulahospitalariagtp\/wp-json\/wp\/v2\/categories?post=7466"},{"taxonomy":"post_tag","embeddable":true,"href":"https:\/\/agora.xtec.cat\/aulahospitalariagtp\/wp-json\/wp\/v2\/tags?post=7466"}],"curies":[{"name":"wp","href":"https:\/\/api.w.org\/{rel}","templated":true}]}}