{"id":7337,"date":"2021-03-10T13:11:31","date_gmt":"2021-03-10T12:11:31","guid":{"rendered":"http:\/\/agora.xtec.cat\/aulahospitalariagtp\/?p=7337"},"modified":"2021-03-10T21:00:39","modified_gmt":"2021-03-10T20:00:39","slug":"dia-de-la-dona-8-de-marc","status":"publish","type":"post","link":"https:\/\/agora.xtec.cat\/aulahospitalariagtp\/general\/dia-de-la-dona-8-de-marc\/","title":{"rendered":"DIA DE LA DONA 8 de MAR\u00c7"},"content":{"rendered":"<p><img loading=\"lazy\" decoding=\"async\" class=\"wp-image-7347 alignleft\" src=\"https:\/\/agora.xtec.cat\/aulahospitalariagtp\/wp-content\/uploads\/usu1060\/2021\/03\/WhatsApp-Image-2021-03-08-at-14.33.50-1-300x210.jpeg\" alt=\"\" width=\"371\" height=\"260\" srcset=\"https:\/\/agora.xtec.cat\/aulahospitalariagtp\/wp-content\/uploads\/usu1060\/2021\/03\/WhatsApp-Image-2021-03-08-at-14.33.50-1-300x210.jpeg 300w, https:\/\/agora.xtec.cat\/aulahospitalariagtp\/wp-content\/uploads\/usu1060\/2021\/03\/WhatsApp-Image-2021-03-08-at-14.33.50-1-768x537.jpeg 768w, https:\/\/agora.xtec.cat\/aulahospitalariagtp\/wp-content\/uploads\/usu1060\/2021\/03\/WhatsApp-Image-2021-03-08-at-14.33.50-1-1024x716.jpeg 1024w, https:\/\/agora.xtec.cat\/aulahospitalariagtp\/wp-content\/uploads\/usu1060\/2021\/03\/WhatsApp-Image-2021-03-08-at-14.33.50-1.jpeg 1434w\" sizes=\"auto, (max-width: 371px) 100vw, 371px\" \/><\/p>\n<p><a href=\"https:\/\/agora.xtec.cat\/aulahospitalariagtp\/wp-content\/uploads\/usu1060\/2021\/03\/IMG_20210308_143226_2-removebg-preview.png\"><img loading=\"lazy\" decoding=\"async\" class=\"alignnone wp-image-7352\" src=\"https:\/\/agora.xtec.cat\/aulahospitalariagtp\/wp-content\/uploads\/usu1060\/2021\/03\/IMG_20210308_143226_2-removebg-preview-300x37.png\" alt=\"\" width=\"430\" height=\"53\" srcset=\"https:\/\/agora.xtec.cat\/aulahospitalariagtp\/wp-content\/uploads\/usu1060\/2021\/03\/IMG_20210308_143226_2-removebg-preview-300x37.png 300w, https:\/\/agora.xtec.cat\/aulahospitalariagtp\/wp-content\/uploads\/usu1060\/2021\/03\/IMG_20210308_143226_2-removebg-preview-768x95.png 768w, https:\/\/agora.xtec.cat\/aulahospitalariagtp\/wp-content\/uploads\/usu1060\/2021\/03\/IMG_20210308_143226_2-removebg-preview-1024x127.png 1024w, https:\/\/agora.xtec.cat\/aulahospitalariagtp\/wp-content\/uploads\/usu1060\/2021\/03\/IMG_20210308_143226_2-removebg-preview.png 1418w\" sizes=\"auto, (max-width: 430px) 100vw, 430px\" \/><\/a><\/p>\n<p>Hola, des de l&#8217;aula hospital\u00e0ria Can Ruti hem reflexionat sobre el seg\u00fcent v\u00eddeo, el qual us recomanem perqu\u00e8 en pocs minuts et resumeix l&#8217;evoluci\u00f3 del femisme. Nosaltres pensem que a dia de avui la dona no hauria d&#8217;estar en aquesta situaci\u00f3 i haur\u00edem d&#8217;actuar \u00a0amb m\u00e9s contund\u00e8ncia en aquest tema perqu\u00e8 estem deixant-ho passar i les coses empitjoren. Per\u00f2 sobre tot no oblidem que&#8230; LES DONES JUNTES PODEM !<br \/>\nIris F. 15a) i Isabella R.(15a)<\/p>\n<p><iframe loading=\"lazy\" src=\"https:\/\/www.youtube.com\/embed\/0my1oddgK5g\" width=\"560\" height=\"315\" frameborder=\"0\"><\/iframe><\/p>\n<p><a href=\"https:\/\/agora.xtec.cat\/aulahospitalariagtp\/wp-content\/uploads\/usu1060\/2021\/03\/IMG_20210309_130221-2.jpg\"><img loading=\"lazy\" decoding=\"async\" class=\" wp-image-7350\" src=\"https:\/\/agora.xtec.cat\/aulahospitalariagtp\/wp-content\/uploads\/usu1060\/2021\/03\/IMG_20210309_130221-2-300x210.jpg\" alt=\"\" width=\"333\" height=\"233\" srcset=\"https:\/\/agora.xtec.cat\/aulahospitalariagtp\/wp-content\/uploads\/usu1060\/2021\/03\/IMG_20210309_130221-2-300x210.jpg 300w, https:\/\/agora.xtec.cat\/aulahospitalariagtp\/wp-content\/uploads\/usu1060\/2021\/03\/IMG_20210309_130221-2-768x537.jpg 768w, https:\/\/agora.xtec.cat\/aulahospitalariagtp\/wp-content\/uploads\/usu1060\/2021\/03\/IMG_20210309_130221-2-1024x716.jpg 1024w\" sizes=\"auto, (max-width: 333px) 100vw, 333px\" \/><\/a><a href=\"https:\/\/agora.xtec.cat\/aulahospitalariagtp\/wp-content\/uploads\/usu1060\/2021\/03\/IMG_20210309_130230-1.jpg\"><img loading=\"lazy\" decoding=\"async\" class=\"wp-image-7349 alignleft\" src=\"https:\/\/agora.xtec.cat\/aulahospitalariagtp\/wp-content\/uploads\/usu1060\/2021\/03\/IMG_20210309_130230-1-300x213.jpg\" alt=\"\" width=\"324\" height=\"230\" srcset=\"https:\/\/agora.xtec.cat\/aulahospitalariagtp\/wp-content\/uploads\/usu1060\/2021\/03\/IMG_20210309_130230-1-300x213.jpg 300w, https:\/\/agora.xtec.cat\/aulahospitalariagtp\/wp-content\/uploads\/usu1060\/2021\/03\/IMG_20210309_130230-1-768x546.jpg 768w, https:\/\/agora.xtec.cat\/aulahospitalariagtp\/wp-content\/uploads\/usu1060\/2021\/03\/IMG_20210309_130230-1-1024x728.jpg 1024w\" sizes=\"auto, (max-width: 324px) 100vw, 324px\" \/><\/a><\/p>\n<p>&nbsp;<\/p>\n<p>&nbsp;<\/p>\n","protected":false},"excerpt":{"rendered":"<p>Hola, des de l&#8217;aula hospital\u00e0ria Can Ruti hem reflexionat sobre el seg\u00fcent v\u00eddeo, el qual us recomanem perqu\u00e8 en pocs minuts et resumeix l&#8217;evoluci\u00f3 del femisme. Nosaltres pensem que a dia de avui la dona no hauria d&#8217;estar en aquesta situaci\u00f3 i haur\u00edem d&#8217;actuar \u00a0amb m\u00e9s contund\u00e8ncia en aquest tema perqu\u00e8 estem deixant-ho passar i [&hellip;]<\/p>\n","protected":false},"author":1,"featured_media":7382,"comment_status":"open","ping_status":"closed","sticky":false,"template":"","format":"standard","meta":{"_bbp_topic_count":0,"_bbp_reply_count":0,"_bbp_total_topic_count":0,"_bbp_total_reply_count":0,"_bbp_voice_count":0,"_bbp_anonymous_reply_count":0,"_bbp_topic_count_hidden":0,"_bbp_reply_count_hidden":0,"_bbp_forum_subforum_count":0,"site-sidebar-layout":"default","site-content-layout":"","ast-site-content-layout":"","site-content-style":"default","site-sidebar-style":"default","ast-global-header-display":"","ast-banner-title-visibility":"","ast-main-header-display":"","ast-hfb-above-header-display":"","ast-hfb-below-header-display":"","ast-hfb-mobile-header-display":"","site-post-title":"","ast-breadcrumbs-content":"","ast-featured-img":"","footer-sml-layout":"","theme-transparent-header-meta":"","adv-header-id-meta":"","stick-header-meta":"","header-above-stick-meta":"","header-main-stick-meta":"","header-below-stick-meta":"","astra-migrate-meta-layouts":"default","ast-page-background-enabled":"default","ast-page-background-meta":{"desktop":{"background-color":"var(--ast-global-color-4)","background-image":"","background-repeat":"repeat","background-position":"center center","background-size":"auto","background-attachment":"scroll","background-type":"","background-media":"","overlay-type":"","overlay-color":"","overlay-opacity":"","overlay-gradient":""},"tablet":{"background-color":"","background-image":"","background-repeat":"repeat","background-position":"center center","background-size":"auto","background-attachment":"scroll","background-type":"","background-media":"","overlay-type":"","overlay-color":"","overlay-opacity":"","overlay-gradient":""},"mobile":{"background-color":"","background-image":"","background-repeat":"repeat","background-position":"center center","background-size":"auto","background-attachment":"scroll","background-type":"","background-media":"","overlay-type":"","overlay-color":"","overlay-opacity":"","overlay-gradient":""}},"ast-content-background-meta":{"desktop":{"background-color":"var(--ast-global-color-5)","background-image":"","background-repeat":"repeat","background-position":"center center","background-size":"auto","background-attachment":"scroll","background-type":"","background-media":"","overlay-type":"","overlay-color":"","overlay-opacity":"","overlay-gradient":""},"tablet":{"background-color":"var(--ast-global-color-5)","background-image":"","background-repeat":"repeat","background-position":"center center","background-size":"auto","background-attachment":"scroll","background-type":"","background-media":"","overlay-type":"","overlay-color":"","overlay-opacity":"","overlay-gradient":""},"mobile":{"background-color":"var(--ast-global-color-5)","background-image":"","background-repeat":"repeat","background-position":"center center","background-size":"auto","background-attachment":"scroll","background-type":"","background-media":"","overlay-type":"","overlay-color":"","overlay-opacity":"","overlay-gradient":""}},"footnotes":""},"categories":[148,154,1,146,69],"tags":[],"class_list":["post-7337","post","type-post","status-publish","format-standard","has-post-thumbnail","hentry","category-curs-202-21","category-dia-de-la-dona","category-general","category-portada","category-treballs-a-laula"],"post_mailing_queue_ids":[],"_links":{"self":[{"href":"https:\/\/agora.xtec.cat\/aulahospitalariagtp\/wp-json\/wp\/v2\/posts\/7337","targetHints":{"allow":["GET"]}}],"collection":[{"href":"https:\/\/agora.xtec.cat\/aulahospitalariagtp\/wp-json\/wp\/v2\/posts"}],"about":[{"href":"https:\/\/agora.xtec.cat\/aulahospitalariagtp\/wp-json\/wp\/v2\/types\/post"}],"author":[{"embeddable":true,"href":"https:\/\/agora.xtec.cat\/aulahospitalariagtp\/wp-json\/wp\/v2\/users\/1"}],"replies":[{"embeddable":true,"href":"https:\/\/agora.xtec.cat\/aulahospitalariagtp\/wp-json\/wp\/v2\/comments?post=7337"}],"version-history":[{"count":3,"href":"https:\/\/agora.xtec.cat\/aulahospitalariagtp\/wp-json\/wp\/v2\/posts\/7337\/revisions"}],"predecessor-version":[{"id":7383,"href":"https:\/\/agora.xtec.cat\/aulahospitalariagtp\/wp-json\/wp\/v2\/posts\/7337\/revisions\/7383"}],"wp:featuredmedia":[{"embeddable":true,"href":"https:\/\/agora.xtec.cat\/aulahospitalariagtp\/wp-json\/wp\/v2\/media\/7382"}],"wp:attachment":[{"href":"https:\/\/agora.xtec.cat\/aulahospitalariagtp\/wp-json\/wp\/v2\/media?parent=7337"}],"wp:term":[{"taxonomy":"category","embeddable":true,"href":"https:\/\/agora.xtec.cat\/aulahospitalariagtp\/wp-json\/wp\/v2\/categories?post=7337"},{"taxonomy":"post_tag","embeddable":true,"href":"https:\/\/agora.xtec.cat\/aulahospitalariagtp\/wp-json\/wp\/v2\/tags?post=7337"}],"curies":[{"name":"wp","href":"https:\/\/api.w.org\/{rel}","templated":true}]}}