{"id":7227,"date":"2021-01-20T14:28:19","date_gmt":"2021-01-20T13:28:19","guid":{"rendered":"http:\/\/agora.xtec.cat\/aulahospitalariagtp\/?p=7227"},"modified":"2025-05-26T14:25:42","modified_gmt":"2025-05-26T12:25:42","slug":"visita-al-museu-i-al-camp-del-barca","status":"publish","type":"post","link":"https:\/\/agora.xtec.cat\/aulahospitalariagtp\/general\/visita-al-museu-i-al-camp-del-barca\/","title":{"rendered":"VISITA AL MUSEU I AL CAMP DEL BAR\u00c7A"},"content":{"rendered":"<p>Avui, estava a la meva habitaci\u00f3 de l\u2019hospital i, per primera vegada, he sortit de\u00a0 L&#8217;habitaci\u00f3 i he anat \u00a0a l\u2019aula institut\u00a0 que hi ha a la planta de pediatria. All\u00ed m\u2019he trobat amb una sorpresa! Ens han proposat\u00a0 fer una visita virtual al camp i al museu del Bar\u00e7a mitjan\u00e7ant una videotrucada. L&#8217;han obert per nosaltres, ja que ara per la la p\u00e0ndemia est\u00e0 tancat al p\u00fablic. L\u2019Albert,el voluntari del Bar\u00e7a, des del museu, ens ha fet la visita virtual a la F\u00e0tima i a mi, mostrant-nos tot el que hi havia. Ens han dit que al camp caben unes 99.000 persones. El camp del Bar\u00e7a est\u00e0 constru\u00eft \u00a015 metres sota terra,per aquest motiu la gespa est\u00e0 molt freda i per mantenir-la utilitzen com una calefacci\u00f3 gegant . \u00c9s molt gran el camp!.<\/p>\n<p><a style=\"color: #2795b6;\" href=\"https:\/\/agora.xtec.cat\/aulahospitalariagtp\/wp-content\/uploads\/usu1060\/2021\/01\/WhatsApp-Image-2021-01-20-at-14.15.29.jpeg\"><img loading=\"lazy\" decoding=\"async\" class=\" wp-image-7231 alignleft\" src=\"https:\/\/agora.xtec.cat\/aulahospitalariagtp\/wp-content\/uploads\/usu1060\/2021\/01\/WhatsApp-Image-2021-01-20-at-14.15.29-300x169.jpeg\" alt=\"\" width=\"535\" height=\"302\" srcset=\"https:\/\/agora.xtec.cat\/aulahospitalariagtp\/wp-content\/uploads\/usu1060\/2021\/01\/WhatsApp-Image-2021-01-20-at-14.15.29-300x169.jpeg 300w, https:\/\/agora.xtec.cat\/aulahospitalariagtp\/wp-content\/uploads\/usu1060\/2021\/01\/WhatsApp-Image-2021-01-20-at-14.15.29-768x434.jpeg 768w, https:\/\/agora.xtec.cat\/aulahospitalariagtp\/wp-content\/uploads\/usu1060\/2021\/01\/WhatsApp-Image-2021-01-20-at-14.15.29-1024x578.jpeg 1024w, https:\/\/agora.xtec.cat\/aulahospitalariagtp\/wp-content\/uploads\/usu1060\/2021\/01\/WhatsApp-Image-2021-01-20-at-14.15.29.jpeg 1984w\" sizes=\"auto, (max-width: 535px) 100vw, 535px\" \/><\/a><\/p>\n<p>El Bar\u00e7a t\u00e9 moltes seccions de difrents esports:\u00a0 Handbol, F\u00fatbol sala, hoquei patins, b\u00e0squet i f\u00fatbol femen\u00ed. Ens han mostrat les samarretes del Bar\u00e7a, les pilotes, els trofeus, els guants&#8230; .Tamb\u00e9 ens han ensenyat les 6 pilotes d\u2019or i les 6 sabates d\u2019or d\u2019en Messi.<\/p>\n<p>Ens han dit que l\u2019entrada al museu costa 25 euros i porta tancat des de novembre. Ha estat molt interessant veure tot aix\u00f2 i aquesta era la meva primera vegada aqu\u00ed a l\u2019aula.<\/p>\n<p>Paula C. (13 anys)<\/p>\n<p><a href=\"https:\/\/agora.xtec.cat\/aulahospitalariagtp\/wp-content\/uploads\/usu1060\/2021\/01\/images.jpg\"><img loading=\"lazy\" decoding=\"async\" class=\"wp-image-7232 alignright\" src=\"https:\/\/agora.xtec.cat\/aulahospitalariagtp\/wp-content\/uploads\/usu1060\/2021\/01\/images.jpg\" alt=\"\" width=\"306\" height=\"188\" \/><\/a><span style=\"color: #000080;\">El que mes m\u2019ha agradat es veure \u00a0les pilota d\u2019or del Messi i les seves sabates d\u2019or.<\/span><\/p>\n<p><span style=\"color: #000080;\">M\u2019he enterat que al camp hi poden cabre unes 99.000 persones i que abans quan guanyaves els donaven una gorra i ara els donen diners.<\/span><\/p>\n<p><span style=\"color: #000080;\">Encara que no hi hagi \u00a0anat en persona he apr\u00e8s moltes coses.: Quan mesura el camp, que el Bar\u00e7a t\u00e9 equips a molts esports \u2026.<\/span><\/p>\n<p><span style=\"color: #000080;\">Ha sigut molt interessant i a mes m\u00e9s l\u2019han obert per nosaltres!.<\/span><\/p>\n<p><span style=\"color: #000080;\">M\u2019ha encantat perqu\u00e8 he apr\u00e8s molt.<\/span><\/p>\n<p><span style=\"color: #000080;\">Fatima (10 anys)<\/span><\/p>\n","protected":false},"excerpt":{"rendered":"<p>Avui, estava a la meva habitaci\u00f3 de l\u2019hospital i, per primera vegada, he sortit de\u00a0 L&#8217;habitaci\u00f3 i he anat \u00a0a l\u2019aula institut\u00a0 que hi ha a la planta de pediatria. All\u00ed m\u2019he trobat amb una sorpresa! Ens han proposat\u00a0 fer una visita virtual al camp i al museu del Bar\u00e7a mitjan\u00e7ant una videotrucada. L&#8217;han obert [&hellip;]<\/p>\n","protected":false},"author":1,"featured_media":7231,"comment_status":"open","ping_status":"closed","sticky":false,"template":"","format":"standard","meta":{"_bbp_topic_count":0,"_bbp_reply_count":0,"_bbp_total_topic_count":0,"_bbp_total_reply_count":0,"_bbp_voice_count":0,"_bbp_anonymous_reply_count":0,"_bbp_topic_count_hidden":0,"_bbp_reply_count_hidden":0,"_bbp_forum_subforum_count":0,"site-sidebar-layout":"default","site-content-layout":"","ast-site-content-layout":"default","site-content-style":"default","site-sidebar-style":"default","ast-global-header-display":"","ast-banner-title-visibility":"","ast-main-header-display":"","ast-hfb-above-header-display":"","ast-hfb-below-header-display":"","ast-hfb-mobile-header-display":"","site-post-title":"","ast-breadcrumbs-content":"","ast-featured-img":"","footer-sml-layout":"","theme-transparent-header-meta":"","adv-header-id-meta":"","stick-header-meta":"","header-above-stick-meta":"","header-main-stick-meta":"","header-below-stick-meta":"","astra-migrate-meta-layouts":"set","ast-page-background-enabled":"default","ast-page-background-meta":{"desktop":{"background-color":"var(--ast-global-color-4)","background-image":"","background-repeat":"repeat","background-position":"center center","background-size":"auto","background-attachment":"scroll","background-type":"","background-media":"","overlay-type":"","overlay-color":"","overlay-opacity":"","overlay-gradient":""},"tablet":{"background-color":"","background-image":"","background-repeat":"repeat","background-position":"center center","background-size":"auto","background-attachment":"scroll","background-type":"","background-media":"","overlay-type":"","overlay-color":"","overlay-opacity":"","overlay-gradient":""},"mobile":{"background-color":"","background-image":"","background-repeat":"repeat","background-position":"center center","background-size":"auto","background-attachment":"scroll","background-type":"","background-media":"","overlay-type":"","overlay-color":"","overlay-opacity":"","overlay-gradient":""}},"ast-content-background-meta":{"desktop":{"background-color":"var(--ast-global-color-5)","background-image":"","background-repeat":"repeat","background-position":"center center","background-size":"auto","background-attachment":"scroll","background-type":"","background-media":"","overlay-type":"","overlay-color":"","overlay-opacity":"","overlay-gradient":""},"tablet":{"background-color":"var(--ast-global-color-5)","background-image":"","background-repeat":"repeat","background-position":"center center","background-size":"auto","background-attachment":"scroll","background-type":"","background-media":"","overlay-type":"","overlay-color":"","overlay-opacity":"","overlay-gradient":""},"mobile":{"background-color":"var(--ast-global-color-5)","background-image":"","background-repeat":"repeat","background-position":"center center","background-size":"auto","background-attachment":"scroll","background-type":"","background-media":"","overlay-type":"","overlay-color":"","overlay-opacity":"","overlay-gradient":""}},"footnotes":""},"categories":[148,94,1,146,69],"tags":[],"class_list":["post-7227","post","type-post","status-publish","format-standard","has-post-thumbnail","hentry","category-curs-202-21","category-ens-visiten","category-general","category-portada","category-treballs-a-laula"],"post_mailing_queue_ids":[],"_links":{"self":[{"href":"https:\/\/agora.xtec.cat\/aulahospitalariagtp\/wp-json\/wp\/v2\/posts\/7227","targetHints":{"allow":["GET"]}}],"collection":[{"href":"https:\/\/agora.xtec.cat\/aulahospitalariagtp\/wp-json\/wp\/v2\/posts"}],"about":[{"href":"https:\/\/agora.xtec.cat\/aulahospitalariagtp\/wp-json\/wp\/v2\/types\/post"}],"author":[{"embeddable":true,"href":"https:\/\/agora.xtec.cat\/aulahospitalariagtp\/wp-json\/wp\/v2\/users\/1"}],"replies":[{"embeddable":true,"href":"https:\/\/agora.xtec.cat\/aulahospitalariagtp\/wp-json\/wp\/v2\/comments?post=7227"}],"version-history":[{"count":4,"href":"https:\/\/agora.xtec.cat\/aulahospitalariagtp\/wp-json\/wp\/v2\/posts\/7227\/revisions"}],"predecessor-version":[{"id":9630,"href":"https:\/\/agora.xtec.cat\/aulahospitalariagtp\/wp-json\/wp\/v2\/posts\/7227\/revisions\/9630"}],"wp:featuredmedia":[{"embeddable":true,"href":"https:\/\/agora.xtec.cat\/aulahospitalariagtp\/wp-json\/wp\/v2\/media\/7231"}],"wp:attachment":[{"href":"https:\/\/agora.xtec.cat\/aulahospitalariagtp\/wp-json\/wp\/v2\/media?parent=7227"}],"wp:term":[{"taxonomy":"category","embeddable":true,"href":"https:\/\/agora.xtec.cat\/aulahospitalariagtp\/wp-json\/wp\/v2\/categories?post=7227"},{"taxonomy":"post_tag","embeddable":true,"href":"https:\/\/agora.xtec.cat\/aulahospitalariagtp\/wp-json\/wp\/v2\/tags?post=7227"}],"curies":[{"name":"wp","href":"https:\/\/api.w.org\/{rel}","templated":true}]}}