{"id":7168,"date":"2020-12-14T12:58:43","date_gmt":"2020-12-14T11:58:43","guid":{"rendered":"http:\/\/agora.xtec.cat\/aulahospitalariagtp\/?p=7168"},"modified":"2025-05-26T14:27:23","modified_gmt":"2025-05-26T12:27:23","slug":"fem-les-nostres-postals-de-nadal","status":"publish","type":"post","link":"https:\/\/agora.xtec.cat\/aulahospitalariagtp\/tematics\/nadal\/fem-les-nostres-postals-de-nadal\/","title":{"rendered":"FEM LES NOSTRES POSTALS DE NADAL!!!!!"},"content":{"rendered":"<p><a href=\"https:\/\/view.genial.ly\/5fb795b61ed87d0d049f9095\/presentation-plantilla-color\"><img loading=\"lazy\" decoding=\"async\" class=\"alignleft wp-image-7217\" src=\"https:\/\/agora.xtec.cat\/aulahospitalariagtp\/wp-content\/uploads\/usu1060\/2020\/12\/Sense-t\u00edtol-300x166.jpg\" alt=\"\" width=\"450\" height=\"249\" srcset=\"https:\/\/agora.xtec.cat\/aulahospitalariagtp\/wp-content\/uploads\/usu1060\/2020\/12\/Sense-t\u00edtol-300x166.jpg 300w, https:\/\/agora.xtec.cat\/aulahospitalariagtp\/wp-content\/uploads\/usu1060\/2020\/12\/Sense-t\u00edtol-768x424.jpg 768w, https:\/\/agora.xtec.cat\/aulahospitalariagtp\/wp-content\/uploads\/usu1060\/2020\/12\/Sense-t\u00edtol-1024x565.jpg 1024w, https:\/\/agora.xtec.cat\/aulahospitalariagtp\/wp-content\/uploads\/usu1060\/2020\/12\/Sense-t\u00edtol.jpg 1379w\" sizes=\"auto, (max-width: 450px) 100vw, 450px\" \/><\/a>A l&#8217;escola de l&#8217;hospital hem fet la nostra postal de Nadal personalitzada. Primer la Roser ens feia una foto, l&#8217;envi\u00e0vem a l&#8217;ordinador i amb un programa que ens ha ensenyat li tr\u00e8iem el fons. Despr\u00e9s insert\u00e0vem aquesta foto sense fons a la plantilla que cadasc\u00fa volia i la decor\u00e0vem amb motius nadalencs.<\/p>\n<p>Si cliqueu la imatges\u00a0 podeu veure com han quedat. Al final amb el PAINT la retall\u00e0vem i la prepar\u00e0vem per imprimir-la i enganxar-la a una cartolina de colors. Han quedat for\u00e7a b\u00e9. Els m\u00e9s grans hem ajudat als m\u00e9s petits a fer la seva.<\/p>\n<p>Eva (14 anys)<\/p>\n","protected":false},"excerpt":{"rendered":"<p>A l&#8217;escola de l&#8217;hospital hem fet la nostra postal de Nadal personalitzada. Primer la Roser ens feia una foto, l&#8217;envi\u00e0vem a l&#8217;ordinador i amb un programa que ens ha ensenyat li tr\u00e8iem el fons. Despr\u00e9s insert\u00e0vem aquesta foto sense fons a la plantilla que cadasc\u00fa volia i la decor\u00e0vem amb motius nadalencs. Si cliqueu la [&hellip;]<\/p>\n","protected":false},"author":1,"featured_media":7217,"comment_status":"open","ping_status":"closed","sticky":false,"template":"","format":"standard","meta":{"_bbp_topic_count":0,"_bbp_reply_count":0,"_bbp_total_topic_count":0,"_bbp_total_reply_count":0,"_bbp_voice_count":0,"_bbp_anonymous_reply_count":0,"_bbp_topic_count_hidden":0,"_bbp_reply_count_hidden":0,"_bbp_forum_subforum_count":0,"site-sidebar-layout":"default","site-content-layout":"","ast-site-content-layout":"default","site-content-style":"default","site-sidebar-style":"default","ast-global-header-display":"","ast-banner-title-visibility":"","ast-main-header-display":"","ast-hfb-above-header-display":"","ast-hfb-below-header-display":"","ast-hfb-mobile-header-display":"","site-post-title":"","ast-breadcrumbs-content":"","ast-featured-img":"","footer-sml-layout":"","theme-transparent-header-meta":"","adv-header-id-meta":"","stick-header-meta":"","header-above-stick-meta":"","header-main-stick-meta":"","header-below-stick-meta":"","astra-migrate-meta-layouts":"set","ast-page-background-enabled":"default","ast-page-background-meta":{"desktop":{"background-color":"var(--ast-global-color-4)","background-image":"","background-repeat":"repeat","background-position":"center center","background-size":"auto","background-attachment":"scroll","background-type":"","background-media":"","overlay-type":"","overlay-color":"","overlay-opacity":"","overlay-gradient":""},"tablet":{"background-color":"","background-image":"","background-repeat":"repeat","background-position":"center center","background-size":"auto","background-attachment":"scroll","background-type":"","background-media":"","overlay-type":"","overlay-color":"","overlay-opacity":"","overlay-gradient":""},"mobile":{"background-color":"","background-image":"","background-repeat":"repeat","background-position":"center center","background-size":"auto","background-attachment":"scroll","background-type":"","background-media":"","overlay-type":"","overlay-color":"","overlay-opacity":"","overlay-gradient":""}},"ast-content-background-meta":{"desktop":{"background-color":"var(--ast-global-color-5)","background-image":"","background-repeat":"repeat","background-position":"center center","background-size":"auto","background-attachment":"scroll","background-type":"","background-media":"","overlay-type":"","overlay-color":"","overlay-opacity":"","overlay-gradient":""},"tablet":{"background-color":"var(--ast-global-color-5)","background-image":"","background-repeat":"repeat","background-position":"center center","background-size":"auto","background-attachment":"scroll","background-type":"","background-media":"","overlay-type":"","overlay-color":"","overlay-opacity":"","overlay-gradient":""},"mobile":{"background-color":"var(--ast-global-color-5)","background-image":"","background-repeat":"repeat","background-position":"center center","background-size":"auto","background-attachment":"scroll","background-type":"","background-media":"","overlay-type":"","overlay-color":"","overlay-opacity":"","overlay-gradient":""}},"footnotes":""},"categories":[148,44,146,69],"tags":[],"class_list":["post-7168","post","type-post","status-publish","format-standard","has-post-thumbnail","hentry","category-curs-202-21","category-nadal","category-portada","category-treballs-a-laula"],"post_mailing_queue_ids":[],"_links":{"self":[{"href":"https:\/\/agora.xtec.cat\/aulahospitalariagtp\/wp-json\/wp\/v2\/posts\/7168","targetHints":{"allow":["GET"]}}],"collection":[{"href":"https:\/\/agora.xtec.cat\/aulahospitalariagtp\/wp-json\/wp\/v2\/posts"}],"about":[{"href":"https:\/\/agora.xtec.cat\/aulahospitalariagtp\/wp-json\/wp\/v2\/types\/post"}],"author":[{"embeddable":true,"href":"https:\/\/agora.xtec.cat\/aulahospitalariagtp\/wp-json\/wp\/v2\/users\/1"}],"replies":[{"embeddable":true,"href":"https:\/\/agora.xtec.cat\/aulahospitalariagtp\/wp-json\/wp\/v2\/comments?post=7168"}],"version-history":[{"count":4,"href":"https:\/\/agora.xtec.cat\/aulahospitalariagtp\/wp-json\/wp\/v2\/posts\/7168\/revisions"}],"predecessor-version":[{"id":9633,"href":"https:\/\/agora.xtec.cat\/aulahospitalariagtp\/wp-json\/wp\/v2\/posts\/7168\/revisions\/9633"}],"wp:featuredmedia":[{"embeddable":true,"href":"https:\/\/agora.xtec.cat\/aulahospitalariagtp\/wp-json\/wp\/v2\/media\/7217"}],"wp:attachment":[{"href":"https:\/\/agora.xtec.cat\/aulahospitalariagtp\/wp-json\/wp\/v2\/media?parent=7168"}],"wp:term":[{"taxonomy":"category","embeddable":true,"href":"https:\/\/agora.xtec.cat\/aulahospitalariagtp\/wp-json\/wp\/v2\/categories?post=7168"},{"taxonomy":"post_tag","embeddable":true,"href":"https:\/\/agora.xtec.cat\/aulahospitalariagtp\/wp-json\/wp\/v2\/tags?post=7168"}],"curies":[{"name":"wp","href":"https:\/\/api.w.org\/{rel}","templated":true}]}}