{"id":7079,"date":"2020-10-05T13:06:04","date_gmt":"2020-10-05T11:06:04","guid":{"rendered":"http:\/\/agora.xtec.cat\/aulahospitalariagtp\/?p=7079"},"modified":"2025-05-26T14:31:39","modified_gmt":"2025-05-26T12:31:39","slug":"arriba-la-tardor","status":"publish","type":"post","link":"https:\/\/agora.xtec.cat\/aulahospitalariagtp\/tematics\/tardor\/arriba-la-tardor\/","title":{"rendered":"ARRIBA LA TARDOR"},"content":{"rendered":"<p><a href=\"https:\/\/agora.xtec.cat\/aulahospitalariagtp\/wp-content\/uploads\/usu1060\/2020\/10\/WhatsApp-Image-2020-10-02-at-09-compressed-2.jpg\"><img loading=\"lazy\" decoding=\"async\" class=\" wp-image-7085 alignright\" src=\"https:\/\/agora.xtec.cat\/aulahospitalariagtp\/wp-content\/uploads\/usu1060\/2020\/10\/WhatsApp-Image-2020-10-02-at-09-compressed-2-300x169.jpg\" alt=\"\" width=\"601\" height=\"340\" srcset=\"https:\/\/agora.xtec.cat\/aulahospitalariagtp\/wp-content\/uploads\/usu1060\/2020\/10\/WhatsApp-Image-2020-10-02-at-09-compressed-2-300x169.jpg 300w, https:\/\/agora.xtec.cat\/aulahospitalariagtp\/wp-content\/uploads\/usu1060\/2020\/10\/WhatsApp-Image-2020-10-02-at-09-compressed-2-768x433.jpg 768w, https:\/\/agora.xtec.cat\/aulahospitalariagtp\/wp-content\/uploads\/usu1060\/2020\/10\/WhatsApp-Image-2020-10-02-at-09-compressed-2-1024x578.jpg 1024w, https:\/\/agora.xtec.cat\/aulahospitalariagtp\/wp-content\/uploads\/usu1060\/2020\/10\/WhatsApp-Image-2020-10-02-at-09-compressed-2.jpg 1600w\" sizes=\"auto, (max-width: 601px) 100vw, 601px\" \/><\/a><\/p>\n<p><span style=\"font-weight: 400;\">Comen\u00e7a la tardor i e<\/span><span style=\"font-weight: 400;\">stic ingressat a l\u2019hospital\u00a0 per aix\u00f2\u00a0 a l&#8217;escola de l\u2019Hospital Universitari Germans Trias i Pujol hem decidit fer un cartell anunciant que arriba la tardor. Hem pensat que podem pintar i decorar les lletres del cartell amb colors de\u00a0 tardor, o decorar-les amb alguns elements relacionats amb aquest per\u00edode de l\u2019any. Jo, per exemple, he fet 2 lletres i 2 paraules, una lletra amb l\u2019arc de Sant Mart\u00ed simulant les pluges t\u00edpiques d&#8217;aquesta \u00e8poca i l&#8217;altra lletra l&#8217;he decorat amb un estampat de colors de la tardor. A les dues paraules he fet una s\u00e8rie amb els colors corresponent d&#8217;aquesta \u00e8poca de l&#8217;any. Despr\u00e9s hem aplicat &#8220;barniz&#8221; a totes les lletres i paraules i les hem deixar assecar al sol.\u00a0\u00a0\u00a0<\/span><\/p>\n<p>Esperem que el mural quedi xulo!<\/p>\n<p><b>Arnau R. (12 anys)<\/b><\/p>\n<p><img loading=\"lazy\" decoding=\"async\" class=\"size-medium wp-image-7086 alignleft\" src=\"https:\/\/agora.xtec.cat\/aulahospitalariagtp\/wp-content\/uploads\/usu1060\/2020\/10\/WhatsApp-Image-2020-10-02-at-09-compressed-300x169.jpg\" alt=\"\" width=\"300\" height=\"169\" srcset=\"https:\/\/agora.xtec.cat\/aulahospitalariagtp\/wp-content\/uploads\/usu1060\/2020\/10\/WhatsApp-Image-2020-10-02-at-09-compressed-300x169.jpg 300w, https:\/\/agora.xtec.cat\/aulahospitalariagtp\/wp-content\/uploads\/usu1060\/2020\/10\/WhatsApp-Image-2020-10-02-at-09-compressed-768x433.jpg 768w, https:\/\/agora.xtec.cat\/aulahospitalariagtp\/wp-content\/uploads\/usu1060\/2020\/10\/WhatsApp-Image-2020-10-02-at-09-compressed-1024x578.jpg 1024w, https:\/\/agora.xtec.cat\/aulahospitalariagtp\/wp-content\/uploads\/usu1060\/2020\/10\/WhatsApp-Image-2020-10-02-at-09-compressed.jpg 1600w\" sizes=\"auto, (max-width: 300px) 100vw, 300px\" \/><\/p>\n<p><b><a href=\"https:\/\/agora.xtec.cat\/aulahospitalariagtp\/wp-content\/uploads\/usu1060\/2020\/10\/WhatsApp-Image-2020-10-02-at-09-compressed-1.jpg\"><img loading=\"lazy\" decoding=\"async\" class=\"alignnone wp-image-7084 \" src=\"https:\/\/agora.xtec.cat\/aulahospitalariagtp\/wp-content\/uploads\/usu1060\/2020\/10\/WhatsApp-Image-2020-10-02-at-09-compressed-1-300x169.jpg\" alt=\"\" width=\"314\" height=\"177\" srcset=\"https:\/\/agora.xtec.cat\/aulahospitalariagtp\/wp-content\/uploads\/usu1060\/2020\/10\/WhatsApp-Image-2020-10-02-at-09-compressed-1-300x169.jpg 300w, https:\/\/agora.xtec.cat\/aulahospitalariagtp\/wp-content\/uploads\/usu1060\/2020\/10\/WhatsApp-Image-2020-10-02-at-09-compressed-1-768x433.jpg 768w, https:\/\/agora.xtec.cat\/aulahospitalariagtp\/wp-content\/uploads\/usu1060\/2020\/10\/WhatsApp-Image-2020-10-02-at-09-compressed-1-1024x578.jpg 1024w, https:\/\/agora.xtec.cat\/aulahospitalariagtp\/wp-content\/uploads\/usu1060\/2020\/10\/WhatsApp-Image-2020-10-02-at-09-compressed-1.jpg 1600w\" sizes=\"auto, (max-width: 314px) 100vw, 314px\" \/><\/a><\/b><\/p>\n","protected":false},"excerpt":{"rendered":"<p>Comen\u00e7a la tardor i estic ingressat a l\u2019hospital\u00a0 per aix\u00f2\u00a0 a l&#8217;escola de l\u2019Hospital Universitari Germans Trias i Pujol hem decidit fer un cartell anunciant que arriba la tardor. Hem pensat que podem pintar i decorar les lletres del cartell amb colors de\u00a0 tardor, o decorar-les amb alguns elements relacionats amb aquest per\u00edode de l\u2019any. [&hellip;]<\/p>\n","protected":false},"author":1,"featured_media":7085,"comment_status":"open","ping_status":"closed","sticky":false,"template":"","format":"standard","meta":{"_bbp_topic_count":0,"_bbp_reply_count":0,"_bbp_total_topic_count":0,"_bbp_total_reply_count":0,"_bbp_voice_count":0,"_bbp_anonymous_reply_count":0,"_bbp_topic_count_hidden":0,"_bbp_reply_count_hidden":0,"_bbp_forum_subforum_count":0,"site-sidebar-layout":"default","site-content-layout":"","ast-site-content-layout":"default","site-content-style":"default","site-sidebar-style":"default","ast-global-header-display":"","ast-banner-title-visibility":"","ast-main-header-display":"","ast-hfb-above-header-display":"","ast-hfb-below-header-display":"","ast-hfb-mobile-header-display":"","site-post-title":"","ast-breadcrumbs-content":"","ast-featured-img":"","footer-sml-layout":"","theme-transparent-header-meta":"","adv-header-id-meta":"","stick-header-meta":"","header-above-stick-meta":"","header-main-stick-meta":"","header-below-stick-meta":"","astra-migrate-meta-layouts":"set","ast-page-background-enabled":"default","ast-page-background-meta":{"desktop":{"background-color":"var(--ast-global-color-4)","background-image":"","background-repeat":"repeat","background-position":"center center","background-size":"auto","background-attachment":"scroll","background-type":"","background-media":"","overlay-type":"","overlay-color":"","overlay-opacity":"","overlay-gradient":""},"tablet":{"background-color":"","background-image":"","background-repeat":"repeat","background-position":"center center","background-size":"auto","background-attachment":"scroll","background-type":"","background-media":"","overlay-type":"","overlay-color":"","overlay-opacity":"","overlay-gradient":""},"mobile":{"background-color":"","background-image":"","background-repeat":"repeat","background-position":"center center","background-size":"auto","background-attachment":"scroll","background-type":"","background-media":"","overlay-type":"","overlay-color":"","overlay-opacity":"","overlay-gradient":""}},"ast-content-background-meta":{"desktop":{"background-color":"var(--ast-global-color-5)","background-image":"","background-repeat":"repeat","background-position":"center center","background-size":"auto","background-attachment":"scroll","background-type":"","background-media":"","overlay-type":"","overlay-color":"","overlay-opacity":"","overlay-gradient":""},"tablet":{"background-color":"var(--ast-global-color-5)","background-image":"","background-repeat":"repeat","background-position":"center center","background-size":"auto","background-attachment":"scroll","background-type":"","background-media":"","overlay-type":"","overlay-color":"","overlay-opacity":"","overlay-gradient":""},"mobile":{"background-color":"var(--ast-global-color-5)","background-image":"","background-repeat":"repeat","background-position":"center center","background-size":"auto","background-attachment":"scroll","background-type":"","background-media":"","overlay-type":"","overlay-color":"","overlay-opacity":"","overlay-gradient":""}},"footnotes":""},"categories":[148,95,146,47,69],"tags":[110],"class_list":["post-7079","post","type-post","status-publish","format-standard","has-post-thumbnail","hentry","category-curs-202-21","category-murals","category-portada","category-tardor","category-treballs-a-laula","tag-tardor"],"post_mailing_queue_ids":[],"_links":{"self":[{"href":"https:\/\/agora.xtec.cat\/aulahospitalariagtp\/wp-json\/wp\/v2\/posts\/7079","targetHints":{"allow":["GET"]}}],"collection":[{"href":"https:\/\/agora.xtec.cat\/aulahospitalariagtp\/wp-json\/wp\/v2\/posts"}],"about":[{"href":"https:\/\/agora.xtec.cat\/aulahospitalariagtp\/wp-json\/wp\/v2\/types\/post"}],"author":[{"embeddable":true,"href":"https:\/\/agora.xtec.cat\/aulahospitalariagtp\/wp-json\/wp\/v2\/users\/1"}],"replies":[{"embeddable":true,"href":"https:\/\/agora.xtec.cat\/aulahospitalariagtp\/wp-json\/wp\/v2\/comments?post=7079"}],"version-history":[{"count":3,"href":"https:\/\/agora.xtec.cat\/aulahospitalariagtp\/wp-json\/wp\/v2\/posts\/7079\/revisions"}],"predecessor-version":[{"id":9638,"href":"https:\/\/agora.xtec.cat\/aulahospitalariagtp\/wp-json\/wp\/v2\/posts\/7079\/revisions\/9638"}],"wp:featuredmedia":[{"embeddable":true,"href":"https:\/\/agora.xtec.cat\/aulahospitalariagtp\/wp-json\/wp\/v2\/media\/7085"}],"wp:attachment":[{"href":"https:\/\/agora.xtec.cat\/aulahospitalariagtp\/wp-json\/wp\/v2\/media?parent=7079"}],"wp:term":[{"taxonomy":"category","embeddable":true,"href":"https:\/\/agora.xtec.cat\/aulahospitalariagtp\/wp-json\/wp\/v2\/categories?post=7079"},{"taxonomy":"post_tag","embeddable":true,"href":"https:\/\/agora.xtec.cat\/aulahospitalariagtp\/wp-json\/wp\/v2\/tags?post=7079"}],"curies":[{"name":"wp","href":"https:\/\/api.w.org\/{rel}","templated":true}]}}