{"id":6872,"date":"2020-02-23T16:03:43","date_gmt":"2020-02-23T15:03:43","guid":{"rendered":"http:\/\/agora.xtec.cat\/aulahospitalariagtp\/?p=6872"},"modified":"2025-05-26T14:42:00","modified_gmt":"2025-05-26T12:42:00","slug":"carnaval-2020","status":"publish","type":"post","link":"https:\/\/agora.xtec.cat\/aulahospitalariagtp\/tematics\/carnaval\/carnaval-2020\/","title":{"rendered":"CARNAVAL 2020"},"content":{"rendered":"<p>Ha arribat el dia de Carnaval. Aquest any, immersos com estem en l&#8217;estudi de la lluna ens hem disfressat d&#8217;astronautes. Amb gorres de la NASA i cascs d&#8217;astronautes&#8230;<br \/>\n<img loading=\"lazy\" decoding=\"async\" class=\" wp-image-6874 alignleft\" src=\"https:\/\/agora.xtec.cat\/aulahospitalariagtp\/wp-content\/uploads\/usu1060\/2020\/02\/20200221_112655-300x225.jpg\" alt=\"\" width=\"407\" height=\"305\" srcset=\"https:\/\/agora.xtec.cat\/aulahospitalariagtp\/wp-content\/uploads\/usu1060\/2020\/02\/20200221_112655-300x225.jpg 300w, https:\/\/agora.xtec.cat\/aulahospitalariagtp\/wp-content\/uploads\/usu1060\/2020\/02\/20200221_112655-768x576.jpg 768w, https:\/\/agora.xtec.cat\/aulahospitalariagtp\/wp-content\/uploads\/usu1060\/2020\/02\/20200221_112655-1024x768.jpg 1024w, https:\/\/agora.xtec.cat\/aulahospitalariagtp\/wp-content\/uploads\/usu1060\/2020\/02\/20200221_112655-200x150.jpg 200w, https:\/\/agora.xtec.cat\/aulahospitalariagtp\/wp-content\/uploads\/usu1060\/2020\/02\/20200221_112655.jpg 2048w\" sizes=\"auto, (max-width: 407px) 100vw, 407px\" \/>Ha esta un dia diferent perqu\u00e8 tamb\u00e9 ens ha sorpr\u00e8s la vista de la Minnie i el MIckey que ens han acompanyat fent la rua per les habitacions. Ha estat fant\u00e0stic.<\/p>\n<p>Vull agrair la col.laboraci\u00f3 dels professionals de la planta en la celebraci\u00f3 d&#8217;aquest dia i particularment a la Maria noia que fa pr\u00e0ctiques d&#8217; infermeria que ens ha facilitat les enganxines de la disfressa.<br \/>\nAhhh!Tots ens hem convertit amb comandants de la nau amb un super carnet d&#8217;astronauta que hem repartit a tothom amb la seva foto i el seu nom\u00a0 \u00a0 Ha estat un dia diferent! <a href=\"https:\/\/agora.xtec.cat\/aulahospitalariagtp\/wp-content\/uploads\/usu1060\/2020\/02\/Captura-de-pantalla-2020-02-22-a-les-12.50.37.png\"><img loading=\"lazy\" decoding=\"async\" class=\"wp-image-6877 alignleft\" src=\"https:\/\/agora.xtec.cat\/aulahospitalariagtp\/wp-content\/uploads\/usu1060\/2020\/02\/Captura-de-pantalla-2020-02-22-a-les-12.50.37-300x220.png\" alt=\"\" width=\"216\" height=\"158\" srcset=\"https:\/\/agora.xtec.cat\/aulahospitalariagtp\/wp-content\/uploads\/usu1060\/2020\/02\/Captura-de-pantalla-2020-02-22-a-les-12.50.37-300x220.png 300w, https:\/\/agora.xtec.cat\/aulahospitalariagtp\/wp-content\/uploads\/usu1060\/2020\/02\/Captura-de-pantalla-2020-02-22-a-les-12.50.37.png 344w\" sizes=\"auto, (max-width: 216px) 100vw, 216px\" \/><br \/>\n<\/a><\/p>\n<p>Si cliqueu la imatge\u00a0 podreu veure un petit video sobre la preparaci\u00f3 i celebraci\u00f3 del carnaval. i algunes alumnes que us fan cinc c\u00e8ntims de la diada. <a href=\"https:\/\/drive.google.com\/file\/d\/1ucrWqS-_ubH5O7dGtNDzJ8K8G2Z5kuC7\/view?usp=sharing\"><img loading=\"lazy\" decoding=\"async\" class=\"alignnone size-medium wp-image-6885\" src=\"https:\/\/agora.xtec.cat\/aulahospitalariagtp\/wp-content\/uploads\/usu1060\/2020\/02\/Captura-de-pantalla-2020-02-23-a-les-16.01.51-300x194.png\" alt=\"\" width=\"300\" height=\"194\" srcset=\"https:\/\/agora.xtec.cat\/aulahospitalariagtp\/wp-content\/uploads\/usu1060\/2020\/02\/Captura-de-pantalla-2020-02-23-a-les-16.01.51-300x194.png 300w, https:\/\/agora.xtec.cat\/aulahospitalariagtp\/wp-content\/uploads\/usu1060\/2020\/02\/Captura-de-pantalla-2020-02-23-a-les-16.01.51-768x497.png 768w, https:\/\/agora.xtec.cat\/aulahospitalariagtp\/wp-content\/uploads\/usu1060\/2020\/02\/Captura-de-pantalla-2020-02-23-a-les-16.01.51-1024x663.png 1024w, https:\/\/agora.xtec.cat\/aulahospitalariagtp\/wp-content\/uploads\/usu1060\/2020\/02\/Captura-de-pantalla-2020-02-23-a-les-16.01.51.png 1108w\" sizes=\"auto, (max-width: 300px) 100vw, 300px\" \/><\/a><\/p>\n<p>Avui a la planta de pediatria hem celebrat Carnestoltes!!!!<br \/>\nHem anat pel passad\u00eds i les habitacions a fer fotos acompanyats de Mickey i Minnie, hem enredat a tothom: als metges i metgesses, nens i nenes, infermeria&#8230;.<br \/>\nM\u2019han donat llaminadures i m\u2019 he fet una foto!!<br \/>\nAitana 2n ESO<\/p>\n<div>Avui hem celebrat el CARNAVAL. Les profes d&#8217;aquesta escola eren astronautes i ens han fet un\u00a0 carnet d&#8217;astronauta.<\/div>\n<div>\n<p>M&#8217;ho he passat molt b\u00e9.<\/p>\n<div>Per cert avui avui hem tingut una sorpresa ha vingut la Minie i el Micky. M&#8217;he foto una foto amb ells.<\/div>\n<div>Su Xin (10 anys)<\/div>\n<\/div>\n","protected":false},"excerpt":{"rendered":"<p>Ha arribat el dia de Carnaval. Aquest any, immersos com estem en l&#8217;estudi de la lluna ens hem disfressat d&#8217;astronautes. Amb gorres de la NASA i cascs d&#8217;astronautes&#8230; Ha esta un dia diferent perqu\u00e8 tamb\u00e9 ens ha sorpr\u00e8s la vista de la Minnie i el MIckey que ens han acompanyat fent la rua per les [&hellip;]<\/p>\n","protected":false},"author":1,"featured_media":6874,"comment_status":"open","ping_status":"closed","sticky":false,"template":"","format":"standard","meta":{"_bbp_topic_count":0,"_bbp_reply_count":0,"_bbp_total_topic_count":0,"_bbp_total_reply_count":0,"_bbp_voice_count":0,"_bbp_anonymous_reply_count":0,"_bbp_topic_count_hidden":0,"_bbp_reply_count_hidden":0,"_bbp_forum_subforum_count":0,"site-sidebar-layout":"default","site-content-layout":"","ast-site-content-layout":"default","site-content-style":"default","site-sidebar-style":"default","ast-global-header-display":"","ast-banner-title-visibility":"","ast-main-header-display":"","ast-hfb-above-header-display":"","ast-hfb-below-header-display":"","ast-hfb-mobile-header-display":"","site-post-title":"","ast-breadcrumbs-content":"","ast-featured-img":"","footer-sml-layout":"","theme-transparent-header-meta":"","adv-header-id-meta":"","stick-header-meta":"","header-above-stick-meta":"","header-main-stick-meta":"","header-below-stick-meta":"","astra-migrate-meta-layouts":"set","ast-page-background-enabled":"default","ast-page-background-meta":{"desktop":{"background-color":"var(--ast-global-color-4)","background-image":"","background-repeat":"repeat","background-position":"center center","background-size":"auto","background-attachment":"scroll","background-type":"","background-media":"","overlay-type":"","overlay-color":"","overlay-opacity":"","overlay-gradient":""},"tablet":{"background-color":"","background-image":"","background-repeat":"repeat","background-position":"center center","background-size":"auto","background-attachment":"scroll","background-type":"","background-media":"","overlay-type":"","overlay-color":"","overlay-opacity":"","overlay-gradient":""},"mobile":{"background-color":"","background-image":"","background-repeat":"repeat","background-position":"center center","background-size":"auto","background-attachment":"scroll","background-type":"","background-media":"","overlay-type":"","overlay-color":"","overlay-opacity":"","overlay-gradient":""}},"ast-content-background-meta":{"desktop":{"background-color":"var(--ast-global-color-5)","background-image":"","background-repeat":"repeat","background-position":"center center","background-size":"auto","background-attachment":"scroll","background-type":"","background-media":"","overlay-type":"","overlay-color":"","overlay-opacity":"","overlay-gradient":""},"tablet":{"background-color":"var(--ast-global-color-5)","background-image":"","background-repeat":"repeat","background-position":"center center","background-size":"auto","background-attachment":"scroll","background-type":"","background-media":"","overlay-type":"","overlay-color":"","overlay-opacity":"","overlay-gradient":""},"mobile":{"background-color":"var(--ast-global-color-5)","background-image":"","background-repeat":"repeat","background-position":"center center","background-size":"auto","background-attachment":"scroll","background-type":"","background-media":"","overlay-type":"","overlay-color":"","overlay-opacity":"","overlay-gradient":""}},"footnotes":""},"categories":[74,141,94,143,146],"tags":[118,144],"class_list":["post-6872","post","type-post","status-publish","format-standard","has-post-thumbnail","hentry","category-carnaval","category-curs2019-20","category-ens-visiten","category-la-lluna","category-portada","tag-carnaval","tag-curs-19-20"],"post_mailing_queue_ids":[],"_links":{"self":[{"href":"https:\/\/agora.xtec.cat\/aulahospitalariagtp\/wp-json\/wp\/v2\/posts\/6872","targetHints":{"allow":["GET"]}}],"collection":[{"href":"https:\/\/agora.xtec.cat\/aulahospitalariagtp\/wp-json\/wp\/v2\/posts"}],"about":[{"href":"https:\/\/agora.xtec.cat\/aulahospitalariagtp\/wp-json\/wp\/v2\/types\/post"}],"author":[{"embeddable":true,"href":"https:\/\/agora.xtec.cat\/aulahospitalariagtp\/wp-json\/wp\/v2\/users\/1"}],"replies":[{"embeddable":true,"href":"https:\/\/agora.xtec.cat\/aulahospitalariagtp\/wp-json\/wp\/v2\/comments?post=6872"}],"version-history":[{"count":4,"href":"https:\/\/agora.xtec.cat\/aulahospitalariagtp\/wp-json\/wp\/v2\/posts\/6872\/revisions"}],"predecessor-version":[{"id":9651,"href":"https:\/\/agora.xtec.cat\/aulahospitalariagtp\/wp-json\/wp\/v2\/posts\/6872\/revisions\/9651"}],"wp:featuredmedia":[{"embeddable":true,"href":"https:\/\/agora.xtec.cat\/aulahospitalariagtp\/wp-json\/wp\/v2\/media\/6874"}],"wp:attachment":[{"href":"https:\/\/agora.xtec.cat\/aulahospitalariagtp\/wp-json\/wp\/v2\/media?parent=6872"}],"wp:term":[{"taxonomy":"category","embeddable":true,"href":"https:\/\/agora.xtec.cat\/aulahospitalariagtp\/wp-json\/wp\/v2\/categories?post=6872"},{"taxonomy":"post_tag","embeddable":true,"href":"https:\/\/agora.xtec.cat\/aulahospitalariagtp\/wp-json\/wp\/v2\/tags?post=6872"}],"curies":[{"name":"wp","href":"https:\/\/api.w.org\/{rel}","templated":true}]}}