{"id":6848,"date":"2020-02-02T23:33:24","date_gmt":"2020-02-02T22:33:24","guid":{"rendered":"http:\/\/agora.xtec.cat\/aulahospitalariagtp\/?p=6848"},"modified":"2025-05-26T14:42:48","modified_gmt":"2025-05-26T12:42:48","slug":"el-denip-2020","status":"publish","type":"post","link":"https:\/\/agora.xtec.cat\/aulahospitalariagtp\/tematics\/dies-especials\/el-denip-2020\/","title":{"rendered":"DENIP 2020 (Dia Escola de la No viol\u00e8ncia I la Pau.)"},"content":{"rendered":"<p>Avui, dia 30 de gener, celebrem el DENIP: el Dia Escolar de la No violencia i la Pau. Per aquesta activitat hem fet un cartell interactiu on-line on hem fet el recull de totes les activitats relacionades amb aquest dia tan important per la humanitat i que se celebra el dia de l&#8217;aniversari d&#8217;una gran persona: Gandhi. Hi podreu veure un video de la hist\u00f2ria de Ghandi i un QR on escoltareu una can\u00e7\u00f3 que li agrada molt al Mohamed.<\/p>\n<p><a href=\"https:\/\/agora.xtec.cat\/aulahospitalariagtp\/wp-content\/uploads\/usu1060\/2020\/02\/Captura-de-pantalla-2020-02-02-a-les-23.30.13.png\"><img loading=\"lazy\" decoding=\"async\" class=\" wp-image-6867 alignleft\" src=\"https:\/\/agora.xtec.cat\/aulahospitalariagtp\/wp-content\/uploads\/usu1060\/2020\/02\/Captura-de-pantalla-2020-02-02-a-les-23.30.13-300x289.png\" alt=\"\" width=\"126\" height=\"121\" srcset=\"https:\/\/agora.xtec.cat\/aulahospitalariagtp\/wp-content\/uploads\/usu1060\/2020\/02\/Captura-de-pantalla-2020-02-02-a-les-23.30.13-300x289.png 300w, https:\/\/agora.xtec.cat\/aulahospitalariagtp\/wp-content\/uploads\/usu1060\/2020\/02\/Captura-de-pantalla-2020-02-02-a-les-23.30.13.png 701w\" sizes=\"auto, (max-width: 126px) 100vw, 126px\" \/><\/a><a href=\"https:\/\/agora.xtec.cat\/aulahospitalariagtp\/wp-content\/uploads\/usu1060\/2020\/02\/Captura-de-pantalla-2020-02-02-a-les-23.31.53.png\"><img loading=\"lazy\" decoding=\"async\" class=\"wp-image-6868 alignleft\" src=\"https:\/\/agora.xtec.cat\/aulahospitalariagtp\/wp-content\/uploads\/usu1060\/2020\/02\/Captura-de-pantalla-2020-02-02-a-les-23.31.53-300x171.png\" alt=\"\" width=\"209\" height=\"119\" srcset=\"https:\/\/agora.xtec.cat\/aulahospitalariagtp\/wp-content\/uploads\/usu1060\/2020\/02\/Captura-de-pantalla-2020-02-02-a-les-23.31.53-300x171.png 300w, https:\/\/agora.xtec.cat\/aulahospitalariagtp\/wp-content\/uploads\/usu1060\/2020\/02\/Captura-de-pantalla-2020-02-02-a-les-23.31.53.png 362w\" sizes=\"auto, (max-width: 209px) 100vw, 209px\" \/><\/a>Avui hem anat passant per les habitacions i hem proposat al personal que treballa a la planta de Pediatria i a les fam\u00edlies que escriguin en un pos-it la resposta a la pregunta: QUAN TANQUES ELS ULLS I PENSES EN LA PAU&#8230; QU\u00c8 HI VEUS? La Louiza, la Clauida i la Irene han fet uns dibuixos molt bonics.<\/p>\n<p>Hem fet un mural al passad\u00eds perqu\u00e8 tothom ho pugui veure.<\/p>\n<p>Si cliqueu aquesta imatge podreu accedir a tota la informaci\u00f3. <em><strong>\u00c9s un mural interactiu<\/strong><\/em>.<\/p>\n<p>Isaac O (14 anys)<\/p>\n<p><a href=\"https:\/\/www.canva.com\/design\/DADyStb5oBs\/-Mx03OBNU-bb6TxWQIoyZA\/view?utm_content=DADyStb5oBs&amp;utm_campaign=designshare&amp;utm_medium=link&amp;utm_source=publishsharelink\"><img loading=\"lazy\" decoding=\"async\" class=\"alignnone wp-image-6865\" src=\"https:\/\/agora.xtec.cat\/aulahospitalariagtp\/wp-content\/uploads\/usu1060\/2020\/02\/Captura-de-pantalla-2020-02-02-a-les-23.22.08-300x247.png\" alt=\"\" width=\"474\" height=\"390\" srcset=\"https:\/\/agora.xtec.cat\/aulahospitalariagtp\/wp-content\/uploads\/usu1060\/2020\/02\/Captura-de-pantalla-2020-02-02-a-les-23.22.08-300x247.png 300w, https:\/\/agora.xtec.cat\/aulahospitalariagtp\/wp-content\/uploads\/usu1060\/2020\/02\/Captura-de-pantalla-2020-02-02-a-les-23.22.08-768x633.png 768w, https:\/\/agora.xtec.cat\/aulahospitalariagtp\/wp-content\/uploads\/usu1060\/2020\/02\/Captura-de-pantalla-2020-02-02-a-les-23.22.08-1024x844.png 1024w, https:\/\/agora.xtec.cat\/aulahospitalariagtp\/wp-content\/uploads\/usu1060\/2020\/02\/Captura-de-pantalla-2020-02-02-a-les-23.22.08.png 1311w\" sizes=\"auto, (max-width: 474px) 100vw, 474px\" \/><\/a><\/p>\n","protected":false},"excerpt":{"rendered":"<p>Avui, dia 30 de gener, celebrem el DENIP: el Dia Escolar de la No violencia i la Pau. Per aquesta activitat hem fet un cartell interactiu on-line on hem fet el recull de totes les activitats relacionades amb aquest dia tan important per la humanitat i que se celebra el dia de l&#8217;aniversari d&#8217;una gran [&hellip;]<\/p>\n","protected":false},"author":1,"featured_media":6867,"comment_status":"open","ping_status":"closed","sticky":false,"template":"","format":"standard","meta":{"_bbp_topic_count":0,"_bbp_reply_count":0,"_bbp_total_topic_count":0,"_bbp_total_reply_count":0,"_bbp_voice_count":0,"_bbp_anonymous_reply_count":0,"_bbp_topic_count_hidden":0,"_bbp_reply_count_hidden":0,"_bbp_forum_subforum_count":0,"site-sidebar-layout":"default","site-content-layout":"","ast-site-content-layout":"default","site-content-style":"default","site-sidebar-style":"default","ast-global-header-display":"","ast-banner-title-visibility":"","ast-main-header-display":"","ast-hfb-above-header-display":"","ast-hfb-below-header-display":"","ast-hfb-mobile-header-display":"","site-post-title":"","ast-breadcrumbs-content":"","ast-featured-img":"","footer-sml-layout":"","theme-transparent-header-meta":"","adv-header-id-meta":"","stick-header-meta":"","header-above-stick-meta":"","header-main-stick-meta":"","header-below-stick-meta":"","astra-migrate-meta-layouts":"set","ast-page-background-enabled":"default","ast-page-background-meta":{"desktop":{"background-color":"var(--ast-global-color-4)","background-image":"","background-repeat":"repeat","background-position":"center center","background-size":"auto","background-attachment":"scroll","background-type":"","background-media":"","overlay-type":"","overlay-color":"","overlay-opacity":"","overlay-gradient":""},"tablet":{"background-color":"","background-image":"","background-repeat":"repeat","background-position":"center center","background-size":"auto","background-attachment":"scroll","background-type":"","background-media":"","overlay-type":"","overlay-color":"","overlay-opacity":"","overlay-gradient":""},"mobile":{"background-color":"","background-image":"","background-repeat":"repeat","background-position":"center center","background-size":"auto","background-attachment":"scroll","background-type":"","background-media":"","overlay-type":"","overlay-color":"","overlay-opacity":"","overlay-gradient":""}},"ast-content-background-meta":{"desktop":{"background-color":"var(--ast-global-color-5)","background-image":"","background-repeat":"repeat","background-position":"center center","background-size":"auto","background-attachment":"scroll","background-type":"","background-media":"","overlay-type":"","overlay-color":"","overlay-opacity":"","overlay-gradient":""},"tablet":{"background-color":"var(--ast-global-color-5)","background-image":"","background-repeat":"repeat","background-position":"center center","background-size":"auto","background-attachment":"scroll","background-type":"","background-media":"","overlay-type":"","overlay-color":"","overlay-opacity":"","overlay-gradient":""},"mobile":{"background-color":"var(--ast-global-color-5)","background-image":"","background-repeat":"repeat","background-position":"center center","background-size":"auto","background-attachment":"scroll","background-type":"","background-media":"","overlay-type":"","overlay-color":"","overlay-opacity":"","overlay-gradient":""}},"footnotes":""},"categories":[92,141,43,95,146,48,69],"tags":[],"class_list":["post-6848","post","type-post","status-publish","format-standard","has-post-thumbnail","hentry","category-activitats-obertes","category-curs2019-20","category-dies-especials","category-murals","category-portada","category-tematics","category-treballs-a-laula"],"post_mailing_queue_ids":[],"_links":{"self":[{"href":"https:\/\/agora.xtec.cat\/aulahospitalariagtp\/wp-json\/wp\/v2\/posts\/6848","targetHints":{"allow":["GET"]}}],"collection":[{"href":"https:\/\/agora.xtec.cat\/aulahospitalariagtp\/wp-json\/wp\/v2\/posts"}],"about":[{"href":"https:\/\/agora.xtec.cat\/aulahospitalariagtp\/wp-json\/wp\/v2\/types\/post"}],"author":[{"embeddable":true,"href":"https:\/\/agora.xtec.cat\/aulahospitalariagtp\/wp-json\/wp\/v2\/users\/1"}],"replies":[{"embeddable":true,"href":"https:\/\/agora.xtec.cat\/aulahospitalariagtp\/wp-json\/wp\/v2\/comments?post=6848"}],"version-history":[{"count":4,"href":"https:\/\/agora.xtec.cat\/aulahospitalariagtp\/wp-json\/wp\/v2\/posts\/6848\/revisions"}],"predecessor-version":[{"id":9652,"href":"https:\/\/agora.xtec.cat\/aulahospitalariagtp\/wp-json\/wp\/v2\/posts\/6848\/revisions\/9652"}],"wp:featuredmedia":[{"embeddable":true,"href":"https:\/\/agora.xtec.cat\/aulahospitalariagtp\/wp-json\/wp\/v2\/media\/6867"}],"wp:attachment":[{"href":"https:\/\/agora.xtec.cat\/aulahospitalariagtp\/wp-json\/wp\/v2\/media?parent=6848"}],"wp:term":[{"taxonomy":"category","embeddable":true,"href":"https:\/\/agora.xtec.cat\/aulahospitalariagtp\/wp-json\/wp\/v2\/categories?post=6848"},{"taxonomy":"post_tag","embeddable":true,"href":"https:\/\/agora.xtec.cat\/aulahospitalariagtp\/wp-json\/wp\/v2\/tags?post=6848"}],"curies":[{"name":"wp","href":"https:\/\/api.w.org\/{rel}","templated":true}]}}