{"id":6763,"date":"2019-12-11T09:58:46","date_gmt":"2019-12-11T08:58:46","guid":{"rendered":"http:\/\/agora.xtec.cat\/aulahospitalariagtp\/?p=6763"},"modified":"2025-05-26T14:53:13","modified_gmt":"2025-05-26T12:53:13","slug":"el-camp-nou-entra-a-lescola","status":"publish","type":"post","link":"https:\/\/agora.xtec.cat\/aulahospitalariagtp\/activitats-obertes\/el-camp-nou-entra-a-lescola\/","title":{"rendered":"EL CAMP NOU ENTRA A L&#8217;ESCOLA"},"content":{"rendered":"<p><a href=\"https:\/\/agora.xtec.cat\/aulahospitalariagtp\/wp-content\/uploads\/usu1060\/2019\/12\/Mohamed-bar\u00e7a.jpg\"><img loading=\"lazy\" decoding=\"async\" class=\"size-medium wp-image-6767 alignleft\" src=\"https:\/\/agora.xtec.cat\/aulahospitalariagtp\/wp-content\/uploads\/usu1060\/2019\/12\/Mohamed-bar\u00e7a-300x225.jpg\" alt=\"\" width=\"300\" height=\"225\" srcset=\"https:\/\/agora.xtec.cat\/aulahospitalariagtp\/wp-content\/uploads\/usu1060\/2019\/12\/Mohamed-bar\u00e7a-300x225.jpg 300w, https:\/\/agora.xtec.cat\/aulahospitalariagtp\/wp-content\/uploads\/usu1060\/2019\/12\/Mohamed-bar\u00e7a-200x150.jpg 200w, https:\/\/agora.xtec.cat\/aulahospitalariagtp\/wp-content\/uploads\/usu1060\/2019\/12\/Mohamed-bar\u00e7a.jpg 500w\" sizes=\"auto, (max-width: 300px) 100vw, 300px\" \/><\/a> <a href=\"https:\/\/agora.xtec.cat\/aulahospitalariagtp\/wp-content\/uploads\/usu1060\/2019\/12\/Mohamed-fantasma-bar\u00e7a.jpg\"><img loading=\"lazy\" decoding=\"async\" class=\"size-medium wp-image-6769 alignnone\" src=\"https:\/\/agora.xtec.cat\/aulahospitalariagtp\/wp-content\/uploads\/usu1060\/2019\/12\/Mohamed-fantasma-bar\u00e7a-300x225.jpg\" alt=\"\" width=\"300\" height=\"225\" srcset=\"https:\/\/agora.xtec.cat\/aulahospitalariagtp\/wp-content\/uploads\/usu1060\/2019\/12\/Mohamed-fantasma-bar\u00e7a-300x225.jpg 300w, https:\/\/agora.xtec.cat\/aulahospitalariagtp\/wp-content\/uploads\/usu1060\/2019\/12\/Mohamed-fantasma-bar\u00e7a-200x150.jpg 200w, https:\/\/agora.xtec.cat\/aulahospitalariagtp\/wp-content\/uploads\/usu1060\/2019\/12\/Mohamed-fantasma-bar\u00e7a.jpg 500w\" sizes=\"auto, (max-width: 300px) 100vw, 300px\" \/><\/a><br \/>\nAvui\u00a0l&#8217; escola del hospital s\u2019ha convertit en el CAMP NOU. Ha entrat tothom, nens, nenes i pares.<br \/>\nEns han fet unes fotos molt xules amb una pantalla de croma. A la foto\u00a0 surts amb uns quants jugadors de FC. Barcelona .<br \/>\nLa pantalla (croma) \u00e9s molt divertida. La nostra profe ha tingut una idea, ha anat a buscar una bata verda de quir\u00f2fan perqu\u00e8 si et poses alguna cosa verda i et fan una foto al croma surts com un fantasma amb el teu cap flotant!. Aix\u00f2 passa perqu\u00e8 la pantalla tamb\u00e9 \u00e9s verda i l\u2019 ordinador es pensa que ets la pantalla i talla tota la part verda. A la foto desapareixes i nomes queda el cap. \u00c9s al.lucinant!!<br \/>\nDespr\u00e9s et donen unes ulleres 3D de 360graus . Podies mirar com a comen\u00e7at el bar\u00e7a , els millors jugadors de la historia del bar\u00e7a i unes quantes jugades de Messi i Suares.<br \/>\nAvui ha estat un dia molt divertit aqu\u00ed a l\u2019 escola del hospital.<\/p>\n<p>Mohamed Ch \u00a0\u00a0\u00a0\u00a0\u00a0 ( 13 anys. )<a href=\"https:\/\/agora.xtec.cat\/aulahospitalariagtp\/wp-content\/uploads\/usu1060\/2019\/12\/martina-bar\u00e7a.jpg\"><img loading=\"lazy\" decoding=\"async\" class=\"size-medium wp-image-6768 alignright\" src=\"https:\/\/agora.xtec.cat\/aulahospitalariagtp\/wp-content\/uploads\/usu1060\/2019\/12\/martina-bar\u00e7a-300x225.jpg\" alt=\"\" width=\"300\" height=\"225\" srcset=\"https:\/\/agora.xtec.cat\/aulahospitalariagtp\/wp-content\/uploads\/usu1060\/2019\/12\/martina-bar\u00e7a-300x225.jpg 300w, https:\/\/agora.xtec.cat\/aulahospitalariagtp\/wp-content\/uploads\/usu1060\/2019\/12\/martina-bar\u00e7a-200x150.jpg 200w, https:\/\/agora.xtec.cat\/aulahospitalariagtp\/wp-content\/uploads\/usu1060\/2019\/12\/martina-bar\u00e7a.jpg 500w\" sizes=\"auto, (max-width: 300px) 100vw, 300px\" \/><\/a><a href=\"https:\/\/agora.xtec.cat\/aulahospitalariagtp\/wp-content\/uploads\/usu1060\/2019\/12\/ulleres-3d1.jpg\"><img loading=\"lazy\" decoding=\"async\" class=\"size-medium wp-image-6772 alignright\" src=\"https:\/\/agora.xtec.cat\/aulahospitalariagtp\/wp-content\/uploads\/usu1060\/2019\/12\/ulleres-3d1-300x225.jpg\" alt=\"\" width=\"300\" height=\"225\" srcset=\"https:\/\/agora.xtec.cat\/aulahospitalariagtp\/wp-content\/uploads\/usu1060\/2019\/12\/ulleres-3d1-300x225.jpg 300w, https:\/\/agora.xtec.cat\/aulahospitalariagtp\/wp-content\/uploads\/usu1060\/2019\/12\/ulleres-3d1-200x150.jpg 200w, https:\/\/agora.xtec.cat\/aulahospitalariagtp\/wp-content\/uploads\/usu1060\/2019\/12\/ulleres-3d1.jpg 500w\" sizes=\"auto, (max-width: 300px) 100vw, 300px\" \/><\/a><\/p>\n<p style=\"text-align: left;\">Avui m\u2019han\u00a0\u00a0 ficat unes ulleres 3D que han fet que jo estigu\u00e9s al camp del Bar\u00e7a. Nomes movent el cap semblava que\u00a0 estava dins del camp movent-me i m&#8217;han fet unes fotos molt xules. primer a mi i els juga dors i despr\u00e9s sense els jugadors.\u00a0 Tinc una foto que s\u00f3c una fantasma!<\/p>\n<p>Martina (8 anys)<\/p>\n<p><a href=\"https:\/\/agora.xtec.cat\/aulahospitalariagtp\/wp-content\/uploads\/usu1060\/2019\/12\/dibuix-bar\u00e7a.jpg\"><img loading=\"lazy\" decoding=\"async\" class=\"alignnone wp-image-6777\" src=\"https:\/\/agora.xtec.cat\/aulahospitalariagtp\/wp-content\/uploads\/usu1060\/2019\/12\/dibuix-bar\u00e7a-300x209.jpg\" alt=\"\" width=\"499\" height=\"347\" srcset=\"https:\/\/agora.xtec.cat\/aulahospitalariagtp\/wp-content\/uploads\/usu1060\/2019\/12\/dibuix-bar\u00e7a-300x209.jpg 300w, https:\/\/agora.xtec.cat\/aulahospitalariagtp\/wp-content\/uploads\/usu1060\/2019\/12\/dibuix-bar\u00e7a.jpg 500w\" sizes=\"auto, (max-width: 499px) 100vw, 499px\" \/><\/a><\/p>\n","protected":false},"excerpt":{"rendered":"<p>Avui\u00a0l&#8217; escola del hospital s\u2019ha convertit en el CAMP NOU. Ha entrat tothom, nens, nenes i pares. Ens han fet unes fotos molt xules amb una pantalla de croma. A la foto\u00a0 surts amb uns quants jugadors de FC. Barcelona . La pantalla (croma) \u00e9s molt divertida. La nostra profe ha tingut una idea, ha [&hellip;]<\/p>\n","protected":false},"author":1,"featured_media":6767,"comment_status":"open","ping_status":"closed","sticky":false,"template":"","format":"standard","meta":{"_bbp_topic_count":0,"_bbp_reply_count":0,"_bbp_total_topic_count":0,"_bbp_total_reply_count":0,"_bbp_voice_count":0,"_bbp_anonymous_reply_count":0,"_bbp_topic_count_hidden":0,"_bbp_reply_count_hidden":0,"_bbp_forum_subforum_count":0,"site-sidebar-layout":"default","site-content-layout":"","ast-site-content-layout":"default","site-content-style":"default","site-sidebar-style":"default","ast-global-header-display":"","ast-banner-title-visibility":"","ast-main-header-display":"","ast-hfb-above-header-display":"","ast-hfb-below-header-display":"","ast-hfb-mobile-header-display":"","site-post-title":"","ast-breadcrumbs-content":"","ast-featured-img":"","footer-sml-layout":"","theme-transparent-header-meta":"","adv-header-id-meta":"","stick-header-meta":"","header-above-stick-meta":"","header-main-stick-meta":"","header-below-stick-meta":"","astra-migrate-meta-layouts":"set","ast-page-background-enabled":"default","ast-page-background-meta":{"desktop":{"background-color":"var(--ast-global-color-4)","background-image":"","background-repeat":"repeat","background-position":"center center","background-size":"auto","background-attachment":"scroll","background-type":"","background-media":"","overlay-type":"","overlay-color":"","overlay-opacity":"","overlay-gradient":""},"tablet":{"background-color":"","background-image":"","background-repeat":"repeat","background-position":"center center","background-size":"auto","background-attachment":"scroll","background-type":"","background-media":"","overlay-type":"","overlay-color":"","overlay-opacity":"","overlay-gradient":""},"mobile":{"background-color":"","background-image":"","background-repeat":"repeat","background-position":"center center","background-size":"auto","background-attachment":"scroll","background-type":"","background-media":"","overlay-type":"","overlay-color":"","overlay-opacity":"","overlay-gradient":""}},"ast-content-background-meta":{"desktop":{"background-color":"var(--ast-global-color-5)","background-image":"","background-repeat":"repeat","background-position":"center center","background-size":"auto","background-attachment":"scroll","background-type":"","background-media":"","overlay-type":"","overlay-color":"","overlay-opacity":"","overlay-gradient":""},"tablet":{"background-color":"var(--ast-global-color-5)","background-image":"","background-repeat":"repeat","background-position":"center center","background-size":"auto","background-attachment":"scroll","background-type":"","background-media":"","overlay-type":"","overlay-color":"","overlay-opacity":"","overlay-gradient":""},"mobile":{"background-color":"var(--ast-global-color-5)","background-image":"","background-repeat":"repeat","background-position":"center center","background-size":"auto","background-attachment":"scroll","background-type":"","background-media":"","overlay-type":"","overlay-color":"","overlay-opacity":"","overlay-gradient":""}},"footnotes":""},"categories":[92,141,94],"tags":[],"class_list":["post-6763","post","type-post","status-publish","format-standard","has-post-thumbnail","hentry","category-activitats-obertes","category-curs2019-20","category-ens-visiten"],"post_mailing_queue_ids":[],"_links":{"self":[{"href":"https:\/\/agora.xtec.cat\/aulahospitalariagtp\/wp-json\/wp\/v2\/posts\/6763","targetHints":{"allow":["GET"]}}],"collection":[{"href":"https:\/\/agora.xtec.cat\/aulahospitalariagtp\/wp-json\/wp\/v2\/posts"}],"about":[{"href":"https:\/\/agora.xtec.cat\/aulahospitalariagtp\/wp-json\/wp\/v2\/types\/post"}],"author":[{"embeddable":true,"href":"https:\/\/agora.xtec.cat\/aulahospitalariagtp\/wp-json\/wp\/v2\/users\/1"}],"replies":[{"embeddable":true,"href":"https:\/\/agora.xtec.cat\/aulahospitalariagtp\/wp-json\/wp\/v2\/comments?post=6763"}],"version-history":[{"count":4,"href":"https:\/\/agora.xtec.cat\/aulahospitalariagtp\/wp-json\/wp\/v2\/posts\/6763\/revisions"}],"predecessor-version":[{"id":9666,"href":"https:\/\/agora.xtec.cat\/aulahospitalariagtp\/wp-json\/wp\/v2\/posts\/6763\/revisions\/9666"}],"wp:featuredmedia":[{"embeddable":true,"href":"https:\/\/agora.xtec.cat\/aulahospitalariagtp\/wp-json\/wp\/v2\/media\/6767"}],"wp:attachment":[{"href":"https:\/\/agora.xtec.cat\/aulahospitalariagtp\/wp-json\/wp\/v2\/media?parent=6763"}],"wp:term":[{"taxonomy":"category","embeddable":true,"href":"https:\/\/agora.xtec.cat\/aulahospitalariagtp\/wp-json\/wp\/v2\/categories?post=6763"},{"taxonomy":"post_tag","embeddable":true,"href":"https:\/\/agora.xtec.cat\/aulahospitalariagtp\/wp-json\/wp\/v2\/tags?post=6763"}],"curies":[{"name":"wp","href":"https:\/\/api.w.org\/{rel}","templated":true}]}}