{"id":6757,"date":"2019-11-27T11:14:20","date_gmt":"2019-11-27T10:14:20","guid":{"rendered":"http:\/\/agora.xtec.cat\/aulahospitalariagtp\/?p=6757"},"modified":"2020-05-25T15:24:17","modified_gmt":"2020-05-25T13:24:17","slug":"conferencia-sobre-larribada-a-la-lluna","status":"publish","type":"post","link":"https:\/\/agora.xtec.cat\/aulahospitalariagtp\/tematics\/dies-especials\/conferencia-sobre-larribada-a-la-lluna\/","title":{"rendered":"Conf\u00e8rencia sobre l&#8217;arribada a la Lluna"},"content":{"rendered":"<p><span style=\"font-weight: 400;\">El 13 de novembre de 2019, vaig poder conectar-me via streaming desde la meva habitaci\u00f3, com una proposta de l&#8217;aula hospitalaria de Can Ruti, a la confer\u00e8ncia &#8220;<em>Programa Apolo: 50 anys de l&#8217;arribada de l&#8217;home a la Lluna<\/em>&#8221; a c\u00e0rrec de Rafael Clemente que va tenir lloc a l&#8217;escola d&#8217;Enginyeria de telecomunicacions i aeroespacial de Castelldefels.\u00a0<\/span><span style=\"font-weight: 400;\">Va ser molt interessant tot el que va explicar, dades que desconeixia, fins i tot an\u00e8cdotes.<\/span><\/p>\n<p><span style=\"font-weight: 400;\">Es veu que els americans volien ser millors que els russos, per aquest motiu havien d&#8217;inventar o aconseguir alguna cosa que els posicion\u00e9s per davant. I aix\u00ed va ser com va comen\u00e7ar aquesta missi\u00f3. El seu objectiu era aconseguir que un \u00e9sser hum\u00e0 camin\u00e9s sobre la superf\u00edcie de la Lluna.\u00a0<\/span><\/p>\n<p><span style=\"font-weight: 400;\">Van trigar 10 anys en aconseguir-ho. Cal dir que abans d&#8217;aconseguir-ho tres astronautes van perdre la vida durant l&#8217;\u00faltima prova a terra simulant el compte enrere.\u00a0<\/span><\/p>\n<p><span style=\"font-weight: 400;\">Finalment el 16 de juliol de 1969 es va llen\u00e7ar a l&#8217;espai la missi\u00f3 Apolo 11, que va arribar a la superf\u00edcie de la Lluna el 20 de juliol, al dia seg\u00fcent dos astronautes, Armstrong i Aldrin, van aconseguir caminar sobre la superf\u00edcie lunar.\u00a0<\/span><\/p>\n<p><span style=\"font-weight: 400;\">Hi ha un s\u00edmbol que representa com cap altre l&#8217;\u00e8xit i l&#8217;orgull d&#8217;una naci\u00f3, aquest \u00e9s la bandera dels EE.UU que Neil Armstrong i Buzz Aldrin van plantar a la superf\u00edcie lunar poc despr\u00e9s de l&#8217;aterratge.\u00a0<\/span><\/p>\n<p><span style=\"font-weight: 400;\">La bandera tamb\u00e9 va suposar un repte per la NASA. Estava formada per dos tubs telesc\u00f2pics d&#8217;alumini; en l&#8217;extrem superior anava un travesser horitzontal perqu\u00e8 la bandera pogu\u00e9s ser desplegada i no caigu\u00e8s per la falta d&#8217;atmosfera, i aix\u00ed sembl\u00e9s que la bandera onejava.\u00a0<\/span><\/p>\n<p>&nbsp;<\/p>\n<p><span style=\"font-weight: 400;\">&#8220;Un petit pas per a l&#8217;home, un gran pas per a la humanitat&#8221;, o no\u2026<\/span><\/p>\n<p>&nbsp;<\/p>\n<p><a href=\"https:\/\/agora.xtec.cat\/aulahospitalariagtp\/wp-content\/uploads\/usu1060\/2019\/11\/APOLO.png\"><img loading=\"lazy\" decoding=\"async\" class=\"alignnone wp-image-6758\" src=\"https:\/\/agora.xtec.cat\/aulahospitalariagtp\/wp-content\/uploads\/usu1060\/2019\/11\/APOLO-300x169.png\" alt=\"\" width=\"695\" height=\"391\" data-wp-editing=\"1\" srcset=\"https:\/\/agora.xtec.cat\/aulahospitalariagtp\/wp-content\/uploads\/usu1060\/2019\/11\/APOLO-300x169.png 300w, https:\/\/agora.xtec.cat\/aulahospitalariagtp\/wp-content\/uploads\/usu1060\/2019\/11\/APOLO-768x432.png 768w, https:\/\/agora.xtec.cat\/aulahospitalariagtp\/wp-content\/uploads\/usu1060\/2019\/11\/APOLO-1024x576.png 1024w, https:\/\/agora.xtec.cat\/aulahospitalariagtp\/wp-content\/uploads\/usu1060\/2019\/11\/APOLO.png 1422w\" sizes=\"auto, (max-width: 695px) 100vw, 695px\" \/><\/a><\/p>\n<p>Pau Sabio Aguado (15 anys)<\/p>\n","protected":false},"excerpt":{"rendered":"<p>El 13 de novembre de 2019, vaig poder conectar-me via streaming desde la meva habitaci\u00f3, com una proposta de l&#8217;aula hospitalaria de Can Ruti, a la confer\u00e8ncia &#8220;Programa Apolo: 50 anys de l&#8217;arribada de l&#8217;home a la Lluna&#8221; a c\u00e0rrec de Rafael Clemente que va tenir lloc a l&#8217;escola d&#8217;Enginyeria de telecomunicacions i aeroespacial de [&hellip;]<\/p>\n","protected":false},"author":1,"featured_media":0,"comment_status":"open","ping_status":"closed","sticky":false,"template":"","format":"standard","meta":{"_bbp_topic_count":0,"_bbp_reply_count":0,"_bbp_total_topic_count":0,"_bbp_total_reply_count":0,"_bbp_voice_count":0,"_bbp_anonymous_reply_count":0,"_bbp_topic_count_hidden":0,"_bbp_reply_count_hidden":0,"_bbp_forum_subforum_count":0,"site-sidebar-layout":"default","site-content-layout":"","ast-site-content-layout":"","site-content-style":"default","site-sidebar-style":"default","ast-global-header-display":"","ast-banner-title-visibility":"","ast-main-header-display":"","ast-hfb-above-header-display":"","ast-hfb-below-header-display":"","ast-hfb-mobile-header-display":"","site-post-title":"","ast-breadcrumbs-content":"","ast-featured-img":"","footer-sml-layout":"","theme-transparent-header-meta":"","adv-header-id-meta":"","stick-header-meta":"","header-above-stick-meta":"","header-main-stick-meta":"","header-below-stick-meta":"","astra-migrate-meta-layouts":"default","ast-page-background-enabled":"default","ast-page-background-meta":{"desktop":{"background-color":"var(--ast-global-color-4)","background-image":"","background-repeat":"repeat","background-position":"center center","background-size":"auto","background-attachment":"scroll","background-type":"","background-media":"","overlay-type":"","overlay-color":"","overlay-opacity":"","overlay-gradient":""},"tablet":{"background-color":"","background-image":"","background-repeat":"repeat","background-position":"center center","background-size":"auto","background-attachment":"scroll","background-type":"","background-media":"","overlay-type":"","overlay-color":"","overlay-opacity":"","overlay-gradient":""},"mobile":{"background-color":"","background-image":"","background-repeat":"repeat","background-position":"center center","background-size":"auto","background-attachment":"scroll","background-type":"","background-media":"","overlay-type":"","overlay-color":"","overlay-opacity":"","overlay-gradient":""}},"ast-content-background-meta":{"desktop":{"background-color":"var(--ast-global-color-5)","background-image":"","background-repeat":"repeat","background-position":"center center","background-size":"auto","background-attachment":"scroll","background-type":"","background-media":"","overlay-type":"","overlay-color":"","overlay-opacity":"","overlay-gradient":""},"tablet":{"background-color":"var(--ast-global-color-5)","background-image":"","background-repeat":"repeat","background-position":"center center","background-size":"auto","background-attachment":"scroll","background-type":"","background-media":"","overlay-type":"","overlay-color":"","overlay-opacity":"","overlay-gradient":""},"mobile":{"background-color":"var(--ast-global-color-5)","background-image":"","background-repeat":"repeat","background-position":"center center","background-size":"auto","background-attachment":"scroll","background-type":"","background-media":"","overlay-type":"","overlay-color":"","overlay-opacity":"","overlay-gradient":""}},"footnotes":""},"categories":[141,43,143,93],"tags":[],"class_list":["post-6757","post","type-post","status-publish","format-standard","hentry","category-curs2019-20","category-dies-especials","category-la-lluna","category-records-i-dedicatories"],"post_mailing_queue_ids":[],"_links":{"self":[{"href":"https:\/\/agora.xtec.cat\/aulahospitalariagtp\/wp-json\/wp\/v2\/posts\/6757","targetHints":{"allow":["GET"]}}],"collection":[{"href":"https:\/\/agora.xtec.cat\/aulahospitalariagtp\/wp-json\/wp\/v2\/posts"}],"about":[{"href":"https:\/\/agora.xtec.cat\/aulahospitalariagtp\/wp-json\/wp\/v2\/types\/post"}],"author":[{"embeddable":true,"href":"https:\/\/agora.xtec.cat\/aulahospitalariagtp\/wp-json\/wp\/v2\/users\/1"}],"replies":[{"embeddable":true,"href":"https:\/\/agora.xtec.cat\/aulahospitalariagtp\/wp-json\/wp\/v2\/comments?post=6757"}],"version-history":[{"count":1,"href":"https:\/\/agora.xtec.cat\/aulahospitalariagtp\/wp-json\/wp\/v2\/posts\/6757\/revisions"}],"predecessor-version":[{"id":6759,"href":"https:\/\/agora.xtec.cat\/aulahospitalariagtp\/wp-json\/wp\/v2\/posts\/6757\/revisions\/6759"}],"wp:attachment":[{"href":"https:\/\/agora.xtec.cat\/aulahospitalariagtp\/wp-json\/wp\/v2\/media?parent=6757"}],"wp:term":[{"taxonomy":"category","embeddable":true,"href":"https:\/\/agora.xtec.cat\/aulahospitalariagtp\/wp-json\/wp\/v2\/categories?post=6757"},{"taxonomy":"post_tag","embeddable":true,"href":"https:\/\/agora.xtec.cat\/aulahospitalariagtp\/wp-json\/wp\/v2\/tags?post=6757"}],"curies":[{"name":"wp","href":"https:\/\/api.w.org\/{rel}","templated":true}]}}