{"id":6644,"date":"2019-10-03T12:09:58","date_gmt":"2019-10-03T10:09:58","guid":{"rendered":"http:\/\/agora.xtec.cat\/aulahospitalariagtp\/?p=6644"},"modified":"2025-05-26T14:49:03","modified_gmt":"2025-05-26T12:49:03","slug":"les-festes","status":"publish","type":"post","link":"https:\/\/agora.xtec.cat\/aulahospitalariagtp\/tematics\/dies-especials\/les-festes\/","title":{"rendered":"Les festes!!"},"content":{"rendered":"<p>Hola, avui desde l`escola de l\u2019hospital volem explicar un petit projecte que estem fent. Es tracta de fer unes enquestes sobre les festes, espec\u00edficament Halloween i la Castanyada. El dia seg\u00fcent d\u2019arribar a l`hospital la Roser, que \u00e9s la &#8220;profe&#8221;, ens va proposar fer aquest projecte. A tots ens va semblar b\u00e9 esclar era molt divertit. Al comen\u00e7ament \u00e9rem 3 noies, la Laila, la Marta i jo l`Edurne.El primer dia d`enquestes vam anar habitaci\u00f3 per habitaci\u00f3 preguntant. Aquesta era la graella de les enquestes on anotem les respostes.<\/p>\n<p>Unes quantes imatges:<\/p>\n<p><iframe loading=\"lazy\" src=\"https:\/\/photopeach.com\/embed\/149x4hc\" width=\"445\" height=\"296\" frameborder=\"0\"><\/iframe><\/p>\n<p><a href=\"https:\/\/agora.xtec.cat\/aulahospitalariagtp\/wp-content\/uploads\/usu1060\/2019\/10\/estadistica.jpg\"><img loading=\"lazy\" decoding=\"async\" class=\"wp-image-6652 alignleft\" src=\"https:\/\/agora.xtec.cat\/aulahospitalariagtp\/wp-content\/uploads\/usu1060\/2019\/10\/estadistica-300x215.jpg\" alt=\"\" width=\"257\" height=\"184\" srcset=\"https:\/\/agora.xtec.cat\/aulahospitalariagtp\/wp-content\/uploads\/usu1060\/2019\/10\/estadistica-300x215.jpg 300w, https:\/\/agora.xtec.cat\/aulahospitalariagtp\/wp-content\/uploads\/usu1060\/2019\/10\/estadistica-768x551.jpg 768w, https:\/\/agora.xtec.cat\/aulahospitalariagtp\/wp-content\/uploads\/usu1060\/2019\/10\/estadistica.jpg 937w\" sizes=\"auto, (max-width: 257px) 100vw, 257px\" \/><\/a>Com veieu la primera pregunta \u00e9s l\u2019edat, la segona \u00e9s el seu pa\u00eds d\u2019origen, en tercer lloc preguntem si s\u00f3n personal hospitalari i per finalitzar la gran pregunta&#8230;Que celebren m\u00e9s&#8230;Halloween \u00f3 la Castanyada?! va ser molt divertit, a mi em va tocar ser la primera en preguntar per\u00f2 per sort li vaig preguntar a la meva germana.despr\u00e9s ho va fer la Marta i per ultim la Laila, i aix\u00ed successivament. Va ser un dia molt divertit i una experi\u00e8ncia inoblidable, repetiria aquell dia mil vegades.<\/p>\n<p style=\"text-align: left;\">Edurne D ( 13 anys )<\/p>\n","protected":false},"excerpt":{"rendered":"<p>Hola, avui desde l`escola de l\u2019hospital volem explicar un petit projecte que estem fent. Es tracta de fer unes enquestes sobre les festes, espec\u00edficament Halloween i la Castanyada. El dia seg\u00fcent d\u2019arribar a l`hospital la Roser, que \u00e9s la &#8220;profe&#8221;, ens va proposar fer aquest projecte. A tots ens va semblar b\u00e9 esclar era molt [&hellip;]<\/p>\n","protected":false},"author":1,"featured_media":6689,"comment_status":"open","ping_status":"closed","sticky":false,"template":"","format":"standard","meta":{"_bbp_topic_count":0,"_bbp_reply_count":0,"_bbp_total_topic_count":0,"_bbp_total_reply_count":0,"_bbp_voice_count":0,"_bbp_anonymous_reply_count":0,"_bbp_topic_count_hidden":0,"_bbp_reply_count_hidden":0,"_bbp_forum_subforum_count":0,"site-sidebar-layout":"default","site-content-layout":"","ast-site-content-layout":"default","site-content-style":"default","site-sidebar-style":"default","ast-global-header-display":"","ast-banner-title-visibility":"","ast-main-header-display":"","ast-hfb-above-header-display":"","ast-hfb-below-header-display":"","ast-hfb-mobile-header-display":"","site-post-title":"","ast-breadcrumbs-content":"","ast-featured-img":"","footer-sml-layout":"","theme-transparent-header-meta":"","adv-header-id-meta":"","stick-header-meta":"","header-above-stick-meta":"","header-main-stick-meta":"","header-below-stick-meta":"","astra-migrate-meta-layouts":"set","ast-page-background-enabled":"default","ast-page-background-meta":{"desktop":{"background-color":"var(--ast-global-color-4)","background-image":"","background-repeat":"repeat","background-position":"center center","background-size":"auto","background-attachment":"scroll","background-type":"","background-media":"","overlay-type":"","overlay-color":"","overlay-opacity":"","overlay-gradient":""},"tablet":{"background-color":"","background-image":"","background-repeat":"repeat","background-position":"center center","background-size":"auto","background-attachment":"scroll","background-type":"","background-media":"","overlay-type":"","overlay-color":"","overlay-opacity":"","overlay-gradient":""},"mobile":{"background-color":"","background-image":"","background-repeat":"repeat","background-position":"center center","background-size":"auto","background-attachment":"scroll","background-type":"","background-media":"","overlay-type":"","overlay-color":"","overlay-opacity":"","overlay-gradient":""}},"ast-content-background-meta":{"desktop":{"background-color":"var(--ast-global-color-5)","background-image":"","background-repeat":"repeat","background-position":"center center","background-size":"auto","background-attachment":"scroll","background-type":"","background-media":"","overlay-type":"","overlay-color":"","overlay-opacity":"","overlay-gradient":""},"tablet":{"background-color":"var(--ast-global-color-5)","background-image":"","background-repeat":"repeat","background-position":"center center","background-size":"auto","background-attachment":"scroll","background-type":"","background-media":"","overlay-type":"","overlay-color":"","overlay-opacity":"","overlay-gradient":""},"mobile":{"background-color":"var(--ast-global-color-5)","background-image":"","background-repeat":"repeat","background-position":"center center","background-size":"auto","background-attachment":"scroll","background-type":"","background-media":"","overlay-type":"","overlay-color":"","overlay-opacity":"","overlay-gradient":""}},"footnotes":""},"categories":[141,43,146,47,69],"tags":[],"class_list":["post-6644","post","type-post","status-publish","format-standard","has-post-thumbnail","hentry","category-curs2019-20","category-dies-especials","category-portada","category-tardor","category-treballs-a-laula"],"post_mailing_queue_ids":[],"_links":{"self":[{"href":"https:\/\/agora.xtec.cat\/aulahospitalariagtp\/wp-json\/wp\/v2\/posts\/6644","targetHints":{"allow":["GET"]}}],"collection":[{"href":"https:\/\/agora.xtec.cat\/aulahospitalariagtp\/wp-json\/wp\/v2\/posts"}],"about":[{"href":"https:\/\/agora.xtec.cat\/aulahospitalariagtp\/wp-json\/wp\/v2\/types\/post"}],"author":[{"embeddable":true,"href":"https:\/\/agora.xtec.cat\/aulahospitalariagtp\/wp-json\/wp\/v2\/users\/1"}],"replies":[{"embeddable":true,"href":"https:\/\/agora.xtec.cat\/aulahospitalariagtp\/wp-json\/wp\/v2\/comments?post=6644"}],"version-history":[{"count":4,"href":"https:\/\/agora.xtec.cat\/aulahospitalariagtp\/wp-json\/wp\/v2\/posts\/6644\/revisions"}],"predecessor-version":[{"id":9661,"href":"https:\/\/agora.xtec.cat\/aulahospitalariagtp\/wp-json\/wp\/v2\/posts\/6644\/revisions\/9661"}],"wp:featuredmedia":[{"embeddable":true,"href":"https:\/\/agora.xtec.cat\/aulahospitalariagtp\/wp-json\/wp\/v2\/media\/6689"}],"wp:attachment":[{"href":"https:\/\/agora.xtec.cat\/aulahospitalariagtp\/wp-json\/wp\/v2\/media?parent=6644"}],"wp:term":[{"taxonomy":"category","embeddable":true,"href":"https:\/\/agora.xtec.cat\/aulahospitalariagtp\/wp-json\/wp\/v2\/categories?post=6644"},{"taxonomy":"post_tag","embeddable":true,"href":"https:\/\/agora.xtec.cat\/aulahospitalariagtp\/wp-json\/wp\/v2\/tags?post=6644"}],"curies":[{"name":"wp","href":"https:\/\/api.w.org\/{rel}","templated":true}]}}