{"id":6501,"date":"2019-05-13T11:34:00","date_gmt":"2019-05-13T09:34:00","guid":{"rendered":"http:\/\/agora.xtec.cat\/aulahospitalariagtp\/?p=6501"},"modified":"2019-05-13T11:38:08","modified_gmt":"2019-05-13T09:38:08","slug":"9-de-maig-dia-deuropa","status":"publish","type":"post","link":"https:\/\/agora.xtec.cat\/aulahospitalariagtp\/tematics\/dies-especials\/9-de-maig-dia-deuropa\/","title":{"rendered":"9 de maig: DIA D&#8217;EUROPA"},"content":{"rendered":"<p>Avui \u00e9s 9 de maig, el dia d&#8217;Europa i, per aix\u00f2, he decidit realitzar una graella dels pa\u00efsos membres de la UE <img loading=\"lazy\" decoding=\"async\" class=\"size-medium wp-image-6508 alignleft\" src=\"https:\/\/agora.xtec.cat\/aulahospitalariagtp\/wp-content\/uploads\/usu1060\/2019\/05\/3-300x169.jpg\" alt=\"\" width=\"300\" height=\"169\" srcset=\"https:\/\/agora.xtec.cat\/aulahospitalariagtp\/wp-content\/uploads\/usu1060\/2019\/05\/3-300x169.jpg 300w, https:\/\/agora.xtec.cat\/aulahospitalariagtp\/wp-content\/uploads\/usu1060\/2019\/05\/3.jpg 600w\" sizes=\"auto, (max-width: 300px) 100vw, 300px\" \/>i els que no formen part. Per altra banda, els meus companys han pintat el mapa d&#8217;aquest continent. Esperem que gaudiu d&#8217;aquest dia.\u00a0 Jes\u00fas (16 a)<\/p>\n<p><a href=\"https:\/\/agora.xtec.cat\/aulahospitalariagtp\/wp-content\/uploads\/usu1060\/2019\/05\/4.jpg\"><img loading=\"lazy\" decoding=\"async\" class=\"size-medium wp-image-6507\" src=\"https:\/\/agora.xtec.cat\/aulahospitalariagtp\/wp-content\/uploads\/usu1060\/2019\/05\/4-300x169.jpg\" alt=\"\" width=\"300\" height=\"169\" srcset=\"https:\/\/agora.xtec.cat\/aulahospitalariagtp\/wp-content\/uploads\/usu1060\/2019\/05\/4-300x169.jpg 300w, https:\/\/agora.xtec.cat\/aulahospitalariagtp\/wp-content\/uploads\/usu1060\/2019\/05\/4.jpg 600w\" sizes=\"auto, (max-width: 300px) 100vw, 300px\" \/><\/a><\/p>\n","protected":false},"excerpt":{"rendered":"<p>Avui \u00e9s 9 de maig, el dia d&#8217;Europa i, per aix\u00f2, he decidit realitzar una graella dels pa\u00efsos membres de la UE i els que no formen part. Per altra banda, els meus companys han pintat el mapa d&#8217;aquest continent. Esperem que gaudiu d&#8217;aquest dia.\u00a0 Jes\u00fas (16 a)<\/p>\n","protected":false},"author":1,"featured_media":0,"comment_status":"open","ping_status":"closed","sticky":false,"template":"","format":"standard","meta":{"_bbp_topic_count":0,"_bbp_reply_count":0,"_bbp_total_topic_count":0,"_bbp_total_reply_count":0,"_bbp_voice_count":0,"_bbp_anonymous_reply_count":0,"_bbp_topic_count_hidden":0,"_bbp_reply_count_hidden":0,"_bbp_forum_subforum_count":0,"site-sidebar-layout":"default","site-content-layout":"","ast-site-content-layout":"","site-content-style":"default","site-sidebar-style":"default","ast-global-header-display":"","ast-banner-title-visibility":"","ast-main-header-display":"","ast-hfb-above-header-display":"","ast-hfb-below-header-display":"","ast-hfb-mobile-header-display":"","site-post-title":"","ast-breadcrumbs-content":"","ast-featured-img":"","footer-sml-layout":"","theme-transparent-header-meta":"","adv-header-id-meta":"","stick-header-meta":"","header-above-stick-meta":"","header-main-stick-meta":"","header-below-stick-meta":"","astra-migrate-meta-layouts":"default","ast-page-background-enabled":"default","ast-page-background-meta":{"desktop":{"background-color":"var(--ast-global-color-4)","background-image":"","background-repeat":"repeat","background-position":"center center","background-size":"auto","background-attachment":"scroll","background-type":"","background-media":"","overlay-type":"","overlay-color":"","overlay-opacity":"","overlay-gradient":""},"tablet":{"background-color":"","background-image":"","background-repeat":"repeat","background-position":"center center","background-size":"auto","background-attachment":"scroll","background-type":"","background-media":"","overlay-type":"","overlay-color":"","overlay-opacity":"","overlay-gradient":""},"mobile":{"background-color":"","background-image":"","background-repeat":"repeat","background-position":"center center","background-size":"auto","background-attachment":"scroll","background-type":"","background-media":"","overlay-type":"","overlay-color":"","overlay-opacity":"","overlay-gradient":""}},"ast-content-background-meta":{"desktop":{"background-color":"var(--ast-global-color-5)","background-image":"","background-repeat":"repeat","background-position":"center center","background-size":"auto","background-attachment":"scroll","background-type":"","background-media":"","overlay-type":"","overlay-color":"","overlay-opacity":"","overlay-gradient":""},"tablet":{"background-color":"var(--ast-global-color-5)","background-image":"","background-repeat":"repeat","background-position":"center center","background-size":"auto","background-attachment":"scroll","background-type":"","background-media":"","overlay-type":"","overlay-color":"","overlay-opacity":"","overlay-gradient":""},"mobile":{"background-color":"var(--ast-global-color-5)","background-image":"","background-repeat":"repeat","background-position":"center center","background-size":"auto","background-attachment":"scroll","background-type":"","background-media":"","overlay-type":"","overlay-color":"","overlay-opacity":"","overlay-gradient":""}},"footnotes":""},"categories":[135,43,137,69],"tags":[],"class_list":["post-6501","post","type-post","status-publish","format-standard","hentry","category-curs-2018-19","category-dies-especials","category-el-mar","category-treballs-a-laula"],"post_mailing_queue_ids":[],"_links":{"self":[{"href":"https:\/\/agora.xtec.cat\/aulahospitalariagtp\/wp-json\/wp\/v2\/posts\/6501","targetHints":{"allow":["GET"]}}],"collection":[{"href":"https:\/\/agora.xtec.cat\/aulahospitalariagtp\/wp-json\/wp\/v2\/posts"}],"about":[{"href":"https:\/\/agora.xtec.cat\/aulahospitalariagtp\/wp-json\/wp\/v2\/types\/post"}],"author":[{"embeddable":true,"href":"https:\/\/agora.xtec.cat\/aulahospitalariagtp\/wp-json\/wp\/v2\/users\/1"}],"replies":[{"embeddable":true,"href":"https:\/\/agora.xtec.cat\/aulahospitalariagtp\/wp-json\/wp\/v2\/comments?post=6501"}],"version-history":[{"count":3,"href":"https:\/\/agora.xtec.cat\/aulahospitalariagtp\/wp-json\/wp\/v2\/posts\/6501\/revisions"}],"predecessor-version":[{"id":6518,"href":"https:\/\/agora.xtec.cat\/aulahospitalariagtp\/wp-json\/wp\/v2\/posts\/6501\/revisions\/6518"}],"wp:attachment":[{"href":"https:\/\/agora.xtec.cat\/aulahospitalariagtp\/wp-json\/wp\/v2\/media?parent=6501"}],"wp:term":[{"taxonomy":"category","embeddable":true,"href":"https:\/\/agora.xtec.cat\/aulahospitalariagtp\/wp-json\/wp\/v2\/categories?post=6501"},{"taxonomy":"post_tag","embeddable":true,"href":"https:\/\/agora.xtec.cat\/aulahospitalariagtp\/wp-json\/wp\/v2\/tags?post=6501"}],"curies":[{"name":"wp","href":"https:\/\/api.w.org\/{rel}","templated":true}]}}