{"id":6484,"date":"2019-05-08T13:54:30","date_gmt":"2019-05-08T11:54:30","guid":{"rendered":"http:\/\/agora.xtec.cat\/aulahospitalariagtp\/?p=6484"},"modified":"2025-05-27T10:45:58","modified_gmt":"2025-05-27T08:45:58","slug":"el-dimoni-dr-ruti-rock","status":"publish","type":"post","link":"https:\/\/agora.xtec.cat\/aulahospitalariagtp\/tematics\/dies-especials\/el-dimoni-dr-ruti-rock\/","title":{"rendered":"EL DIMONI DR. RUTI ROCK"},"content":{"rendered":"<p><a href=\"https:\/\/agora.xtec.cat\/aulahospitalariagtp\/wp-content\/uploads\/usu1060\/2019\/05\/IMG_20190502_125724.jpg\"><img loading=\"lazy\" decoding=\"async\" class=\"size-medium wp-image-6489 alignright\" src=\"https:\/\/agora.xtec.cat\/aulahospitalariagtp\/wp-content\/uploads\/usu1060\/2019\/05\/IMG_20190502_125724-300x169.jpg\" alt=\"\" width=\"300\" height=\"169\" srcset=\"https:\/\/agora.xtec.cat\/aulahospitalariagtp\/wp-content\/uploads\/usu1060\/2019\/05\/IMG_20190502_125724-300x169.jpg 300w, https:\/\/agora.xtec.cat\/aulahospitalariagtp\/wp-content\/uploads\/usu1060\/2019\/05\/IMG_20190502_125724-768x434.jpg 768w, https:\/\/agora.xtec.cat\/aulahospitalariagtp\/wp-content\/uploads\/usu1060\/2019\/05\/IMG_20190502_125724-1024x578.jpg 1024w\" sizes=\"auto, (max-width: 300px) 100vw, 300px\" \/><\/a>Aquest curs des de l&#8217;escola de l&#8217;hospital\u00a0 hem volgut participar per primer cop en la diada que es celebra a Badalona de la Cremada del dimoni. Com ja us explicaran la Zoe i el Roger el nostre dimoni\u00e9s un metge&#8230; El DR. RUTI ROCK.. Vull agrair com sempre al personal de l&#8217;hospital i al voluntariat de la Creu Roja la seva col.aboraci\u00f3, concretament a la Carmina i a la N\u00faria (infermeres) que li han posat la via al nostre dimoni i a l&#8217;Olimpia (volunt\u00e0ria) que ens ha dissenyat aquest superdimoi.<\/p>\n<p>La Zoe i el Roger us ho expliquen<\/p>\n<p><a href=\"https:\/\/agora.xtec.cat\/aulahospitalariagtp\/wp-content\/uploads\/usu1060\/2019\/05\/IMG_20190502_140421.jpg\"><img loading=\"lazy\" decoding=\"async\" class=\"wp-image-6490 alignleft\" src=\"https:\/\/agora.xtec.cat\/aulahospitalariagtp\/wp-content\/uploads\/usu1060\/2019\/05\/IMG_20190502_140421-300x285.jpg\" alt=\"\" width=\"383\" height=\"364\" srcset=\"https:\/\/agora.xtec.cat\/aulahospitalariagtp\/wp-content\/uploads\/usu1060\/2019\/05\/IMG_20190502_140421-300x285.jpg 300w, https:\/\/agora.xtec.cat\/aulahospitalariagtp\/wp-content\/uploads\/usu1060\/2019\/05\/IMG_20190502_140421-768x729.jpg 768w, https:\/\/agora.xtec.cat\/aulahospitalariagtp\/wp-content\/uploads\/usu1060\/2019\/05\/IMG_20190502_140421-1024x972.jpg 1024w, https:\/\/agora.xtec.cat\/aulahospitalariagtp\/wp-content\/uploads\/usu1060\/2019\/05\/IMG_20190502_140421.jpg 1180w\" sizes=\"auto, (max-width: 383px) 100vw, 383px\" \/><\/a><\/p>\n<p>El dimoni l&#8217;hem fet\u00a0 a partir de les idees que sortien dels\u00a0 dibuixos dels nens i nenes hospitalitzats a l\u2019hospital Germans Trias i Pujol, conegut com a &#8220;Can Ruti&#8221;. Al final han quedat que es seria un dimoni doctor amb un pal de s\u00e8rum com a \u2018\u2019guitarra\u2019\u2019 amb una via a la m\u00e0.<\/p>\n<p>El nostre dimoni t\u00e9 la pell de color vermell. T\u00e9 les dents en forma de triangle i el nas com un moniato, els ulls de color negre i les orelles punxegudes. Al cap t\u00e9 una gorro quir\u00fargic de colors: groc, taronja, lila, blau cel, rosa i blau fort itamb\u00e9\u00a0 t\u00e9 una tirita enganxada. Porta una bata de metge de color blanc, una samarreta de color verd, un cintur\u00f3 de color plata i negre i uns pantalons de color blau mar\u00ed amb una cadena de color groc or. Els pantalons els t\u00e9 moguts com s\u2019estigu\u00e9s movent per\u00f2 no porta<\/p>\n<p>sabates.\u00a0 El pal de s\u00e8rum es de color plata, la pota la t\u00e9 de color blau mar\u00ed i les rodes de color negre. La Roser &#8220;la profe&#8221; ens ha explicat que en aquest\u00a0 dimoni li ha posat el nom de DR. Ruti Rock. Com que estem en un hospital el dimoni \u00e9s un metge, peraix\u00f2 es diu Dr (doctor), Ruti de Can Ruti i Rock perqu\u00e8 amb el pal de s\u00e8rum feia i fa com un \u2018\u2019Rocker\u2019\u2019.<a href=\"https:\/\/agora.xtec.cat\/aulahospitalariagtp\/wp-content\/uploads\/usu1060\/2019\/05\/IMG_20190502_143816.jpg\"><img loading=\"lazy\" decoding=\"async\" class=\"size-medium wp-image-6491 alignright\" src=\"https:\/\/agora.xtec.cat\/aulahospitalariagtp\/wp-content\/uploads\/usu1060\/2019\/05\/IMG_20190502_143816-300x169.jpg\" alt=\"\" width=\"300\" height=\"169\" srcset=\"https:\/\/agora.xtec.cat\/aulahospitalariagtp\/wp-content\/uploads\/usu1060\/2019\/05\/IMG_20190502_143816-300x169.jpg 300w, https:\/\/agora.xtec.cat\/aulahospitalariagtp\/wp-content\/uploads\/usu1060\/2019\/05\/IMG_20190502_143816-768x434.jpg 768w, https:\/\/agora.xtec.cat\/aulahospitalariagtp\/wp-content\/uploads\/usu1060\/2019\/05\/IMG_20190502_143816-1024x578.jpg 1024w, https:\/\/agora.xtec.cat\/aulahospitalariagtp\/wp-content\/uploads\/usu1060\/2019\/05\/IMG_20190502_143816.jpg 1813w\" sizes=\"auto, (max-width: 300px) 100vw, 300px\" \/><\/a><\/p>\n<p>El divendres 10 a la nit es cremar\u00e0 a la platja de Badalona juntament amb els altres dimonis fets pels nen i nenes de les escoles de Badalona.<\/p>\n<p>La Zoe i jo\u00a0 no coneix\u00edem aquesta tradici\u00f3 perqu\u00e8 jo visc a Cabrils i la Zoe a Santa Coloma.<\/p>\n<p>A la Zoe i a mi ens ha agradat molt fer aix\u00f2, us animem a anar-hi!!!!!!!!!!!!!!!!<\/p>\n<p>Roger G\u00f3mez-Centuri\u00f3n (10 anys) i Zoe Cano (8 anys)<\/p>\n<p>Aqui unes quantes imatges del proc\u00e8s de creaci\u00f3.<br \/>\n<iframe loading=\"lazy\" src=\"https:\/\/photopeach.com\/embed\/sglrku\" width=\"445\" height=\"296\" frameborder=\"0\" allowfullscreen=\"allowfullscreen\"><\/iframe><\/p>\n","protected":false},"excerpt":{"rendered":"<p>Aquest curs des de l&#8217;escola de l&#8217;hospital\u00a0 hem volgut participar per primer cop en la diada que es celebra a Badalona de la Cremada del dimoni. Com ja us explicaran la Zoe i el Roger el nostre dimoni\u00e9s un metge&#8230; El DR. RUTI ROCK.. Vull agrair com sempre al personal de l&#8217;hospital i al voluntariat [&hellip;]<\/p>\n","protected":false},"author":1,"featured_media":6491,"comment_status":"open","ping_status":"closed","sticky":false,"template":"","format":"standard","meta":{"_bbp_topic_count":0,"_bbp_reply_count":0,"_bbp_total_topic_count":0,"_bbp_total_reply_count":0,"_bbp_voice_count":0,"_bbp_anonymous_reply_count":0,"_bbp_topic_count_hidden":0,"_bbp_reply_count_hidden":0,"_bbp_forum_subforum_count":0,"site-sidebar-layout":"default","site-content-layout":"","ast-site-content-layout":"default","site-content-style":"default","site-sidebar-style":"default","ast-global-header-display":"","ast-banner-title-visibility":"","ast-main-header-display":"","ast-hfb-above-header-display":"","ast-hfb-below-header-display":"","ast-hfb-mobile-header-display":"","site-post-title":"","ast-breadcrumbs-content":"","ast-featured-img":"","footer-sml-layout":"","theme-transparent-header-meta":"","adv-header-id-meta":"","stick-header-meta":"","header-above-stick-meta":"","header-main-stick-meta":"","header-below-stick-meta":"","astra-migrate-meta-layouts":"set","ast-page-background-enabled":"default","ast-page-background-meta":{"desktop":{"background-color":"var(--ast-global-color-4)","background-image":"","background-repeat":"repeat","background-position":"center center","background-size":"auto","background-attachment":"scroll","background-type":"","background-media":"","overlay-type":"","overlay-color":"","overlay-opacity":"","overlay-gradient":""},"tablet":{"background-color":"","background-image":"","background-repeat":"repeat","background-position":"center center","background-size":"auto","background-attachment":"scroll","background-type":"","background-media":"","overlay-type":"","overlay-color":"","overlay-opacity":"","overlay-gradient":""},"mobile":{"background-color":"","background-image":"","background-repeat":"repeat","background-position":"center center","background-size":"auto","background-attachment":"scroll","background-type":"","background-media":"","overlay-type":"","overlay-color":"","overlay-opacity":"","overlay-gradient":""}},"ast-content-background-meta":{"desktop":{"background-color":"var(--ast-global-color-5)","background-image":"","background-repeat":"repeat","background-position":"center center","background-size":"auto","background-attachment":"scroll","background-type":"","background-media":"","overlay-type":"","overlay-color":"","overlay-opacity":"","overlay-gradient":""},"tablet":{"background-color":"var(--ast-global-color-5)","background-image":"","background-repeat":"repeat","background-position":"center center","background-size":"auto","background-attachment":"scroll","background-type":"","background-media":"","overlay-type":"","overlay-color":"","overlay-opacity":"","overlay-gradient":""},"mobile":{"background-color":"var(--ast-global-color-5)","background-image":"","background-repeat":"repeat","background-position":"center center","background-size":"auto","background-attachment":"scroll","background-type":"","background-media":"","overlay-type":"","overlay-color":"","overlay-opacity":"","overlay-gradient":""}},"footnotes":""},"categories":[92,135,43,69],"tags":[],"class_list":["post-6484","post","type-post","status-publish","format-standard","has-post-thumbnail","hentry","category-activitats-obertes","category-curs-2018-19","category-dies-especials","category-treballs-a-laula"],"post_mailing_queue_ids":[],"_links":{"self":[{"href":"https:\/\/agora.xtec.cat\/aulahospitalariagtp\/wp-json\/wp\/v2\/posts\/6484","targetHints":{"allow":["GET"]}}],"collection":[{"href":"https:\/\/agora.xtec.cat\/aulahospitalariagtp\/wp-json\/wp\/v2\/posts"}],"about":[{"href":"https:\/\/agora.xtec.cat\/aulahospitalariagtp\/wp-json\/wp\/v2\/types\/post"}],"author":[{"embeddable":true,"href":"https:\/\/agora.xtec.cat\/aulahospitalariagtp\/wp-json\/wp\/v2\/users\/1"}],"replies":[{"embeddable":true,"href":"https:\/\/agora.xtec.cat\/aulahospitalariagtp\/wp-json\/wp\/v2\/comments?post=6484"}],"version-history":[{"count":4,"href":"https:\/\/agora.xtec.cat\/aulahospitalariagtp\/wp-json\/wp\/v2\/posts\/6484\/revisions"}],"predecessor-version":[{"id":9760,"href":"https:\/\/agora.xtec.cat\/aulahospitalariagtp\/wp-json\/wp\/v2\/posts\/6484\/revisions\/9760"}],"wp:featuredmedia":[{"embeddable":true,"href":"https:\/\/agora.xtec.cat\/aulahospitalariagtp\/wp-json\/wp\/v2\/media\/6491"}],"wp:attachment":[{"href":"https:\/\/agora.xtec.cat\/aulahospitalariagtp\/wp-json\/wp\/v2\/media?parent=6484"}],"wp:term":[{"taxonomy":"category","embeddable":true,"href":"https:\/\/agora.xtec.cat\/aulahospitalariagtp\/wp-json\/wp\/v2\/categories?post=6484"},{"taxonomy":"post_tag","embeddable":true,"href":"https:\/\/agora.xtec.cat\/aulahospitalariagtp\/wp-json\/wp\/v2\/tags?post=6484"}],"curies":[{"name":"wp","href":"https:\/\/api.w.org\/{rel}","templated":true}]}}