{"id":6174,"date":"2018-10-08T10:00:23","date_gmt":"2018-10-08T08:00:23","guid":{"rendered":"http:\/\/agora.xtec.cat\/aulahospitalariagtp\/?p=6174"},"modified":"2018-10-10T14:34:18","modified_gmt":"2018-10-10T12:34:18","slug":"jornada-del-dolor","status":"publish","type":"post","link":"https:\/\/agora.xtec.cat\/aulahospitalariagtp\/tematics\/dies-especials\/jornada-del-dolor\/","title":{"rendered":"JORNADA DEL DOLOR"},"content":{"rendered":"<p><a href=\"https:\/\/agora.xtec.cat\/aulahospitalariagtp\/wp-content\/uploads\/usu1060\/2018\/10\/caratula-jornada-dolor.jpg\"><img loading=\"lazy\" decoding=\"async\" class=\"alignleft wp-image-6183 \" src=\"https:\/\/agora.xtec.cat\/aulahospitalariagtp\/wp-content\/uploads\/usu1060\/2018\/10\/caratula-jornada-dolor-280x300.jpg\" alt=\"\" width=\"231\" height=\"248\" srcset=\"https:\/\/agora.xtec.cat\/aulahospitalariagtp\/wp-content\/uploads\/usu1060\/2018\/10\/caratula-jornada-dolor-280x300.jpg 280w, https:\/\/agora.xtec.cat\/aulahospitalariagtp\/wp-content\/uploads\/usu1060\/2018\/10\/caratula-jornada-dolor.jpg 702w\" sizes=\"auto, (max-width: 231px) 100vw, 231px\" \/><\/a>Avui 2 d&#8217;octubre, a l\u2019escola del hospital hem estat parlant de diferents aspectes relacionats amb el dolor, ja que el 17 d\u2019octubre hi ha una jornada per a professionals i pacients sobre el dolor al mateix hospital en motiu de l&#8217;ANY INTERNACIONAL DE L&#8217;EXCEL.L\u00c8NCIA EN L&#8217;EDUCACI\u00d3 DEL DOLOR.<a href=\"http:\/\/agora.xtec.cat\/aulahospitalariagtp\/wp-content\/uploads\/usu1060\/2018\/10\/Programa-dia-internacional-del-dolor..pdf\">Programa dia internacional del dolor.<\/a><\/p>\n<p>Nosaltres hem donat l\u2019opini\u00f3 a la professora sobre las diferents sensacions que tenim al sentir dolor, maneres de tractar-lo i de com ens ho fem cadascun per minimitzar-lo. Els nens i nenes ingressats hem fet una gravaci\u00f3 sobre la nostra experi\u00e8ncia amb el dolor, que la Roser &#8220;la profe&#8221; presentar\u00e0 a la jornada.<\/p>\n<p>Estigueu atents als diferents articles que aniran sortint al nostre blog sobre aquest tema.<\/p>\n<p>\u00c0lex Rubio (15a) i Mireia Simon (15a)<\/p>\n","protected":false},"excerpt":{"rendered":"<p>Avui 2 d&#8217;octubre, a l\u2019escola del hospital hem estat parlant de diferents aspectes relacionats amb el dolor, ja que el 17 d\u2019octubre hi ha una jornada per a professionals i pacients sobre el dolor al mateix hospital en motiu de l&#8217;ANY INTERNACIONAL DE L&#8217;EXCEL.L\u00c8NCIA EN L&#8217;EDUCACI\u00d3 DEL DOLOR.Programa dia internacional del dolor. Nosaltres hem donat [&hellip;]<\/p>\n","protected":false},"author":1,"featured_media":0,"comment_status":"open","ping_status":"closed","sticky":false,"template":"","format":"standard","meta":{"_bbp_topic_count":0,"_bbp_reply_count":0,"_bbp_total_topic_count":0,"_bbp_total_reply_count":0,"_bbp_voice_count":0,"_bbp_anonymous_reply_count":0,"_bbp_topic_count_hidden":0,"_bbp_reply_count_hidden":0,"_bbp_forum_subforum_count":0,"site-sidebar-layout":"default","site-content-layout":"","ast-site-content-layout":"","site-content-style":"default","site-sidebar-style":"default","ast-global-header-display":"","ast-banner-title-visibility":"","ast-main-header-display":"","ast-hfb-above-header-display":"","ast-hfb-below-header-display":"","ast-hfb-mobile-header-display":"","site-post-title":"","ast-breadcrumbs-content":"","ast-featured-img":"","footer-sml-layout":"","theme-transparent-header-meta":"","adv-header-id-meta":"","stick-header-meta":"","header-above-stick-meta":"","header-main-stick-meta":"","header-below-stick-meta":"","astra-migrate-meta-layouts":"default","ast-page-background-enabled":"default","ast-page-background-meta":{"desktop":{"background-color":"var(--ast-global-color-4)","background-image":"","background-repeat":"repeat","background-position":"center center","background-size":"auto","background-attachment":"scroll","background-type":"","background-media":"","overlay-type":"","overlay-color":"","overlay-opacity":"","overlay-gradient":""},"tablet":{"background-color":"","background-image":"","background-repeat":"repeat","background-position":"center center","background-size":"auto","background-attachment":"scroll","background-type":"","background-media":"","overlay-type":"","overlay-color":"","overlay-opacity":"","overlay-gradient":""},"mobile":{"background-color":"","background-image":"","background-repeat":"repeat","background-position":"center center","background-size":"auto","background-attachment":"scroll","background-type":"","background-media":"","overlay-type":"","overlay-color":"","overlay-opacity":"","overlay-gradient":""}},"ast-content-background-meta":{"desktop":{"background-color":"var(--ast-global-color-5)","background-image":"","background-repeat":"repeat","background-position":"center center","background-size":"auto","background-attachment":"scroll","background-type":"","background-media":"","overlay-type":"","overlay-color":"","overlay-opacity":"","overlay-gradient":""},"tablet":{"background-color":"var(--ast-global-color-5)","background-image":"","background-repeat":"repeat","background-position":"center center","background-size":"auto","background-attachment":"scroll","background-type":"","background-media":"","overlay-type":"","overlay-color":"","overlay-opacity":"","overlay-gradient":""},"mobile":{"background-color":"var(--ast-global-color-5)","background-image":"","background-repeat":"repeat","background-position":"center center","background-size":"auto","background-attachment":"scroll","background-type":"","background-media":"","overlay-type":"","overlay-color":"","overlay-opacity":"","overlay-gradient":""}},"footnotes":""},"categories":[135,43,69],"tags":[136],"class_list":["post-6174","post","type-post","status-publish","format-standard","hentry","category-curs-2018-19","category-dies-especials","category-treballs-a-laula","tag-curs-18-19"],"post_mailing_queue_ids":[],"_links":{"self":[{"href":"https:\/\/agora.xtec.cat\/aulahospitalariagtp\/wp-json\/wp\/v2\/posts\/6174","targetHints":{"allow":["GET"]}}],"collection":[{"href":"https:\/\/agora.xtec.cat\/aulahospitalariagtp\/wp-json\/wp\/v2\/posts"}],"about":[{"href":"https:\/\/agora.xtec.cat\/aulahospitalariagtp\/wp-json\/wp\/v2\/types\/post"}],"author":[{"embeddable":true,"href":"https:\/\/agora.xtec.cat\/aulahospitalariagtp\/wp-json\/wp\/v2\/users\/1"}],"replies":[{"embeddable":true,"href":"https:\/\/agora.xtec.cat\/aulahospitalariagtp\/wp-json\/wp\/v2\/comments?post=6174"}],"version-history":[{"count":4,"href":"https:\/\/agora.xtec.cat\/aulahospitalariagtp\/wp-json\/wp\/v2\/posts\/6174\/revisions"}],"predecessor-version":[{"id":6180,"href":"https:\/\/agora.xtec.cat\/aulahospitalariagtp\/wp-json\/wp\/v2\/posts\/6174\/revisions\/6180"}],"wp:attachment":[{"href":"https:\/\/agora.xtec.cat\/aulahospitalariagtp\/wp-json\/wp\/v2\/media?parent=6174"}],"wp:term":[{"taxonomy":"category","embeddable":true,"href":"https:\/\/agora.xtec.cat\/aulahospitalariagtp\/wp-json\/wp\/v2\/categories?post=6174"},{"taxonomy":"post_tag","embeddable":true,"href":"https:\/\/agora.xtec.cat\/aulahospitalariagtp\/wp-json\/wp\/v2\/tags?post=6174"}],"curies":[{"name":"wp","href":"https:\/\/api.w.org\/{rel}","templated":true}]}}