{"id":6009,"date":"2018-05-31T12:01:26","date_gmt":"2018-05-31T10:01:26","guid":{"rendered":"http:\/\/agora.xtec.cat\/aulahospitalariagtp\/?p=6009"},"modified":"2025-05-27T15:30:06","modified_gmt":"2025-05-27T13:30:06","slug":"ens-posem-les-ulleres-de-bussejar","status":"publish","type":"post","link":"https:\/\/agora.xtec.cat\/aulahospitalariagtp\/tiretades\/ens-posem-les-ulleres-de-bussejar\/","title":{"rendered":"Ens posem les ulleres de bussejar"},"content":{"rendered":"<p>Avui a l\u2019escola de l\u2019hospital hem continuat fent el taller de \u201cTiretades\u201d. Amb les idees de l\u2019altre dia, hem aconseguit fer un mural gegant sobre el fons del mar entre tots. Ens hem imaginat que ens pos\u00e0vem unes ulleres de busseig i v\u00e8iem el fons del mar. Hem utilitzat material reciclat, pedres, petxines i sorra per crear les diferents textures i figures del quadre. A continuaci\u00f3 hem assecat el quadre i despr\u00e9s hem comen\u00e7at a pintar el quadre amb anilines, un tipus de pintura semblant a la tinta xinesa.<\/p>\n<p>Mentre f\u00e8iem el mural, un grup de c\u00e0meres ens han fet fotos i v\u00eddeos. Quan hem acabat el mural, ens han fet una entrevista sobre nosaltres, l\u2019aula i el projecte.<\/p>\n<p>Aquesta activitat ens ha servit per con\u00e8ixer-nos una mica m\u00e9s a nosaltres mateixes, perqu\u00e8 hem descobert que se\u2019ns dona b\u00e9 les activitats de manualitats, com pintar, fer figures&#8230; Ha sigut la primera vegada que ens han fet una entrevista, per\u00f2 ha estat divertit.<\/p>\n<p>Aquest mural estar\u00e0 exposat a l\u2019entrada principal de l\u2019hospital Germans Trias i Pujol de Badalona. Nosaltres mateixes hem escollit la m\u00fasica del muntatge.<\/p>\n<p>Laura Mart\u00ednez 15 anys, Ainhoa Novez 16 anys<\/p>\n<p><iframe loading=\"lazy\" src=\"https:\/\/photopeach.com\/embed\/6687ss\" width=\"445\" height=\"296\" frameborder=\"0\" allowfullscreen=\"allowfullscreen\"><\/iframe><\/p>\n","protected":false},"excerpt":{"rendered":"<p>Avui a l\u2019escola de l\u2019hospital hem continuat fent el taller de \u201cTiretades\u201d. Amb les idees de l\u2019altre dia, hem aconseguit fer un mural gegant sobre el fons del mar entre tots. Ens hem imaginat que ens pos\u00e0vem unes ulleres de busseig i v\u00e8iem el fons del mar. Hem utilitzat material reciclat, pedres, petxines i sorra [&hellip;]<\/p>\n","protected":false},"author":1,"featured_media":6027,"comment_status":"open","ping_status":"closed","sticky":false,"template":"","format":"standard","meta":{"_bbp_topic_count":0,"_bbp_reply_count":0,"_bbp_total_topic_count":0,"_bbp_total_reply_count":0,"_bbp_voice_count":0,"_bbp_anonymous_reply_count":0,"_bbp_topic_count_hidden":0,"_bbp_reply_count_hidden":0,"_bbp_forum_subforum_count":0,"site-sidebar-layout":"default","site-content-layout":"","ast-site-content-layout":"default","site-content-style":"default","site-sidebar-style":"default","ast-global-header-display":"","ast-banner-title-visibility":"","ast-main-header-display":"","ast-hfb-above-header-display":"","ast-hfb-below-header-display":"","ast-hfb-mobile-header-display":"","site-post-title":"","ast-breadcrumbs-content":"","ast-featured-img":"","footer-sml-layout":"","theme-transparent-header-meta":"","adv-header-id-meta":"","stick-header-meta":"","header-above-stick-meta":"","header-main-stick-meta":"","header-below-stick-meta":"","astra-migrate-meta-layouts":"set","ast-page-background-enabled":"default","ast-page-background-meta":{"desktop":{"background-color":"var(--ast-global-color-4)","background-image":"","background-repeat":"repeat","background-position":"center center","background-size":"auto","background-attachment":"scroll","background-type":"","background-media":"","overlay-type":"","overlay-color":"","overlay-opacity":"","overlay-gradient":""},"tablet":{"background-color":"","background-image":"","background-repeat":"repeat","background-position":"center center","background-size":"auto","background-attachment":"scroll","background-type":"","background-media":"","overlay-type":"","overlay-color":"","overlay-opacity":"","overlay-gradient":""},"mobile":{"background-color":"","background-image":"","background-repeat":"repeat","background-position":"center center","background-size":"auto","background-attachment":"scroll","background-type":"","background-media":"","overlay-type":"","overlay-color":"","overlay-opacity":"","overlay-gradient":""}},"ast-content-background-meta":{"desktop":{"background-color":"var(--ast-global-color-5)","background-image":"","background-repeat":"repeat","background-position":"center center","background-size":"auto","background-attachment":"scroll","background-type":"","background-media":"","overlay-type":"","overlay-color":"","overlay-opacity":"","overlay-gradient":""},"tablet":{"background-color":"var(--ast-global-color-5)","background-image":"","background-repeat":"repeat","background-position":"center center","background-size":"auto","background-attachment":"scroll","background-type":"","background-media":"","overlay-type":"","overlay-color":"","overlay-opacity":"","overlay-gradient":""},"mobile":{"background-color":"var(--ast-global-color-5)","background-image":"","background-repeat":"repeat","background-position":"center center","background-size":"auto","background-attachment":"scroll","background-type":"","background-media":"","overlay-type":"","overlay-color":"","overlay-opacity":"","overlay-gradient":""}},"footnotes":""},"categories":[92,125,71,35],"tags":[],"class_list":["post-6009","post","type-post","status-publish","format-standard","has-post-thumbnail","hentry","category-activitats-obertes","category-curs-2017-18","category-tallers","category-tiretades"],"post_mailing_queue_ids":[],"_links":{"self":[{"href":"https:\/\/agora.xtec.cat\/aulahospitalariagtp\/wp-json\/wp\/v2\/posts\/6009","targetHints":{"allow":["GET"]}}],"collection":[{"href":"https:\/\/agora.xtec.cat\/aulahospitalariagtp\/wp-json\/wp\/v2\/posts"}],"about":[{"href":"https:\/\/agora.xtec.cat\/aulahospitalariagtp\/wp-json\/wp\/v2\/types\/post"}],"author":[{"embeddable":true,"href":"https:\/\/agora.xtec.cat\/aulahospitalariagtp\/wp-json\/wp\/v2\/users\/1"}],"replies":[{"embeddable":true,"href":"https:\/\/agora.xtec.cat\/aulahospitalariagtp\/wp-json\/wp\/v2\/comments?post=6009"}],"version-history":[{"count":4,"href":"https:\/\/agora.xtec.cat\/aulahospitalariagtp\/wp-json\/wp\/v2\/posts\/6009\/revisions"}],"predecessor-version":[{"id":9773,"href":"https:\/\/agora.xtec.cat\/aulahospitalariagtp\/wp-json\/wp\/v2\/posts\/6009\/revisions\/9773"}],"wp:featuredmedia":[{"embeddable":true,"href":"https:\/\/agora.xtec.cat\/aulahospitalariagtp\/wp-json\/wp\/v2\/media\/6027"}],"wp:attachment":[{"href":"https:\/\/agora.xtec.cat\/aulahospitalariagtp\/wp-json\/wp\/v2\/media?parent=6009"}],"wp:term":[{"taxonomy":"category","embeddable":true,"href":"https:\/\/agora.xtec.cat\/aulahospitalariagtp\/wp-json\/wp\/v2\/categories?post=6009"},{"taxonomy":"post_tag","embeddable":true,"href":"https:\/\/agora.xtec.cat\/aulahospitalariagtp\/wp-json\/wp\/v2\/tags?post=6009"}],"curies":[{"name":"wp","href":"https:\/\/api.w.org\/{rel}","templated":true}]}}