{"id":5813,"date":"2018-02-07T13:29:58","date_gmt":"2018-02-07T12:29:58","guid":{"rendered":"http:\/\/agora.xtec.cat\/aulahospitalariagtp\/?p=5813"},"modified":"2018-02-11T13:01:58","modified_gmt":"2018-02-11T12:01:58","slug":"carnaval","status":"publish","type":"post","link":"https:\/\/agora.xtec.cat\/aulahospitalariagtp\/treballs-a-laula\/carnaval\/","title":{"rendered":"Arriba el CARNAVAL!!!!"},"content":{"rendered":"<p>S&#8217;apropa el Carnaval i ens anem preparant per aquesta festa. Carnestoltes, caretes, disfresses&#8230; Unes quantes imatges i algunes opinions.<\/p>\n<p><iframe loading=\"lazy\" src=\"https:\/\/photopeach.com\/embed\/btqcir\" width=\"445\" height=\"296\" frameborder=\"0\" allowfullscreen=\"allowfullscreen\"><\/iframe><a href=\"http:\/\/agora.xtec.cat\/aulahospitalariagtp\/wp-content\/uploads\/usu1060\/2018\/02\/20180208_134635-1.jpg\"><img loading=\"lazy\" decoding=\"async\" class=\"alignnone size-medium wp-image-5842\" src=\"http:\/\/agora.xtec.cat\/aulahospitalariagtp\/wp-content\/uploads\/usu1060\/2018\/02\/20180208_134635-1-300x225.jpg\" alt=\"\" width=\"300\" height=\"225\" srcset=\"https:\/\/agora.xtec.cat\/aulahospitalariagtp\/wp-content\/uploads\/usu1060\/2018\/02\/20180208_134635-1-300x225.jpg 300w, https:\/\/agora.xtec.cat\/aulahospitalariagtp\/wp-content\/uploads\/usu1060\/2018\/02\/20180208_134635-1-768x576.jpg 768w, https:\/\/agora.xtec.cat\/aulahospitalariagtp\/wp-content\/uploads\/usu1060\/2018\/02\/20180208_134635-1-1024x768.jpg 1024w, https:\/\/agora.xtec.cat\/aulahospitalariagtp\/wp-content\/uploads\/usu1060\/2018\/02\/20180208_134635-1-200x150.jpg 200w, https:\/\/agora.xtec.cat\/aulahospitalariagtp\/wp-content\/uploads\/usu1060\/2018\/02\/20180208_134635-1.jpg 2048w\" sizes=\"auto, (max-width: 300px) 100vw, 300px\" \/><\/a><\/p>\n<p>El dijous 8 de febrer, o com a mi m&#8217;agrada dir-li, el DIJOUS GRAS, pe mala sort vaig haver de passar el dia a l&#8217;hospital. No va estar tan malament perqu\u00e8 em van venir a visitar per l&#8217;habitaci\u00f3 uns nens i nenes amb barrets de paper que deien que eren els missatgers del Carnestoltes. Em van informar que s&#8217;apropava CARNAVAL i que m&#8217;an\u00e8s preparant la meva disfressa per dem\u00e0 perqu\u00e8 m&#8217;hauria de disfressar. Jo, tan content em vaig psoar a pensar la meva disfressa de CARNAVAL.<\/p>\n<p>Alex Torra (13a)<\/p>\n<p>Avui \u00a0hem\u00a0 fet\u00a0\u00a0 una cosa\u00a0\u00a0 xula\u00a0\u00a0\u00a0\u00a0\u00a0 amb\u00a0\u00a0 cartulines\u00a0 de colorins.<br \/>\nHem fet un m\u00f2bil de carnaval per decorar.<\/p>\n<p>Maria\u00a0\u00a0 M. (7 ANYS)<\/p>\n","protected":false},"excerpt":{"rendered":"<p>S&#8217;apropa el Carnaval i ens anem preparant per aquesta festa. Carnestoltes, caretes, disfresses&#8230; Unes quantes imatges i algunes opinions. El dijous 8 de febrer, o com a mi m&#8217;agrada dir-li, el DIJOUS GRAS, pe mala sort vaig haver de passar el dia a l&#8217;hospital. No va estar tan malament perqu\u00e8 em van venir a visitar [&hellip;]<\/p>\n","protected":false},"author":1,"featured_media":0,"comment_status":"open","ping_status":"closed","sticky":false,"template":"","format":"standard","meta":{"_bbp_topic_count":0,"_bbp_reply_count":0,"_bbp_total_topic_count":0,"_bbp_total_reply_count":0,"_bbp_voice_count":0,"_bbp_anonymous_reply_count":0,"_bbp_topic_count_hidden":0,"_bbp_reply_count_hidden":0,"_bbp_forum_subforum_count":0,"site-sidebar-layout":"default","site-content-layout":"","ast-site-content-layout":"","site-content-style":"default","site-sidebar-style":"default","ast-global-header-display":"","ast-banner-title-visibility":"","ast-main-header-display":"","ast-hfb-above-header-display":"","ast-hfb-below-header-display":"","ast-hfb-mobile-header-display":"","site-post-title":"","ast-breadcrumbs-content":"","ast-featured-img":"","footer-sml-layout":"","theme-transparent-header-meta":"","adv-header-id-meta":"","stick-header-meta":"","header-above-stick-meta":"","header-main-stick-meta":"","header-below-stick-meta":"","astra-migrate-meta-layouts":"default","ast-page-background-enabled":"default","ast-page-background-meta":{"desktop":{"background-color":"var(--ast-global-color-4)","background-image":"","background-repeat":"repeat","background-position":"center center","background-size":"auto","background-attachment":"scroll","background-type":"","background-media":"","overlay-type":"","overlay-color":"","overlay-opacity":"","overlay-gradient":""},"tablet":{"background-color":"","background-image":"","background-repeat":"repeat","background-position":"center center","background-size":"auto","background-attachment":"scroll","background-type":"","background-media":"","overlay-type":"","overlay-color":"","overlay-opacity":"","overlay-gradient":""},"mobile":{"background-color":"","background-image":"","background-repeat":"repeat","background-position":"center center","background-size":"auto","background-attachment":"scroll","background-type":"","background-media":"","overlay-type":"","overlay-color":"","overlay-opacity":"","overlay-gradient":""}},"ast-content-background-meta":{"desktop":{"background-color":"var(--ast-global-color-5)","background-image":"","background-repeat":"repeat","background-position":"center center","background-size":"auto","background-attachment":"scroll","background-type":"","background-media":"","overlay-type":"","overlay-color":"","overlay-opacity":"","overlay-gradient":""},"tablet":{"background-color":"var(--ast-global-color-5)","background-image":"","background-repeat":"repeat","background-position":"center center","background-size":"auto","background-attachment":"scroll","background-type":"","background-media":"","overlay-type":"","overlay-color":"","overlay-opacity":"","overlay-gradient":""},"mobile":{"background-color":"var(--ast-global-color-5)","background-image":"","background-repeat":"repeat","background-position":"center center","background-size":"auto","background-attachment":"scroll","background-type":"","background-media":"","overlay-type":"","overlay-color":"","overlay-opacity":"","overlay-gradient":""}},"footnotes":""},"categories":[74,99,125,69],"tags":[],"class_list":["post-5813","post","type-post","status-publish","format-standard","hentry","category-carnaval","category-com-passa-el-temps","category-curs-2017-18","category-treballs-a-laula"],"post_mailing_queue_ids":[],"_links":{"self":[{"href":"https:\/\/agora.xtec.cat\/aulahospitalariagtp\/wp-json\/wp\/v2\/posts\/5813","targetHints":{"allow":["GET"]}}],"collection":[{"href":"https:\/\/agora.xtec.cat\/aulahospitalariagtp\/wp-json\/wp\/v2\/posts"}],"about":[{"href":"https:\/\/agora.xtec.cat\/aulahospitalariagtp\/wp-json\/wp\/v2\/types\/post"}],"author":[{"embeddable":true,"href":"https:\/\/agora.xtec.cat\/aulahospitalariagtp\/wp-json\/wp\/v2\/users\/1"}],"replies":[{"embeddable":true,"href":"https:\/\/agora.xtec.cat\/aulahospitalariagtp\/wp-json\/wp\/v2\/comments?post=5813"}],"version-history":[{"count":3,"href":"https:\/\/agora.xtec.cat\/aulahospitalariagtp\/wp-json\/wp\/v2\/posts\/5813\/revisions"}],"predecessor-version":[{"id":5846,"href":"https:\/\/agora.xtec.cat\/aulahospitalariagtp\/wp-json\/wp\/v2\/posts\/5813\/revisions\/5846"}],"wp:attachment":[{"href":"https:\/\/agora.xtec.cat\/aulahospitalariagtp\/wp-json\/wp\/v2\/media?parent=5813"}],"wp:term":[{"taxonomy":"category","embeddable":true,"href":"https:\/\/agora.xtec.cat\/aulahospitalariagtp\/wp-json\/wp\/v2\/categories?post=5813"},{"taxonomy":"post_tag","embeddable":true,"href":"https:\/\/agora.xtec.cat\/aulahospitalariagtp\/wp-json\/wp\/v2\/tags?post=5813"}],"curies":[{"name":"wp","href":"https:\/\/api.w.org\/{rel}","templated":true}]}}