{"id":5384,"date":"2017-01-30T22:13:01","date_gmt":"2017-01-30T21:13:01","guid":{"rendered":"http:\/\/agora.xtec.cat\/aulahospitalariagtp\/?p=5384"},"modified":"2017-02-15T18:03:45","modified_gmt":"2017-02-15T17:03:45","slug":"emotiu-acte-dentrega-del-premi-retines","status":"publish","type":"post","link":"https:\/\/agora.xtec.cat\/aulahospitalariagtp\/tiretades\/emotiu-acte-dentrega-del-premi-retines\/","title":{"rendered":"Emotiu acte d&#8217;entrega del Premi RetinES"},"content":{"rendered":"<p><a href=\"http:\/\/agora.xtec.cat\/aulahospitalariagtp\/wp-content\/uploads\/usu1060\/2017\/01\/premi-RetinES.jpg\"><img loading=\"lazy\" decoding=\"async\" class=\"alignnone size-full wp-image-5382\" src=\"http:\/\/agora.xtec.cat\/aulahospitalariagtp\/wp-content\/uploads\/usu1060\/2017\/01\/premi-RetinES.jpg\" alt=\"premi-retines\" width=\"1000\" height=\"1000\" srcset=\"https:\/\/agora.xtec.cat\/aulahospitalariagtp\/wp-content\/uploads\/usu1060\/2017\/01\/premi-RetinES.jpg 1000w, https:\/\/agora.xtec.cat\/aulahospitalariagtp\/wp-content\/uploads\/usu1060\/2017\/01\/premi-RetinES-150x150.jpg 150w, https:\/\/agora.xtec.cat\/aulahospitalariagtp\/wp-content\/uploads\/usu1060\/2017\/01\/premi-RetinES-300x300.jpg 300w, https:\/\/agora.xtec.cat\/aulahospitalariagtp\/wp-content\/uploads\/usu1060\/2017\/01\/premi-RetinES-768x768.jpg 768w\" sizes=\"auto, (max-width: 1000px) 100vw, 1000px\" \/><\/a><\/p>\n<p>El dimecres 25 de gener va tenir lloc a la Casa Elizalde la presentaci\u00f3 dels PREMIS RETINES 2016 durant la 7a edici\u00f3 de la mostra de documentals MiraDocs (Barcelona Mirades Documentals).<\/p>\n<p>RetinES \u00e9s un projecte creat des del Col\u00b7legi d\u2019Educadores i Educadors Socials de Catalunya, una porta oberta a totes aquelles persones, organitzacions, etc, <em>que vulguin contribuir a crear un recull de treballs, recursos i projectes audiovisuals que tinguin una \u00f2ptica socioeducativa<\/em>.<\/p>\n<p>Estem molt contentes ja que el documental participatiu \u201cTiretades, salut de colors\u201d va ser premiat en segon lloc! Aquest projecte audiovisual vol mostrar <em>com a trav\u00e9s de l\u2019expressi\u00f3 pl\u00e0stica i\u00a0<i>els processos creatius<\/i> s\u2019aconsegueix fer l\u2019entorn d\u2019un hospital m\u00e9s agradable i millorar el benestar dels infants que pateixen un proc\u00e9s de malaltia <i>i les seves fam\u00edlies<\/i><\/em>.<\/p>\n<p>Ahir vam tenir el plaer de comptar amb l\u2019assist\u00e8ncia de moltes de les persones que han col\u00b7laborat pr\u00e8via, durant, o posteriorment en la realitzaci\u00f3 del documental i difusi\u00f3 del projecte.<\/p>\n<p>Durant l\u2019esdeveniment es van projectar els tres documentals guanyadors dels premis i posteriorment els participants van tenir l\u2019oportunitat de pujar a l\u2019escenari i explicar al p\u00fablic tot el proc\u00e9s de creaci\u00f3.<\/p>\n<p>El Joaquim, la Paula, l\u2019<span class=\"m_2897231109658497921gmail-im\">Emma<\/span>, la Roser, l\u2019Eva, la N\u00faria i els m\u00e9s petits, l\u2019Araf i el Gabriel, van compartir amb tots nosaltres les seves experi\u00e8ncies viscudes durant la realitzaci\u00f3 del documental.<\/p>\n<p><span style=\"font-family: inherit; font-size: 1em;\"><img loading=\"lazy\" decoding=\"async\" class=\"alignnone size-full wp-image-5386\" src=\"http:\/\/agora.xtec.cat\/aulahospitalariagtp\/wp-content\/uploads\/usu1060\/2017\/01\/796d23f0-e178-4d6d-bfc4-1e8ae2b30cba.jpg\" alt=\"796d23f0-e178-4d6d-bfc4-1e8ae2b30cba\" width=\"1000\" height=\"750\" srcset=\"https:\/\/agora.xtec.cat\/aulahospitalariagtp\/wp-content\/uploads\/usu1060\/2017\/01\/796d23f0-e178-4d6d-bfc4-1e8ae2b30cba.jpg 1000w, https:\/\/agora.xtec.cat\/aulahospitalariagtp\/wp-content\/uploads\/usu1060\/2017\/01\/796d23f0-e178-4d6d-bfc4-1e8ae2b30cba-300x225.jpg 300w, https:\/\/agora.xtec.cat\/aulahospitalariagtp\/wp-content\/uploads\/usu1060\/2017\/01\/796d23f0-e178-4d6d-bfc4-1e8ae2b30cba-768x576.jpg 768w, https:\/\/agora.xtec.cat\/aulahospitalariagtp\/wp-content\/uploads\/usu1060\/2017\/01\/796d23f0-e178-4d6d-bfc4-1e8ae2b30cba-200x150.jpg 200w\" sizes=\"auto, (max-width: 1000px) 100vw, 1000px\" \/>Gr\u00e0cies als nens i nenes protagonistes del documental, als familiars, al personal sanitari, mestres, voluntaris\/es, entitats col\u00b7laboradores\u2026sense tots vosaltres aix\u00f2 no hagu\u00e9s estat possible!<\/span><\/p>\n<p>Link d\u2019acc\u00e9s als documentals participants del premi RetinES: <a href=\"http:\/\/www.retines.net\/?cat=11&amp;lang=es\">http:\/\/www.retines.net\/?cat=11&amp;lang=es<\/a><\/p>\n<p>&nbsp;<\/p>\n","protected":false},"excerpt":{"rendered":"<p>El dimecres 25 de gener va tenir lloc a la Casa Elizalde la presentaci\u00f3 dels PREMIS RETINES 2016 durant la 7a edici\u00f3 de la mostra de documentals MiraDocs (Barcelona Mirades Documentals). RetinES \u00e9s un projecte creat des del Col\u00b7legi d\u2019Educadores i Educadors Socials de Catalunya, una porta oberta a totes aquelles persones, organitzacions, etc, que [&hellip;]<\/p>\n","protected":false},"author":1,"featured_media":5382,"comment_status":"open","ping_status":"open","sticky":false,"template":"","format":"standard","meta":{"_bbp_topic_count":0,"_bbp_reply_count":0,"_bbp_total_topic_count":0,"_bbp_total_reply_count":0,"_bbp_voice_count":0,"_bbp_anonymous_reply_count":0,"_bbp_topic_count_hidden":0,"_bbp_reply_count_hidden":0,"_bbp_forum_subforum_count":0,"site-sidebar-layout":"default","site-content-layout":"","ast-site-content-layout":"","site-content-style":"default","site-sidebar-style":"default","ast-global-header-display":"","ast-banner-title-visibility":"","ast-main-header-display":"","ast-hfb-above-header-display":"","ast-hfb-below-header-display":"","ast-hfb-mobile-header-display":"","site-post-title":"","ast-breadcrumbs-content":"","ast-featured-img":"","footer-sml-layout":"","theme-transparent-header-meta":"","adv-header-id-meta":"","stick-header-meta":"","header-above-stick-meta":"","header-main-stick-meta":"","header-below-stick-meta":"","astra-migrate-meta-layouts":"default","ast-page-background-enabled":"default","ast-page-background-meta":{"desktop":{"background-color":"var(--ast-global-color-4)","background-image":"","background-repeat":"repeat","background-position":"center center","background-size":"auto","background-attachment":"scroll","background-type":"","background-media":"","overlay-type":"","overlay-color":"","overlay-opacity":"","overlay-gradient":""},"tablet":{"background-color":"","background-image":"","background-repeat":"repeat","background-position":"center center","background-size":"auto","background-attachment":"scroll","background-type":"","background-media":"","overlay-type":"","overlay-color":"","overlay-opacity":"","overlay-gradient":""},"mobile":{"background-color":"","background-image":"","background-repeat":"repeat","background-position":"center center","background-size":"auto","background-attachment":"scroll","background-type":"","background-media":"","overlay-type":"","overlay-color":"","overlay-opacity":"","overlay-gradient":""}},"ast-content-background-meta":{"desktop":{"background-color":"var(--ast-global-color-5)","background-image":"","background-repeat":"repeat","background-position":"center center","background-size":"auto","background-attachment":"scroll","background-type":"","background-media":"","overlay-type":"","overlay-color":"","overlay-opacity":"","overlay-gradient":""},"tablet":{"background-color":"var(--ast-global-color-5)","background-image":"","background-repeat":"repeat","background-position":"center center","background-size":"auto","background-attachment":"scroll","background-type":"","background-media":"","overlay-type":"","overlay-color":"","overlay-opacity":"","overlay-gradient":""},"mobile":{"background-color":"var(--ast-global-color-5)","background-image":"","background-repeat":"repeat","background-position":"center center","background-size":"auto","background-attachment":"scroll","background-type":"","background-media":"","overlay-type":"","overlay-color":"","overlay-opacity":"","overlay-gradient":""}},"footnotes":""},"categories":[92,102,71,35],"tags":[],"class_list":["post-5384","post","type-post","status-publish","format-standard","has-post-thumbnail","hentry","category-activitats-obertes","category-curs-2016-17","category-tallers","category-tiretades"],"post_mailing_queue_ids":[],"_links":{"self":[{"href":"https:\/\/agora.xtec.cat\/aulahospitalariagtp\/wp-json\/wp\/v2\/posts\/5384","targetHints":{"allow":["GET"]}}],"collection":[{"href":"https:\/\/agora.xtec.cat\/aulahospitalariagtp\/wp-json\/wp\/v2\/posts"}],"about":[{"href":"https:\/\/agora.xtec.cat\/aulahospitalariagtp\/wp-json\/wp\/v2\/types\/post"}],"author":[{"embeddable":true,"href":"https:\/\/agora.xtec.cat\/aulahospitalariagtp\/wp-json\/wp\/v2\/users\/1"}],"replies":[{"embeddable":true,"href":"https:\/\/agora.xtec.cat\/aulahospitalariagtp\/wp-json\/wp\/v2\/comments?post=5384"}],"version-history":[{"count":3,"href":"https:\/\/agora.xtec.cat\/aulahospitalariagtp\/wp-json\/wp\/v2\/posts\/5384\/revisions"}],"predecessor-version":[{"id":5388,"href":"https:\/\/agora.xtec.cat\/aulahospitalariagtp\/wp-json\/wp\/v2\/posts\/5384\/revisions\/5388"}],"wp:featuredmedia":[{"embeddable":true,"href":"https:\/\/agora.xtec.cat\/aulahospitalariagtp\/wp-json\/wp\/v2\/media\/5382"}],"wp:attachment":[{"href":"https:\/\/agora.xtec.cat\/aulahospitalariagtp\/wp-json\/wp\/v2\/media?parent=5384"}],"wp:term":[{"taxonomy":"category","embeddable":true,"href":"https:\/\/agora.xtec.cat\/aulahospitalariagtp\/wp-json\/wp\/v2\/categories?post=5384"},{"taxonomy":"post_tag","embeddable":true,"href":"https:\/\/agora.xtec.cat\/aulahospitalariagtp\/wp-json\/wp\/v2\/tags?post=5384"}],"curies":[{"name":"wp","href":"https:\/\/api.w.org\/{rel}","templated":true}]}}