{"id":5284,"date":"2016-12-09T13:30:31","date_gmt":"2016-12-09T12:30:31","guid":{"rendered":"http:\/\/agora.xtec.cat\/aulahospitalariagtp\/?p=5284"},"modified":"2016-12-10T00:35:09","modified_gmt":"2016-12-09T23:35:09","slug":"calendari-magic-dadvent","status":"publish","type":"post","link":"https:\/\/agora.xtec.cat\/aulahospitalariagtp\/tematics\/nadal\/calendari-magic-dadvent\/","title":{"rendered":"CALENDARI M\u00c0GIC D&#8217;ADVENT"},"content":{"rendered":"<p><a href=\"https:\/\/scratch.mit.edu\/projects\/134842884\/#fullscreen\" target=\"_blank\"><img loading=\"lazy\" decoding=\"async\" class=\"alignleft wp-image-5290 size-full\" src=\"http:\/\/agora.xtec.cat\/aulahospitalariagtp\/wp-content\/uploads\/usu1060\/2016\/12\/calendari-dadvent.png\" alt=\"calendari-dadvent\" width=\"480\" height=\"360\" srcset=\"https:\/\/agora.xtec.cat\/aulahospitalariagtp\/wp-content\/uploads\/usu1060\/2016\/12\/calendari-dadvent.png 480w, https:\/\/agora.xtec.cat\/aulahospitalariagtp\/wp-content\/uploads\/usu1060\/2016\/12\/calendari-dadvent-300x225.png 300w, https:\/\/agora.xtec.cat\/aulahospitalariagtp\/wp-content\/uploads\/usu1060\/2016\/12\/calendari-dadvent-200x150.png 200w\" sizes=\"auto, (max-width: 480px) 100vw, 480px\" \/><\/a><\/p>\n<p>&nbsp;<\/p>\n<p>A l&#8217;escola de l&#8217;hospital hem fet un calendari m\u00e0gic d&#8217;Advent amb el programa d&#8217;ordinador Scratch. Amb Scratch hem dissenyat les finestres\u00a0 amb imatges de Nadal, hem apr\u00e8s a programar per qu\u00e8 les finestres nom\u00e9s s&#8217;obrin\u00a0 fins el dia actual i no es puguin obrir si no \u00e9s el dia.\u00a0 No \u00e9s f\u00e0cil, ens ha costat, per\u00f3 ens ha sortit molt b\u00e9. Hi hem participat molts nens i nenes. Els que l&#8217;hem acabat som la Marta P, l&#8217;Emma J. i nosaltres dos.<\/p>\n<p>Si cliqueu sobre la imatge s&#8217;obrir\u00e0 el calendari. Obriu cada dia la seva finestra i veureu que surt!.<br \/>\nEsperem que us agradi\u00a0 i us desitgem BON NADAL i un FELI\u00c7 2017.<\/p>\n<p>Joan Francesc C. (13 a)\u00a0 i Marcel V. (8a)<\/p>\n","protected":false},"excerpt":{"rendered":"<p>&nbsp; A l&#8217;escola de l&#8217;hospital hem fet un calendari m\u00e0gic d&#8217;Advent amb el programa d&#8217;ordinador Scratch. Amb Scratch hem dissenyat les finestres\u00a0 amb imatges de Nadal, hem apr\u00e8s a programar per qu\u00e8 les finestres nom\u00e9s s&#8217;obrin\u00a0 fins el dia actual i no es puguin obrir si no \u00e9s el dia.\u00a0 No \u00e9s f\u00e0cil, ens ha [&hellip;]<\/p>\n","protected":false},"author":1,"featured_media":5290,"comment_status":"open","ping_status":"open","sticky":false,"template":"","format":"standard","meta":{"_bbp_topic_count":0,"_bbp_reply_count":0,"_bbp_total_topic_count":0,"_bbp_total_reply_count":0,"_bbp_voice_count":0,"_bbp_anonymous_reply_count":0,"_bbp_topic_count_hidden":0,"_bbp_reply_count_hidden":0,"_bbp_forum_subforum_count":0,"site-sidebar-layout":"default","site-content-layout":"","ast-site-content-layout":"","site-content-style":"default","site-sidebar-style":"default","ast-global-header-display":"","ast-banner-title-visibility":"","ast-main-header-display":"","ast-hfb-above-header-display":"","ast-hfb-below-header-display":"","ast-hfb-mobile-header-display":"","site-post-title":"","ast-breadcrumbs-content":"","ast-featured-img":"","footer-sml-layout":"","theme-transparent-header-meta":"","adv-header-id-meta":"","stick-header-meta":"","header-above-stick-meta":"","header-main-stick-meta":"","header-below-stick-meta":"","astra-migrate-meta-layouts":"default","ast-page-background-enabled":"default","ast-page-background-meta":{"desktop":{"background-color":"var(--ast-global-color-4)","background-image":"","background-repeat":"repeat","background-position":"center center","background-size":"auto","background-attachment":"scroll","background-type":"","background-media":"","overlay-type":"","overlay-color":"","overlay-opacity":"","overlay-gradient":""},"tablet":{"background-color":"","background-image":"","background-repeat":"repeat","background-position":"center center","background-size":"auto","background-attachment":"scroll","background-type":"","background-media":"","overlay-type":"","overlay-color":"","overlay-opacity":"","overlay-gradient":""},"mobile":{"background-color":"","background-image":"","background-repeat":"repeat","background-position":"center center","background-size":"auto","background-attachment":"scroll","background-type":"","background-media":"","overlay-type":"","overlay-color":"","overlay-opacity":"","overlay-gradient":""}},"ast-content-background-meta":{"desktop":{"background-color":"var(--ast-global-color-5)","background-image":"","background-repeat":"repeat","background-position":"center center","background-size":"auto","background-attachment":"scroll","background-type":"","background-media":"","overlay-type":"","overlay-color":"","overlay-opacity":"","overlay-gradient":""},"tablet":{"background-color":"var(--ast-global-color-5)","background-image":"","background-repeat":"repeat","background-position":"center center","background-size":"auto","background-attachment":"scroll","background-type":"","background-media":"","overlay-type":"","overlay-color":"","overlay-opacity":"","overlay-gradient":""},"mobile":{"background-color":"var(--ast-global-color-5)","background-image":"","background-repeat":"repeat","background-position":"center center","background-size":"auto","background-attachment":"scroll","background-type":"","background-media":"","overlay-type":"","overlay-color":"","overlay-opacity":"","overlay-gradient":""}},"footnotes":""},"categories":[102,111,44,48,69],"tags":[85,103,112,114],"class_list":["post-5284","post","type-post","status-publish","format-standard","has-post-thumbnail","hentry","category-curs-2016-17","category-matemagia","category-nadal","category-tematics","category-treballs-a-laula","tag-afegeix-una-etiqueta","tag-curs-16-17","tag-matemagia","tag-nadal"],"post_mailing_queue_ids":[],"_links":{"self":[{"href":"https:\/\/agora.xtec.cat\/aulahospitalariagtp\/wp-json\/wp\/v2\/posts\/5284","targetHints":{"allow":["GET"]}}],"collection":[{"href":"https:\/\/agora.xtec.cat\/aulahospitalariagtp\/wp-json\/wp\/v2\/posts"}],"about":[{"href":"https:\/\/agora.xtec.cat\/aulahospitalariagtp\/wp-json\/wp\/v2\/types\/post"}],"author":[{"embeddable":true,"href":"https:\/\/agora.xtec.cat\/aulahospitalariagtp\/wp-json\/wp\/v2\/users\/1"}],"replies":[{"embeddable":true,"href":"https:\/\/agora.xtec.cat\/aulahospitalariagtp\/wp-json\/wp\/v2\/comments?post=5284"}],"version-history":[{"count":4,"href":"https:\/\/agora.xtec.cat\/aulahospitalariagtp\/wp-json\/wp\/v2\/posts\/5284\/revisions"}],"predecessor-version":[{"id":5299,"href":"https:\/\/agora.xtec.cat\/aulahospitalariagtp\/wp-json\/wp\/v2\/posts\/5284\/revisions\/5299"}],"wp:featuredmedia":[{"embeddable":true,"href":"https:\/\/agora.xtec.cat\/aulahospitalariagtp\/wp-json\/wp\/v2\/media\/5290"}],"wp:attachment":[{"href":"https:\/\/agora.xtec.cat\/aulahospitalariagtp\/wp-json\/wp\/v2\/media?parent=5284"}],"wp:term":[{"taxonomy":"category","embeddable":true,"href":"https:\/\/agora.xtec.cat\/aulahospitalariagtp\/wp-json\/wp\/v2\/categories?post=5284"},{"taxonomy":"post_tag","embeddable":true,"href":"https:\/\/agora.xtec.cat\/aulahospitalariagtp\/wp-json\/wp\/v2\/tags?post=5284"}],"curies":[{"name":"wp","href":"https:\/\/api.w.org\/{rel}","templated":true}]}}