{"id":5197,"date":"2016-10-26T14:42:05","date_gmt":"2016-10-26T12:42:05","guid":{"rendered":"http:\/\/agora.xtec.cat\/aulahospitalariagtp\/?p=5197"},"modified":"2016-11-25T14:56:33","modified_gmt":"2016-11-25T13:56:33","slug":"formes-concentriques","status":"publish","type":"post","link":"https:\/\/agora.xtec.cat\/aulahospitalariagtp\/tiretades\/formes-concentriques\/","title":{"rendered":"FORMES CONC\u00c8NTRIQUES"},"content":{"rendered":"<p>Estem a l\u2019escola de l\u2019hospital. <a href=\"http:\/\/agora.xtec.cat\/aulahospitalariagtp\/wp-content\/uploads\/usu1060\/2016\/11\/FENT-FIGURES-GEOM\u00c8TRIQUES-PEL-MURAL.jpg\"><img loading=\"lazy\" decoding=\"async\" class=\"size-full wp-image-5223 alignleft\" src=\"http:\/\/agora.xtec.cat\/aulahospitalariagtp\/wp-content\/uploads\/usu1060\/2016\/11\/FENT-FIGURES-GEOM\u00c8TRIQUES-PEL-MURAL.jpg\" alt=\"fent-figures-geometriques-pel-mural\" width=\"480\" height=\"340\" srcset=\"https:\/\/agora.xtec.cat\/aulahospitalariagtp\/wp-content\/uploads\/usu1060\/2016\/11\/FENT-FIGURES-GEOM\u00c8TRIQUES-PEL-MURAL.jpg 480w, https:\/\/agora.xtec.cat\/aulahospitalariagtp\/wp-content\/uploads\/usu1060\/2016\/11\/FENT-FIGURES-GEOM\u00c8TRIQUES-PEL-MURAL-300x213.jpg 300w\" sizes=\"auto, (max-width: 480px) 100vw, 480px\" \/><\/a><\/p>\n<p>Avui fem un taller amb l\u2019Eva.\u00a0Com que treballem les formes geom\u00e8triques, ens han proposat que f\u00e9ssim formes (cercles, quadrats, triangles) conc\u00e8ntriques dins un quadrat de cartolina, de manera que, \u00a0poc a poc, anem omplint el\u00a0mural del passad\u00eds.<\/p>\n<p>A m\u00e9s a m\u00e9s la Tini i el Manel conjuntament amb altres nens i nenes hem dibuixat mitja cartolina sim\u00e8trica i ens hem retat a fer l\u2019altre cara del dibuix.<\/p>\n<p>Avui ha estat un dia que hem apr\u00e8s moltes coses.<\/p>\n<p>Valeria(11),\u00a0Mar(9),\u00a0Tini(11)<\/p>\n","protected":false},"excerpt":{"rendered":"<p>Estem a l\u2019escola de l\u2019hospital. Avui fem un taller amb l\u2019Eva.\u00a0Com que treballem les formes geom\u00e8triques, ens han proposat que f\u00e9ssim formes (cercles, quadrats, triangles) conc\u00e8ntriques dins un quadrat de cartolina, de manera que, \u00a0poc a poc, anem omplint el\u00a0mural del passad\u00eds. A m\u00e9s a m\u00e9s la Tini i el Manel conjuntament amb altres nens [&hellip;]<\/p>\n","protected":false},"author":1,"featured_media":5223,"comment_status":"open","ping_status":"open","sticky":false,"template":"","format":"standard","meta":{"_bbp_topic_count":0,"_bbp_reply_count":0,"_bbp_total_topic_count":0,"_bbp_total_reply_count":0,"_bbp_voice_count":0,"_bbp_anonymous_reply_count":0,"_bbp_topic_count_hidden":0,"_bbp_reply_count_hidden":0,"_bbp_forum_subforum_count":0,"site-sidebar-layout":"default","site-content-layout":"","ast-site-content-layout":"","site-content-style":"default","site-sidebar-style":"default","ast-global-header-display":"","ast-banner-title-visibility":"","ast-main-header-display":"","ast-hfb-above-header-display":"","ast-hfb-below-header-display":"","ast-hfb-mobile-header-display":"","site-post-title":"","ast-breadcrumbs-content":"","ast-featured-img":"","footer-sml-layout":"","theme-transparent-header-meta":"","adv-header-id-meta":"","stick-header-meta":"","header-above-stick-meta":"","header-main-stick-meta":"","header-below-stick-meta":"","astra-migrate-meta-layouts":"default","ast-page-background-enabled":"default","ast-page-background-meta":{"desktop":{"background-color":"var(--ast-global-color-4)","background-image":"","background-repeat":"repeat","background-position":"center center","background-size":"auto","background-attachment":"scroll","background-type":"","background-media":"","overlay-type":"","overlay-color":"","overlay-opacity":"","overlay-gradient":""},"tablet":{"background-color":"","background-image":"","background-repeat":"repeat","background-position":"center center","background-size":"auto","background-attachment":"scroll","background-type":"","background-media":"","overlay-type":"","overlay-color":"","overlay-opacity":"","overlay-gradient":""},"mobile":{"background-color":"","background-image":"","background-repeat":"repeat","background-position":"center center","background-size":"auto","background-attachment":"scroll","background-type":"","background-media":"","overlay-type":"","overlay-color":"","overlay-opacity":"","overlay-gradient":""}},"ast-content-background-meta":{"desktop":{"background-color":"var(--ast-global-color-5)","background-image":"","background-repeat":"repeat","background-position":"center center","background-size":"auto","background-attachment":"scroll","background-type":"","background-media":"","overlay-type":"","overlay-color":"","overlay-opacity":"","overlay-gradient":""},"tablet":{"background-color":"var(--ast-global-color-5)","background-image":"","background-repeat":"repeat","background-position":"center center","background-size":"auto","background-attachment":"scroll","background-type":"","background-media":"","overlay-type":"","overlay-color":"","overlay-opacity":"","overlay-gradient":""},"mobile":{"background-color":"var(--ast-global-color-5)","background-image":"","background-repeat":"repeat","background-position":"center center","background-size":"auto","background-attachment":"scroll","background-type":"","background-media":"","overlay-type":"","overlay-color":"","overlay-opacity":"","overlay-gradient":""}},"footnotes":""},"categories":[92,102,71,35],"tags":[],"class_list":["post-5197","post","type-post","status-publish","format-standard","has-post-thumbnail","hentry","category-activitats-obertes","category-curs-2016-17","category-tallers","category-tiretades"],"post_mailing_queue_ids":[],"_links":{"self":[{"href":"https:\/\/agora.xtec.cat\/aulahospitalariagtp\/wp-json\/wp\/v2\/posts\/5197","targetHints":{"allow":["GET"]}}],"collection":[{"href":"https:\/\/agora.xtec.cat\/aulahospitalariagtp\/wp-json\/wp\/v2\/posts"}],"about":[{"href":"https:\/\/agora.xtec.cat\/aulahospitalariagtp\/wp-json\/wp\/v2\/types\/post"}],"author":[{"embeddable":true,"href":"https:\/\/agora.xtec.cat\/aulahospitalariagtp\/wp-json\/wp\/v2\/users\/1"}],"replies":[{"embeddable":true,"href":"https:\/\/agora.xtec.cat\/aulahospitalariagtp\/wp-json\/wp\/v2\/comments?post=5197"}],"version-history":[{"count":3,"href":"https:\/\/agora.xtec.cat\/aulahospitalariagtp\/wp-json\/wp\/v2\/posts\/5197\/revisions"}],"predecessor-version":[{"id":5225,"href":"https:\/\/agora.xtec.cat\/aulahospitalariagtp\/wp-json\/wp\/v2\/posts\/5197\/revisions\/5225"}],"wp:featuredmedia":[{"embeddable":true,"href":"https:\/\/agora.xtec.cat\/aulahospitalariagtp\/wp-json\/wp\/v2\/media\/5223"}],"wp:attachment":[{"href":"https:\/\/agora.xtec.cat\/aulahospitalariagtp\/wp-json\/wp\/v2\/media?parent=5197"}],"wp:term":[{"taxonomy":"category","embeddable":true,"href":"https:\/\/agora.xtec.cat\/aulahospitalariagtp\/wp-json\/wp\/v2\/categories?post=5197"},{"taxonomy":"post_tag","embeddable":true,"href":"https:\/\/agora.xtec.cat\/aulahospitalariagtp\/wp-json\/wp\/v2\/tags?post=5197"}],"curies":[{"name":"wp","href":"https:\/\/api.w.org\/{rel}","templated":true}]}}