{"id":4684,"date":"2016-02-21T20:55:08","date_gmt":"2016-02-21T19:55:08","guid":{"rendered":"http:\/\/blocs.xtec.cat\/aulahospitalariagtp1516\/?p=4684"},"modified":"2016-09-10T12:42:44","modified_gmt":"2016-09-10T11:42:44","slug":"aprenem-a-fer-pel-licules","status":"publish","type":"post","link":"https:\/\/agora.xtec.cat\/aulahospitalariagtp\/treballs-a-laula\/aprenem-a-fer-pel-licules\/","title":{"rendered":"APRENEM A FER PEL.L\u00cdCULES!!"},"content":{"rendered":"<p>Aquest curs hem aprofitat l&#8217;oportunitat que ens ha ofert\u00a0<a href=\"https:\/\/associaciodeperiodismeforadequadre.wordpress.com\/\" target=\"_blank\">\u00a0l\u2019associaci\u00f3 de periodistes FORA DE QUADRE<\/a>\u00a0 per aprendre a fer\u00a0una pel.licula. \u00a0Vam pensar que ells, que s\u00f3n periodistes, ens podrien ensenyar com es fa un documental i, ja posats a fer, en fariem un nosaltres sobre com \u00e9s un dia de taller a l&#8217;escola de l&#8217;hospital.<\/p>\n<p>Aqui us deixem unes quantes imatges. (Ruben 11 a)<\/p>\n<p><iframe loading=\"lazy\" src=\"http:\/\/photopeach.com\/embed\/12ymhsv\" width=\"445\" height=\"296\" frameborder=\"0\" allowfullscreen=\"allowfullscreen\"><\/iframe><\/p>\n<p>El que t\u00e9 d&#8217;especial \u00e9s que <strong>els que faran\u00a0la pel.l\u00edcula seran els propis alumnes i exalumnes de l&#8217;escola de l&#8217;hospital<\/strong>. Els hem\u00a0convidar a la primera sessi\u00f3 i en vam planificar la resta de dies. En Joaquim (12 anys) en ser\u00e0\u00a0el fil conductor i podr\u00e0 venir tots els dies. Es convertir\u00e0\u00a0amb tot un professional de la c\u00e0mera.<\/p>\n<p>La N\u00faria ens va ensenyar com es planifica una gravaci\u00f3. Ens vam repartir les feines i vam comen\u00e7ar apensar amb casdascuna de les escenes que volien que sort\u00edssin en el nostre documental. Aix\u00ed com tamb\u00e9 les m\u00fasiques del documental.\u00a0Despr\u00e9s ella ens va ensenyar, posant exemples,\u00a0les difer\u00e8ncies entre pl\u00e0 curt, pl\u00e0 mig&#8230; detall.\u00a0Finalment hem pogut tocar i veure d&#8217;a prop com \u00e9s una c\u00e0mara professional, tr\u00edpode, micr\u00f2fon. Ser\u00e0 el material que\u00a0ls servir\u00e0 per\u00a0comen\u00e7ar a gravar el nostre documental.<\/p>\n<p>Moltes gr\u00e0cies N\u00faria de l&#8217;associaci\u00f3 Fora de Quadre.<\/p>\n<p>Roser Jov\u00e9 &#8220;la profe&#8221;<\/p>\n<p>Aqui teniu algunes comentaris dels alumnes que hi van participar.<\/p>\n<p>Hola a tots ; )<br \/>\nAvui han vingut l\u2019Eva i la N\u00faria a explicar-nos alguns aspectes dels audiovisuals com, els plans de les c\u00e0meres, els passos per a gravar documentals, i alguns altres consells. En el recull de fotografies, veureu alguns moments del projecte que vam fer a l\u2019escola de l\u2019Hospital Universitari Germans Trias i Pujol.<br \/>\nEn aquesta activitat, tamb\u00e9 hi podien participar els pares que volguessin, per poder compartir una bona estona junts. Al final de la classe, la N\u00faria ens va ensenyar la c\u00e0mera i com funcionava el zoom i la utilitzaci\u00f3 del tr\u00edpode, entre altres coses.<br \/>\nVa ser molt divertit !!!<br \/>\nOna, 12 anys.<\/p>\n<p>Hola em dic Hugo ahir vaig entrar a l\u2019escola de l\u2019hospital , que \u00e9s una sala molt xula i em va agradar molt perqu\u00e8 es feia un taller i explicaven com fer una gravaci\u00f3.<br \/>\nEns van ensenyar que \u00e9s un primer pla, un pla llarg, un pla curt, un pla mig\u2026 Tamb\u00e9 ens van parlar de com eren els angles de la c\u00e0mera, com funcionava, com es mirava per el visor i va ser xul\u00edssim. Alguns de nosaltres vam poder enregistrar amb la c\u00e0mera. En aquest taller estaven els nens i nenes hospitalitzats i podien entrar les fam\u00edlies.<br \/>\nI ara podeu veure fotos de l\u2019activitat que vam fer.<\/p>\n<p>Hugo (10 anys)<\/p>\n<p>&nbsp;<\/p>\n","protected":false},"excerpt":{"rendered":"<p>Aquest curs hem aprofitat l&#8217;oportunitat que ens ha ofert\u00a0\u00a0l\u2019associaci\u00f3 de periodistes FORA DE QUADRE\u00a0 per aprendre a fer\u00a0una pel.licula. \u00a0Vam pensar que ells, que s\u00f3n periodistes, ens podrien ensenyar com es fa un documental i, ja posats a fer, en fariem un nosaltres sobre com \u00e9s un dia de taller a l&#8217;escola de l&#8217;hospital. Aqui [&hellip;]<\/p>\n","protected":false},"author":3,"featured_media":0,"comment_status":"open","ping_status":"open","sticky":false,"template":"","format":"standard","meta":{"_bbp_topic_count":0,"_bbp_reply_count":0,"_bbp_total_topic_count":0,"_bbp_total_reply_count":0,"_bbp_voice_count":0,"_bbp_anonymous_reply_count":0,"_bbp_topic_count_hidden":0,"_bbp_reply_count_hidden":0,"_bbp_forum_subforum_count":0,"site-sidebar-layout":"default","site-content-layout":"","ast-site-content-layout":"","site-content-style":"default","site-sidebar-style":"default","ast-global-header-display":"","ast-banner-title-visibility":"","ast-main-header-display":"","ast-hfb-above-header-display":"","ast-hfb-below-header-display":"","ast-hfb-mobile-header-display":"","site-post-title":"","ast-breadcrumbs-content":"","ast-featured-img":"","footer-sml-layout":"","theme-transparent-header-meta":"","adv-header-id-meta":"","stick-header-meta":"","header-above-stick-meta":"","header-main-stick-meta":"","header-below-stick-meta":"","astra-migrate-meta-layouts":"default","ast-page-background-enabled":"default","ast-page-background-meta":{"desktop":{"background-color":"var(--ast-global-color-4)","background-image":"","background-repeat":"repeat","background-position":"center center","background-size":"auto","background-attachment":"scroll","background-type":"","background-media":"","overlay-type":"","overlay-color":"","overlay-opacity":"","overlay-gradient":""},"tablet":{"background-color":"","background-image":"","background-repeat":"repeat","background-position":"center center","background-size":"auto","background-attachment":"scroll","background-type":"","background-media":"","overlay-type":"","overlay-color":"","overlay-opacity":"","overlay-gradient":""},"mobile":{"background-color":"","background-image":"","background-repeat":"repeat","background-position":"center center","background-size":"auto","background-attachment":"scroll","background-type":"","background-media":"","overlay-type":"","overlay-color":"","overlay-opacity":"","overlay-gradient":""}},"ast-content-background-meta":{"desktop":{"background-color":"var(--ast-global-color-5)","background-image":"","background-repeat":"repeat","background-position":"center center","background-size":"auto","background-attachment":"scroll","background-type":"","background-media":"","overlay-type":"","overlay-color":"","overlay-opacity":"","overlay-gradient":""},"tablet":{"background-color":"var(--ast-global-color-5)","background-image":"","background-repeat":"repeat","background-position":"center center","background-size":"auto","background-attachment":"scroll","background-type":"","background-media":"","overlay-type":"","overlay-color":"","overlay-opacity":"","overlay-gradient":""},"mobile":{"background-color":"var(--ast-global-color-5)","background-image":"","background-repeat":"repeat","background-position":"center center","background-size":"auto","background-attachment":"scroll","background-type":"","background-media":"","overlay-type":"","overlay-color":"","overlay-opacity":"","overlay-gradient":""}},"footnotes":""},"categories":[92,97,71,69],"tags":[],"class_list":["post-4684","post","type-post","status-publish","format-standard","hentry","category-activitats-obertes","category-curs-2015-16","category-tallers","category-treballs-a-laula"],"post_mailing_queue_ids":[],"_links":{"self":[{"href":"https:\/\/agora.xtec.cat\/aulahospitalariagtp\/wp-json\/wp\/v2\/posts\/4684","targetHints":{"allow":["GET"]}}],"collection":[{"href":"https:\/\/agora.xtec.cat\/aulahospitalariagtp\/wp-json\/wp\/v2\/posts"}],"about":[{"href":"https:\/\/agora.xtec.cat\/aulahospitalariagtp\/wp-json\/wp\/v2\/types\/post"}],"author":[{"embeddable":true,"href":"https:\/\/agora.xtec.cat\/aulahospitalariagtp\/wp-json\/wp\/v2\/users\/3"}],"replies":[{"embeddable":true,"href":"https:\/\/agora.xtec.cat\/aulahospitalariagtp\/wp-json\/wp\/v2\/comments?post=4684"}],"version-history":[{"count":1,"href":"https:\/\/agora.xtec.cat\/aulahospitalariagtp\/wp-json\/wp\/v2\/posts\/4684\/revisions"}],"predecessor-version":[{"id":5056,"href":"https:\/\/agora.xtec.cat\/aulahospitalariagtp\/wp-json\/wp\/v2\/posts\/4684\/revisions\/5056"}],"wp:attachment":[{"href":"https:\/\/agora.xtec.cat\/aulahospitalariagtp\/wp-json\/wp\/v2\/media?parent=4684"}],"wp:term":[{"taxonomy":"category","embeddable":true,"href":"https:\/\/agora.xtec.cat\/aulahospitalariagtp\/wp-json\/wp\/v2\/categories?post=4684"},{"taxonomy":"post_tag","embeddable":true,"href":"https:\/\/agora.xtec.cat\/aulahospitalariagtp\/wp-json\/wp\/v2\/tags?post=4684"}],"curies":[{"name":"wp","href":"https:\/\/api.w.org\/{rel}","templated":true}]}}