{"id":4565,"date":"2015-11-20T13:24:10","date_gmt":"2015-11-20T12:24:10","guid":{"rendered":"http:\/\/blocs.xtec.cat\/aulahospitalariagtp1516\/?p=4565"},"modified":"2016-09-10T12:42:45","modified_gmt":"2016-09-10T11:42:45","slug":"dia-internacional-de-la-infancia","status":"publish","type":"post","link":"https:\/\/agora.xtec.cat\/aulahospitalariagtp\/general\/dia-internacional-de-la-infancia\/","title":{"rendered":"Dia internacional de la inf\u00e0ncia"},"content":{"rendered":"<p><a href=\"http:\/\/blocs.xtec.cat\/aulahospitalariagtp1516\/files\/2015\/11\/New-Doc-29_4-1.jpg\"><img loading=\"lazy\" decoding=\"async\" class=\" wp-image-4572  alignleft\" src=\"http:\/\/blocs.xtec.cat\/aulahospitalariagtp1516\/files\/2015\/11\/New-Doc-29_4-1-300x199.jpg\" alt=\"New Doc 29_4 (1)\" width=\"406\" height=\"269\" \/><\/a><\/p>\n<p>Avui \u00e9s el dia internacional de la inf\u00e0ncia i gracies a la fundaci\u00f3 Abra cadabra i al mag Adan xou hem tingut una estona molt divertida de m\u00e0gia a la planta de pediatria del nostre hospital. Tant els pares com el nens s\u2019han divertit molt i aix\u00ed han deixat de banda els seus problemes. Ens hem rigut molt perqu\u00e8 a part de tenir m\u00e0gia hem tingut estones de com\u00e8dia. Ha fet molts trucs i tots han sorpr\u00e8s al p\u00fablic.<\/p>\n<p>Jonatan duque (14 anys)<\/p>\n<p>Aqui us\u00a0deixem unes quantes imatges:<\/p>\n<p><iframe loading=\"lazy\" src=\"http:\/\/photopeach.com\/embed\/rd5o3k\" width=\"445\" height=\"296\" frameborder=\"0\" allowfullscreen=\"allowfullscreen\"><\/iframe><a href=\"http:\/\/blocs.xtec.cat\/aulahospitalariagtp1516\/files\/2015\/11\/New-Doc-29_1_1.jpg\"><img loading=\"lazy\" decoding=\"async\" class=\" wp-image-4574 size-medium alignleft\" src=\"http:\/\/blocs.xtec.cat\/aulahospitalariagtp1516\/files\/2015\/11\/New-Doc-29_1_1-292x300.jpg\" alt=\"New Doc 29_1_1\" width=\"292\" height=\"300\" \/><img loading=\"lazy\" decoding=\"async\" class=\"alignnone wp-image-4575 size-medium\" src=\"http:\/\/blocs.xtec.cat\/aulahospitalariagtp1516\/files\/2015\/11\/New-Doc-29_2-300x215.jpg\" alt=\"New Doc 29_2\" width=\"300\" height=\"215\" \/><\/a><a href=\"http:\/\/blocs.xtec.cat\/aulahospitalariagtp1516\/files\/2015\/11\/New-Doc-29_3.jpg\"><img loading=\"lazy\" decoding=\"async\" class=\"alignnone wp-image-4576 size-medium\" src=\"http:\/\/blocs.xtec.cat\/aulahospitalariagtp1516\/files\/2015\/11\/New-Doc-29_3-214x300.jpg\" alt=\"New Doc 29_3\" width=\"214\" height=\"300\" \/><\/a><\/p>\n","protected":false},"excerpt":{"rendered":"<p>Avui \u00e9s el dia internacional de la inf\u00e0ncia i gracies a la fundaci\u00f3 Abra cadabra i al mag Adan xou hem tingut una estona molt divertida de m\u00e0gia a la planta de pediatria del nostre hospital. Tant els pares com el nens s\u2019han divertit molt i aix\u00ed han deixat de banda els seus problemes. Ens [&hellip;]<\/p>\n","protected":false},"author":3,"featured_media":0,"comment_status":"open","ping_status":"open","sticky":false,"template":"","format":"standard","meta":{"_bbp_topic_count":0,"_bbp_reply_count":0,"_bbp_total_topic_count":0,"_bbp_total_reply_count":0,"_bbp_voice_count":0,"_bbp_anonymous_reply_count":0,"_bbp_topic_count_hidden":0,"_bbp_reply_count_hidden":0,"_bbp_forum_subforum_count":0,"site-sidebar-layout":"default","site-content-layout":"","ast-site-content-layout":"","site-content-style":"default","site-sidebar-style":"default","ast-global-header-display":"","ast-banner-title-visibility":"","ast-main-header-display":"","ast-hfb-above-header-display":"","ast-hfb-below-header-display":"","ast-hfb-mobile-header-display":"","site-post-title":"","ast-breadcrumbs-content":"","ast-featured-img":"","footer-sml-layout":"","theme-transparent-header-meta":"","adv-header-id-meta":"","stick-header-meta":"","header-above-stick-meta":"","header-main-stick-meta":"","header-below-stick-meta":"","astra-migrate-meta-layouts":"default","ast-page-background-enabled":"default","ast-page-background-meta":{"desktop":{"background-color":"var(--ast-global-color-4)","background-image":"","background-repeat":"repeat","background-position":"center center","background-size":"auto","background-attachment":"scroll","background-type":"","background-media":"","overlay-type":"","overlay-color":"","overlay-opacity":"","overlay-gradient":""},"tablet":{"background-color":"","background-image":"","background-repeat":"repeat","background-position":"center center","background-size":"auto","background-attachment":"scroll","background-type":"","background-media":"","overlay-type":"","overlay-color":"","overlay-opacity":"","overlay-gradient":""},"mobile":{"background-color":"","background-image":"","background-repeat":"repeat","background-position":"center center","background-size":"auto","background-attachment":"scroll","background-type":"","background-media":"","overlay-type":"","overlay-color":"","overlay-opacity":"","overlay-gradient":""}},"ast-content-background-meta":{"desktop":{"background-color":"var(--ast-global-color-5)","background-image":"","background-repeat":"repeat","background-position":"center center","background-size":"auto","background-attachment":"scroll","background-type":"","background-media":"","overlay-type":"","overlay-color":"","overlay-opacity":"","overlay-gradient":""},"tablet":{"background-color":"var(--ast-global-color-5)","background-image":"","background-repeat":"repeat","background-position":"center center","background-size":"auto","background-attachment":"scroll","background-type":"","background-media":"","overlay-type":"","overlay-color":"","overlay-opacity":"","overlay-gradient":""},"mobile":{"background-color":"var(--ast-global-color-5)","background-image":"","background-repeat":"repeat","background-position":"center center","background-size":"auto","background-attachment":"scroll","background-type":"","background-media":"","overlay-type":"","overlay-color":"","overlay-opacity":"","overlay-gradient":""}},"footnotes":""},"categories":[92,97,43,94,1],"tags":[],"class_list":["post-4565","post","type-post","status-publish","format-standard","hentry","category-activitats-obertes","category-curs-2015-16","category-dies-especials","category-ens-visiten","category-general"],"post_mailing_queue_ids":[],"_links":{"self":[{"href":"https:\/\/agora.xtec.cat\/aulahospitalariagtp\/wp-json\/wp\/v2\/posts\/4565","targetHints":{"allow":["GET"]}}],"collection":[{"href":"https:\/\/agora.xtec.cat\/aulahospitalariagtp\/wp-json\/wp\/v2\/posts"}],"about":[{"href":"https:\/\/agora.xtec.cat\/aulahospitalariagtp\/wp-json\/wp\/v2\/types\/post"}],"author":[{"embeddable":true,"href":"https:\/\/agora.xtec.cat\/aulahospitalariagtp\/wp-json\/wp\/v2\/users\/3"}],"replies":[{"embeddable":true,"href":"https:\/\/agora.xtec.cat\/aulahospitalariagtp\/wp-json\/wp\/v2\/comments?post=4565"}],"version-history":[{"count":1,"href":"https:\/\/agora.xtec.cat\/aulahospitalariagtp\/wp-json\/wp\/v2\/posts\/4565\/revisions"}],"predecessor-version":[{"id":5066,"href":"https:\/\/agora.xtec.cat\/aulahospitalariagtp\/wp-json\/wp\/v2\/posts\/4565\/revisions\/5066"}],"wp:attachment":[{"href":"https:\/\/agora.xtec.cat\/aulahospitalariagtp\/wp-json\/wp\/v2\/media?parent=4565"}],"wp:term":[{"taxonomy":"category","embeddable":true,"href":"https:\/\/agora.xtec.cat\/aulahospitalariagtp\/wp-json\/wp\/v2\/categories?post=4565"},{"taxonomy":"post_tag","embeddable":true,"href":"https:\/\/agora.xtec.cat\/aulahospitalariagtp\/wp-json\/wp\/v2\/tags?post=4565"}],"curies":[{"name":"wp","href":"https:\/\/api.w.org\/{rel}","templated":true}]}}