{"id":4542,"date":"2015-10-15T13:46:26","date_gmt":"2015-10-15T11:46:26","guid":{"rendered":"http:\/\/blocs.xtec.cat\/aulahospitalariagtp1516\/?p=4542"},"modified":"2016-09-10T12:43:09","modified_gmt":"2016-09-10T11:43:09","slug":"un-mati-magic","status":"publish","type":"post","link":"https:\/\/agora.xtec.cat\/aulahospitalariagtp\/treballs-a-laula\/un-mati-magic\/","title":{"rendered":"UN MAT\u00cd M\u00c0GIC"},"content":{"rendered":"<p>Avui dia 14 d\u2019octubre del 2015, ha vingut el mac Adan Xou, a fer-nos uns trucs de m\u00e0gia molt xulos e interessants. Tots reiem \u00a0perqu\u00e8 eren molt divertits.<\/p>\n<p>A mi m\u2019 ha fet un truc molt original on hem participat molta gent de la sala. Es tractava de tallar una corda per la meitat per\u00f2 les tisores estaven una mica dures, i m&#8217; ha posat una mica de pols m\u00e0gics i ho he tallat amb els dits. Hem posat tots les mans i poc a poc ha anat baixant el nus i el mac Adan me l&#8217; ha donat de record.<\/p>\n<p>Feia desapar\u00e8ixer un mocador, un anell, les cartes&#8230;etc.<\/p>\n<p>Tamb\u00e9 ha fet desapar\u00e8ixer un anell a una dona, a un altre home li ha posat un diari\u00a0a sobre el cap i mentre el mag Adan posava l&#8217; aigua en el diari l&#8217; home no es mullava. Aquest ha sigut l\u2019\u00faltim truc, esperem que torni un altre cop aquest mag tan fant\u00e0stic. \u00a0 T&#8217;esperem Adan Xou!<\/p>\n<p>Naiara (13 anys)<\/p>\n<p>Aqu\u00ed ten\u00edu unes imatges d&#8217; aquell dia i la meva companya Carla us dir\u00e0 si li ha agradat o no.<\/p>\n<p><iframe loading=\"lazy\" src=\"http:\/\/photopeach.com\/embed\/e62v0x\" width=\"445\" height=\"296\" frameborder=\"0\" allowfullscreen=\"allowfullscreen\"><\/iframe><\/p>\n<p>Avui ha vingut un mag a l\u2019escola de l\u2019hospital. Ha fet molts trucs de m\u00e0gia per\u00f2 el que m\u2019ha agradat m\u00e9s ha sigut el truc del paper i el de la corda.<\/p>\n<p>El truc del paper consistia en que un voluntari trencava el paper i el mag ho reconstru\u00efa, despr\u00e8s feia una rosa amb el paper, ien\u00a0 el truc de la corda un voluntari tallava la corda amb els seus dits! seguidament feia un nus a la corda i el desfeia amb les mans de molts nens.<\/p>\n<p>Aquest espectacle ens ha fet oblidar que estem malalts i ens hem alegrat tots al veure la m\u00e0gia.<\/p>\n<p>Carla (11 anys)<\/p>\n","protected":false},"excerpt":{"rendered":"<p>Avui dia 14 d\u2019octubre del 2015, ha vingut el mac Adan Xou, a fer-nos uns trucs de m\u00e0gia molt xulos e interessants. Tots reiem \u00a0perqu\u00e8 eren molt divertits. A mi m\u2019 ha fet un truc molt original on hem participat molta gent de la sala. Es tractava de tallar una corda per la meitat per\u00f2 [&hellip;]<\/p>\n","protected":false},"author":3,"featured_media":0,"comment_status":"open","ping_status":"open","sticky":false,"template":"","format":"standard","meta":{"_bbp_topic_count":0,"_bbp_reply_count":0,"_bbp_total_topic_count":0,"_bbp_total_reply_count":0,"_bbp_voice_count":0,"_bbp_anonymous_reply_count":0,"_bbp_topic_count_hidden":0,"_bbp_reply_count_hidden":0,"_bbp_forum_subforum_count":0,"site-sidebar-layout":"default","site-content-layout":"","ast-site-content-layout":"","site-content-style":"default","site-sidebar-style":"default","ast-global-header-display":"","ast-banner-title-visibility":"","ast-main-header-display":"","ast-hfb-above-header-display":"","ast-hfb-below-header-display":"","ast-hfb-mobile-header-display":"","site-post-title":"","ast-breadcrumbs-content":"","ast-featured-img":"","footer-sml-layout":"","theme-transparent-header-meta":"","adv-header-id-meta":"","stick-header-meta":"","header-above-stick-meta":"","header-main-stick-meta":"","header-below-stick-meta":"","astra-migrate-meta-layouts":"default","ast-page-background-enabled":"default","ast-page-background-meta":{"desktop":{"background-color":"var(--ast-global-color-4)","background-image":"","background-repeat":"repeat","background-position":"center center","background-size":"auto","background-attachment":"scroll","background-type":"","background-media":"","overlay-type":"","overlay-color":"","overlay-opacity":"","overlay-gradient":""},"tablet":{"background-color":"","background-image":"","background-repeat":"repeat","background-position":"center center","background-size":"auto","background-attachment":"scroll","background-type":"","background-media":"","overlay-type":"","overlay-color":"","overlay-opacity":"","overlay-gradient":""},"mobile":{"background-color":"","background-image":"","background-repeat":"repeat","background-position":"center center","background-size":"auto","background-attachment":"scroll","background-type":"","background-media":"","overlay-type":"","overlay-color":"","overlay-opacity":"","overlay-gradient":""}},"ast-content-background-meta":{"desktop":{"background-color":"var(--ast-global-color-5)","background-image":"","background-repeat":"repeat","background-position":"center center","background-size":"auto","background-attachment":"scroll","background-type":"","background-media":"","overlay-type":"","overlay-color":"","overlay-opacity":"","overlay-gradient":""},"tablet":{"background-color":"var(--ast-global-color-5)","background-image":"","background-repeat":"repeat","background-position":"center center","background-size":"auto","background-attachment":"scroll","background-type":"","background-media":"","overlay-type":"","overlay-color":"","overlay-opacity":"","overlay-gradient":""},"mobile":{"background-color":"var(--ast-global-color-5)","background-image":"","background-repeat":"repeat","background-position":"center center","background-size":"auto","background-attachment":"scroll","background-type":"","background-media":"","overlay-type":"","overlay-color":"","overlay-opacity":"","overlay-gradient":""}},"footnotes":""},"categories":[92,97,94,69],"tags":[],"class_list":["post-4542","post","type-post","status-publish","format-standard","hentry","category-activitats-obertes","category-curs-2015-16","category-ens-visiten","category-treballs-a-laula"],"post_mailing_queue_ids":[],"_links":{"self":[{"href":"https:\/\/agora.xtec.cat\/aulahospitalariagtp\/wp-json\/wp\/v2\/posts\/4542","targetHints":{"allow":["GET"]}}],"collection":[{"href":"https:\/\/agora.xtec.cat\/aulahospitalariagtp\/wp-json\/wp\/v2\/posts"}],"about":[{"href":"https:\/\/agora.xtec.cat\/aulahospitalariagtp\/wp-json\/wp\/v2\/types\/post"}],"author":[{"embeddable":true,"href":"https:\/\/agora.xtec.cat\/aulahospitalariagtp\/wp-json\/wp\/v2\/users\/3"}],"replies":[{"embeddable":true,"href":"https:\/\/agora.xtec.cat\/aulahospitalariagtp\/wp-json\/wp\/v2\/comments?post=4542"}],"version-history":[{"count":1,"href":"https:\/\/agora.xtec.cat\/aulahospitalariagtp\/wp-json\/wp\/v2\/posts\/4542\/revisions"}],"predecessor-version":[{"id":5030,"href":"https:\/\/agora.xtec.cat\/aulahospitalariagtp\/wp-json\/wp\/v2\/posts\/4542\/revisions\/5030"}],"wp:attachment":[{"href":"https:\/\/agora.xtec.cat\/aulahospitalariagtp\/wp-json\/wp\/v2\/media?parent=4542"}],"wp:term":[{"taxonomy":"category","embeddable":true,"href":"https:\/\/agora.xtec.cat\/aulahospitalariagtp\/wp-json\/wp\/v2\/categories?post=4542"},{"taxonomy":"post_tag","embeddable":true,"href":"https:\/\/agora.xtec.cat\/aulahospitalariagtp\/wp-json\/wp\/v2\/tags?post=4542"}],"curies":[{"name":"wp","href":"https:\/\/api.w.org\/{rel}","templated":true}]}}