{"id":1161,"date":"2023-04-25T16:26:59","date_gmt":"2023-04-25T14:26:59","guid":{"rendered":"https:\/\/agora.xtec.cat\/afalaseu\/?p=1161"},"modified":"2023-04-25T23:47:17","modified_gmt":"2023-04-25T21:47:17","slug":"visita-a-la-biblioteca-sant-agusti","status":"publish","type":"post","link":"https:\/\/agora.xtec.cat\/afalaseu\/general\/portada\/visita-a-la-biblioteca-sant-agusti\/","title":{"rendered":"Visita a la biblioteca Sant Agust\u00ed"},"content":{"rendered":"<div class=\"css-1dbjc4n\">\n<div class=\"css-1dbjc4n r-1s2bzr4\">\n<div id=\"id__gm72yhowhn5\" class=\"css-901oao r-18jsvk2 r-37j5jr r-1inkyih r-16dba41 r-rjixqe r-bcqeeo r-bnwqim r-qvutc0\" dir=\"auto\" lang=\"ca\" style=\"text-align: justify;\" data-testid=\"tweetText\"><span class=\"css-901oao css-16my406 r-poiln3 r-bcqeeo r-qvutc0\">Dins els actes de la setmana cultural del CFA, aquesta tarda hem visitat l&#8217;exposici\u00f3 Hist\u00f2ries i camins a la biblioteca Sant Agust\u00ed. Gr\u00e0cies, Noem\u00ed, per les teves explicacions i Lourdes, per la teva atenci\u00f3.<\/span><\/div>\n<\/div>\n<div dir=\"auto\" lang=\"ca\" data-testid=\"tweetText\"><\/div>\n<div class=\"css-1dbjc4n r-1s2bzr4\">\n<div dir=\"auto\" lang=\"ca\" data-testid=\"tweetText\"><img loading=\"lazy\" decoding=\"async\" class=\"aligncenter\" src=\"https:\/\/pbs.twimg.com\/media\/Fufb-NgXoAEU_Pz?format=jpg&amp;name=large\" alt=\"Imatge\" width=\"659\" height=\"371\" \/><\/div>\n<div dir=\"auto\" lang=\"ca\" data-testid=\"tweetText\"><\/div>\n<\/div>\n<\/div>\n<div dir=\"auto\" lang=\"ca\" data-testid=\"tweetText\"><\/div>\n<div dir=\"auto\" lang=\"ca\" data-testid=\"tweetText\"><\/div>\n<div class=\"css-1dbjc4n\">\n<div id=\"id__ynkn7phbty\" class=\"css-1dbjc4n r-1ssbvtb r-1s2bzr4\" aria-labelledby=\"id__06vesmiup0cy id__2irwi0aekv5\">\n<div class=\"css-1dbjc4n r-9aw3ui\">\n<div class=\"css-1dbjc4n\">\n<div class=\"css-1dbjc4n r-1ets6dv r-1867qdf r-1phboty r-rs99b7 r-1ny4l3l r-1udh08x r-o7ynqc r-6416eg\">\n<div class=\"css-1dbjc4n\">\n<div class=\"css-1dbjc4n r-16y2uox r-1pi2tsx r-13qz1uu\">\n<div class=\"css-1dbjc4n r-1adg3ll r-1udh08x\">\n<div class=\"r-1p0dtai r-1pi2tsx r-1d2f490 r-u8s1d r-ipm5af r-13qz1uu\">\n<div class=\"css-1dbjc4n r-1p0dtai r-1mlwlqe r-1d2f490 r-11wrixw r-61z16t r-1udh08x r-u8s1d r-zchlnj r-ipm5af r-417010\" aria-label=\"Imatge\" data-testid=\"tweetPhoto\">\n<div class=\"css-1dbjc4n r-1niwhzg r-vvn4in r-u6sd8q r-4gszlv r-1p0dtai r-1pi2tsx r-1d2f490 r-u8s1d r-zchlnj r-ipm5af r-13qz1uu r-1wyyakw\"><\/div>\n<p><img loading=\"lazy\" decoding=\"async\" class=\"css-9pa8cd aligncenter\" draggable=\"true\" src=\"https:\/\/pbs.twimg.com\/media\/FufbEoCXoAIsIop?format=jpg&amp;name=small\" alt=\"Imatge\" width=\"655\" height=\"369\" \/><\/p>\n<\/div>\n<\/div>\n<\/div>\n<\/div>\n<\/div>\n<\/div>\n<\/div>\n<\/div>\n<\/div>\n<\/div>\n","protected":false},"excerpt":{"rendered":"<p>Dins els actes de la setmana cultural del CFA, aquesta tarda hem visitat l&#8217;exposici\u00f3 Hist\u00f2ries i camins a la biblioteca Sant Agust\u00ed. Gr\u00e0cies, Noem\u00ed, per les teves explicacions i Lourdes, per la teva atenci\u00f3.<\/p>\n","protected":false},"author":1,"featured_media":0,"comment_status":"open","ping_status":"closed","sticky":false,"template":"","format":"standard","meta":{"_bbp_topic_count":0,"_bbp_reply_count":0,"_bbp_total_topic_count":0,"_bbp_total_reply_count":0,"_bbp_voice_count":0,"_bbp_anonymous_reply_count":0,"_bbp_topic_count_hidden":0,"_bbp_reply_count_hidden":0,"_bbp_forum_subforum_count":0,"footnotes":""},"categories":[83,29],"tags":[94],"class_list":["post-1161","post","type-post","status-publish","format-standard","hentry","category-activitats","category-portada","tag-setmana-cultural"],"post_mailing_queue_ids":[],"_links":{"self":[{"href":"https:\/\/agora.xtec.cat\/afalaseu\/wp-json\/wp\/v2\/posts\/1161","targetHints":{"allow":["GET"]}}],"collection":[{"href":"https:\/\/agora.xtec.cat\/afalaseu\/wp-json\/wp\/v2\/posts"}],"about":[{"href":"https:\/\/agora.xtec.cat\/afalaseu\/wp-json\/wp\/v2\/types\/post"}],"author":[{"embeddable":true,"href":"https:\/\/agora.xtec.cat\/afalaseu\/wp-json\/wp\/v2\/users\/1"}],"replies":[{"embeddable":true,"href":"https:\/\/agora.xtec.cat\/afalaseu\/wp-json\/wp\/v2\/comments?post=1161"}],"version-history":[{"count":3,"href":"https:\/\/agora.xtec.cat\/afalaseu\/wp-json\/wp\/v2\/posts\/1161\/revisions"}],"predecessor-version":[{"id":1269,"href":"https:\/\/agora.xtec.cat\/afalaseu\/wp-json\/wp\/v2\/posts\/1161\/revisions\/1269"}],"wp:attachment":[{"href":"https:\/\/agora.xtec.cat\/afalaseu\/wp-json\/wp\/v2\/media?parent=1161"}],"wp:term":[{"taxonomy":"category","embeddable":true,"href":"https:\/\/agora.xtec.cat\/afalaseu\/wp-json\/wp\/v2\/categories?post=1161"},{"taxonomy":"post_tag","embeddable":true,"href":"https:\/\/agora.xtec.cat\/afalaseu\/wp-json\/wp\/v2\/tags?post=1161"}],"curies":[{"name":"wp","href":"https:\/\/api.w.org\/{rel}","templated":true}]}}