{"id":2484,"date":"2025-11-28T08:20:54","date_gmt":"2025-11-28T07:20:54","guid":{"rendered":"https:\/\/agora.xtec.cat\/afaesparreguera\/?p=2484"},"modified":"2026-02-25T14:29:10","modified_gmt":"2026-02-25T13:29:10","slug":"%f0%9f%93%98-matricula-oberta-per-al-ges-2n-trimestre","status":"publish","type":"post","link":"https:\/\/agora.xtec.cat\/afaesparreguera\/general\/%f0%9f%93%98-matricula-oberta-per-al-ges-2n-trimestre\/","title":{"rendered":"\ud83d\udcd8 Matr\u00edcula oberta per al GES \u2013 3r trimestre"},"content":{"rendered":"<p data-start=\"88\" data-end=\"329\"><strong>A partir del proper 3 de mar\u00e7 <\/strong>s&#8217;obre per\u00edode de matriculaci\u00f3 de l&#8217;ensenyament del <strong>GES<\/strong> (Graduat en Educaci\u00f3 Secund\u00e0ria) \u2014 <em>equivalent al Graduat en Educaci\u00f3 Secund\u00e0ria Obligat\u00f2ria (ESO) per a persones adultes.<\/em><\/p>\n<p data-start=\"88\" data-end=\"329\">Podeu formalitzar la matr\u00edcula presencialment a l&#8217;escola dins el seg\u00fcent horari d\u2019atenci\u00f3 al p\u00fablic:<\/p>\n<p data-start=\"331\" data-end=\"485\"><img loading=\"lazy\" decoding=\"async\" class=\"aligncenter wp-image-2470\" src=\"https:\/\/agora.xtec.cat\/afaesparreguera\/wp-content\/uploads\/usu364\/2025\/09\/Captura-de-pantalla-2025-09-23-a-las-10.33.12.png\" alt=\"\" width=\"742\" height=\"190\" srcset=\"https:\/\/agora.xtec.cat\/afaesparreguera\/wp-content\/uploads\/usu364\/2025\/09\/Captura-de-pantalla-2025-09-23-a-las-10.33.12.png 1156w, https:\/\/agora.xtec.cat\/afaesparreguera\/wp-content\/uploads\/usu364\/2025\/09\/Captura-de-pantalla-2025-09-23-a-las-10.33.12-300x77.png 300w, https:\/\/agora.xtec.cat\/afaesparreguera\/wp-content\/uploads\/usu364\/2025\/09\/Captura-de-pantalla-2025-09-23-a-las-10.33.12-1024x262.png 1024w, https:\/\/agora.xtec.cat\/afaesparreguera\/wp-content\/uploads\/usu364\/2025\/09\/Captura-de-pantalla-2025-09-23-a-las-10.33.12-768x197.png 768w\" sizes=\"auto, (max-width: 742px) 100vw, 742px\" \/><\/p>\n<p data-start=\"487\" data-end=\"718\"><strong data-start=\"487\" data-end=\"508\">\ud83c\udf93 Qu\u00e8 \u00e9s el GES?<\/strong><\/p>\n<ul>\n<li style=\"list-style-type: none;\">\n<ul>\n<li style=\"list-style-type: none;\">\n<ul>\n<li data-start=\"177\" data-end=\"330\">El GES \u00e9s la titulaci\u00f3 de secund\u00e0ria per a persones adultes, equivalent a l\u2019Educaci\u00f3 Secund\u00e0ria Obligat\u00f2ria (ESO).<\/li>\n<li data-start=\"333\" data-end=\"584\">S\u2019adre\u00e7a especialment a persones majors de 18 anys (o que els facin durant l\u2019any natural) sense l\u2019ESO aprovada, i tamb\u00e9 s&#8217;hi pot accedir en casos especials a majors de 16 anys que compleixin determinades condicions.<\/li>\n<li>Superar el GES permet obtenir el t\u00edtol oficial de secund\u00e0ria per a adults, cosa que obre la porta per continuar estudis (per exemple, cicles formatius de grau mitj\u00e0) o millorar oportunitats laborals.<\/li>\n<\/ul>\n<\/li>\n<\/ul>\n<\/li>\n<\/ul>\n<p>\ud83d\udcdd Sol\u00b7licita informaci\u00f3 al tel\u00e8fon <strong data-start=\"98\" data-end=\"114\">93 777 60 43<\/strong>, al correu <strong data-start=\"126\" data-end=\"147\"><a class=\"decorated-link cursor-pointer\" rel=\"noopener\" data-start=\"128\" data-end=\"145\">a8063618@xtec.cat<\/a><\/strong>, o presencialment dins l\u2019horari d\u2019atenci\u00f3 al p\u00fablic.<\/p>\n<p data-start=\"418\" data-end=\"696\">\n","protected":false},"excerpt":{"rendered":"<p>A partir del proper 3 de mar\u00e7 s&#8217;obre per\u00edode de matriculaci\u00f3 de l&#8217;ensenyament del GES (Graduat en Educaci\u00f3 Secund\u00e0ria) \u2014 equivalent al Graduat en Educaci\u00f3 Secund\u00e0ria Obligat\u00f2ria (ESO) per a persones adultes.<br \/>\nPodeu formalitzar la matr\u00edcula presencialment a l&#8217;escola dins el seg\u00fcent horari d\u2019atenci\u00f3 al p\u00fablic:<\/p>\n<p>\ud83c\udf93&hellip;  <a href=\"https:\/\/agora.xtec.cat\/afaesparreguera\/general\/%f0%9f%93%98-matricula-oberta-per-al-ges-2n-trimestre\/\" title=\"Read \ud83d\udcd8 Matr\u00edcula oberta per al GES \u2013 3r trimestre\">Llegeix m\u00e9s\u00bb<\/a><\/p>\n","protected":false},"author":1,"featured_media":2491,"comment_status":"open","ping_status":"open","sticky":false,"template":"","format":"standard","meta":{"_bbp_topic_count":0,"_bbp_reply_count":0,"_bbp_total_topic_count":0,"_bbp_total_reply_count":0,"_bbp_voice_count":0,"_bbp_anonymous_reply_count":0,"_bbp_topic_count_hidden":0,"_bbp_reply_count_hidden":0,"_bbp_forum_subforum_count":0,"footnotes":""},"categories":[32,1,111,29,56],"tags":[],"class_list":["post-2484","post","type-post","status-publish","format-standard","has-post-thumbnail","hentry","category-estudis","category-general","category-inici","category-portada","category-portes-obertes"],"post_mailing_queue_ids":[],"_links":{"self":[{"href":"https:\/\/agora.xtec.cat\/afaesparreguera\/wp-json\/wp\/v2\/posts\/2484","targetHints":{"allow":["GET"]}}],"collection":[{"href":"https:\/\/agora.xtec.cat\/afaesparreguera\/wp-json\/wp\/v2\/posts"}],"about":[{"href":"https:\/\/agora.xtec.cat\/afaesparreguera\/wp-json\/wp\/v2\/types\/post"}],"author":[{"embeddable":true,"href":"https:\/\/agora.xtec.cat\/afaesparreguera\/wp-json\/wp\/v2\/users\/1"}],"replies":[{"embeddable":true,"href":"https:\/\/agora.xtec.cat\/afaesparreguera\/wp-json\/wp\/v2\/comments?post=2484"}],"version-history":[{"count":4,"href":"https:\/\/agora.xtec.cat\/afaesparreguera\/wp-json\/wp\/v2\/posts\/2484\/revisions"}],"predecessor-version":[{"id":2490,"href":"https:\/\/agora.xtec.cat\/afaesparreguera\/wp-json\/wp\/v2\/posts\/2484\/revisions\/2490"}],"wp:featuredmedia":[{"embeddable":true,"href":"https:\/\/agora.xtec.cat\/afaesparreguera\/wp-json\/wp\/v2\/media\/2491"}],"wp:attachment":[{"href":"https:\/\/agora.xtec.cat\/afaesparreguera\/wp-json\/wp\/v2\/media?parent=2484"}],"wp:term":[{"taxonomy":"category","embeddable":true,"href":"https:\/\/agora.xtec.cat\/afaesparreguera\/wp-json\/wp\/v2\/categories?post=2484"},{"taxonomy":"post_tag","embeddable":true,"href":"https:\/\/agora.xtec.cat\/afaesparreguera\/wp-json\/wp\/v2\/tags?post=2484"}],"curies":[{"name":"wp","href":"https:\/\/api.w.org\/{rel}","templated":true}]}}