{"id":1513,"date":"2021-09-01T16:50:00","date_gmt":"2021-09-01T14:50:00","guid":{"rendered":"https:\/\/agora.xtec.cat\/afacmeridiana\/?p=1513"},"modified":"2025-09-18T16:51:47","modified_gmt":"2025-09-18T14:51:47","slug":"oferta-educativa-autoritzada-curs-2021-2022","status":"publish","type":"post","link":"https:\/\/agora.xtec.cat\/afacmeridiana\/portada\/oferta-educativa-autoritzada-curs-2021-2022\/","title":{"rendered":"OFERTA EDUCATIVA AUTORITZADA CURS 2021 &#8211; 2022"},"content":{"rendered":"\n<p>Si vols estudiar catal\u00e0, castell\u00e0, angl\u00e8s, obtenir el t\u00edtol de l\u2019ESO, o b\u00e9 vols aprendre inform\u00e0tica i aconseguir els certificats Competic, equivalents als certificats ACTIC, vine a l&#8217;escola!<\/p>\n\n\n\n<h4 class=\"wp-block-heading\"><strong>Matr\u00edcula oberta al llarg del curs.<\/strong><\/h4>\n\n\n\n<p>Horari de matriculaci\u00f3: <strong>De dilluns a divendres de 16 a 20h.<\/strong><\/p>\n\n\n\n<p>Truca al tel\u00e8fon: <strong>933594566<\/strong><\/p>\n\n\n\n<p>Tamb\u00e9 pots enviar un correu electr\u00f2nic a la seg\u00fcent adre\u00e7a:<strong> a8062109@xtec.cat<\/strong><\/p>\n\n\n\n<ul class=\"wp-block-list\">\n<li><br><h2><strong>Calendari escolar<br><\/strong><\/h2><br><\/li>\n<\/ul>\n\n\n\n<p>1 de setembre del 2021: inici activitats professorat.<br><strong>20 de setembre del 2021<\/strong>: inici de les classes.<\/p>\n\n\n\n<p>Del <strong>23 de desembre del 2021<\/strong> al <strong>7 de gener del 2022<\/strong>: vacances de Nadal.<br>Del <strong>11 d\u2019abril del 2022<\/strong> <strong>al 18 d\u2019abril de 2022<\/strong>: vacances de Setmana Santa.<br><strong>22<\/strong><strong> de juny del 2022<\/strong>: acaben les classes a tots els centres.<br>No abans del <strong>30 de juny:&nbsp; <\/strong>acabament activitats professorat.<\/p>\n\n\n\n<p>Els dies festius de lliure disposici\u00f3 escollits per a aquest curs s\u00f3n:<\/p>\n\n\n\n<p><strong>7 de desembre de 2021<\/strong><\/p>\n\n\n\n<p><strong>28 de febrer de 2022<\/strong><\/p>\n\n\n\n<p><strong>3 de juny de 2022<\/strong><\/p>\n\n\n\n<h3 class=\"wp-block-heading\"><span style=\"color: #ff0000;\">25 de novembre<\/span><\/h3>\n","protected":false},"excerpt":{"rendered":"<p>Si vols estudiar catal\u00e0, castell\u00e0, angl\u00e8s, obtenir el t\u00edtol de l\u2019ESO, o b\u00e9 vols aprendre inform\u00e0tica i aconseguir els certificats Competic, equivalents als certificats ACTIC, vine a l&#8217;escola! Matr\u00edcula oberta al llarg del curs. Horari de matriculaci\u00f3: De dilluns a divendres de 16 a 20h. Truca al tel\u00e8fon: 933594566 Tamb\u00e9 pots enviar un correu electr\u00f2nic [&hellip;]<\/p>\n","protected":false},"author":1,"featured_media":0,"comment_status":"open","ping_status":"open","sticky":false,"template":"","format":"standard","meta":{"_bbp_topic_count":0,"_bbp_reply_count":0,"_bbp_total_topic_count":0,"_bbp_total_reply_count":0,"_bbp_voice_count":0,"_bbp_anonymous_reply_count":0,"_bbp_topic_count_hidden":0,"_bbp_reply_count_hidden":0,"_bbp_forum_subforum_count":0,"site-sidebar-layout":"default","site-content-layout":"","ast-site-content-layout":"","site-content-style":"default","site-sidebar-style":"default","ast-global-header-display":"","ast-banner-title-visibility":"","ast-main-header-display":"","ast-hfb-above-header-display":"","ast-hfb-below-header-display":"","ast-hfb-mobile-header-display":"","site-post-title":"","ast-breadcrumbs-content":"","ast-featured-img":"","footer-sml-layout":"","theme-transparent-header-meta":"","adv-header-id-meta":"","stick-header-meta":"","header-above-stick-meta":"","header-main-stick-meta":"","header-below-stick-meta":"","astra-migrate-meta-layouts":"default","ast-page-background-enabled":"default","ast-page-background-meta":{"desktop":{"background-color":"var(--ast-global-color-4)","background-image":"","background-repeat":"repeat","background-position":"center center","background-size":"auto","background-attachment":"scroll","background-type":"","background-media":"","overlay-type":"","overlay-color":"","overlay-opacity":"","overlay-gradient":""},"tablet":{"background-color":"","background-image":"","background-repeat":"repeat","background-position":"center center","background-size":"auto","background-attachment":"scroll","background-type":"","background-media":"","overlay-type":"","overlay-color":"","overlay-opacity":"","overlay-gradient":""},"mobile":{"background-color":"","background-image":"","background-repeat":"repeat","background-position":"center center","background-size":"auto","background-attachment":"scroll","background-type":"","background-media":"","overlay-type":"","overlay-color":"","overlay-opacity":"","overlay-gradient":""}},"ast-content-background-meta":{"desktop":{"background-color":"var(--ast-global-color-5)","background-image":"","background-repeat":"repeat","background-position":"center center","background-size":"auto","background-attachment":"scroll","background-type":"","background-media":"","overlay-type":"","overlay-color":"","overlay-opacity":"","overlay-gradient":""},"tablet":{"background-color":"var(--ast-global-color-5)","background-image":"","background-repeat":"repeat","background-position":"center center","background-size":"auto","background-attachment":"scroll","background-type":"","background-media":"","overlay-type":"","overlay-color":"","overlay-opacity":"","overlay-gradient":""},"mobile":{"background-color":"var(--ast-global-color-5)","background-image":"","background-repeat":"repeat","background-position":"center center","background-size":"auto","background-attachment":"scroll","background-type":"","background-media":"","overlay-type":"","overlay-color":"","overlay-opacity":"","overlay-gradient":""}},"footnotes":""},"categories":[29],"tags":[],"class_list":["post-1513","post","type-post","status-publish","format-standard","hentry","category-portada"],"post_mailing_queue_ids":[],"_links":{"self":[{"href":"https:\/\/agora.xtec.cat\/afacmeridiana\/wp-json\/wp\/v2\/posts\/1513","targetHints":{"allow":["GET"]}}],"collection":[{"href":"https:\/\/agora.xtec.cat\/afacmeridiana\/wp-json\/wp\/v2\/posts"}],"about":[{"href":"https:\/\/agora.xtec.cat\/afacmeridiana\/wp-json\/wp\/v2\/types\/post"}],"author":[{"embeddable":true,"href":"https:\/\/agora.xtec.cat\/afacmeridiana\/wp-json\/wp\/v2\/users\/1"}],"replies":[{"embeddable":true,"href":"https:\/\/agora.xtec.cat\/afacmeridiana\/wp-json\/wp\/v2\/comments?post=1513"}],"version-history":[{"count":1,"href":"https:\/\/agora.xtec.cat\/afacmeridiana\/wp-json\/wp\/v2\/posts\/1513\/revisions"}],"predecessor-version":[{"id":1514,"href":"https:\/\/agora.xtec.cat\/afacmeridiana\/wp-json\/wp\/v2\/posts\/1513\/revisions\/1514"}],"wp:attachment":[{"href":"https:\/\/agora.xtec.cat\/afacmeridiana\/wp-json\/wp\/v2\/media?parent=1513"}],"wp:term":[{"taxonomy":"category","embeddable":true,"href":"https:\/\/agora.xtec.cat\/afacmeridiana\/wp-json\/wp\/v2\/categories?post=1513"},{"taxonomy":"post_tag","embeddable":true,"href":"https:\/\/agora.xtec.cat\/afacmeridiana\/wp-json\/wp\/v2\/tags?post=1513"}],"curies":[{"name":"wp","href":"https:\/\/api.w.org\/{rel}","templated":true}]}}