{"id":1496,"date":"2022-06-18T16:42:00","date_gmt":"2022-06-18T14:42:00","guid":{"rendered":"https:\/\/agora.xtec.cat\/afacmeridiana\/?p=1496"},"modified":"2025-09-18T16:42:57","modified_gmt":"2025-09-18T14:42:57","slug":"preinscripcio-curs-2022-23","status":"publish","type":"post","link":"https:\/\/agora.xtec.cat\/afacmeridiana\/portada\/preinscripcio-curs-2022-23\/","title":{"rendered":"Preinscripci\u00f3 Curs 2022-23"},"content":{"rendered":"\n<p>Del 21 al 29 de juny de 15 a 20 hores.<\/p>\n\n\n\n<p><strong>PER A FER LA PREINSCRIPCI\u00d3 CAL PORTAR FOTOC\u00d2PIA DE DNI, NIE O PASSAPORT I DE LA TARGETA SANIT\u00c0RIA O DE CERTIFICATS EN EL CAS D\u2019HAVER ESTUDIAT PR\u00c8VIAMENT A UNA ESCOLA D\u2019ADULTS O TENIR CERTIFICAT ACTIC<\/strong> O COMPETIC.<\/p>\n\n\n\n<p><figure><a href=\"https:\/\/agora.xtec.cat\/afacmeridiana\/wp-content\/uploads\/usu1949\/2022\/06\/cartell_consorci_curs-22-23.png\"><img loading=\"lazy\" decoding=\"async\" width=\"485\" height=\"672\" class=\"wp-image-865 aligncenter\" src=\"https:\/\/agora.xtec.cat\/afacmeridiana\/wp-content\/uploads\/usu1949\/2022\/06\/cartell_consorci_curs-22-23-739x1024.png\" alt=\"\" srcset=\"https:\/\/agora.xtec.cat\/afacmeridiana\/wp-content\/uploads\/usu1949\/2022\/06\/cartell_consorci_curs-22-23-739x1024.png 739w, https:\/\/agora.xtec.cat\/afacmeridiana\/wp-content\/uploads\/usu1949\/2022\/06\/cartell_consorci_curs-22-23-216x300.png 216w, https:\/\/agora.xtec.cat\/afacmeridiana\/wp-content\/uploads\/usu1949\/2022\/06\/cartell_consorci_curs-22-23-768x1065.png 768w, https:\/\/agora.xtec.cat\/afacmeridiana\/wp-content\/uploads\/usu1949\/2022\/06\/cartell_consorci_curs-22-23-1108x1536.png 1108w, https:\/\/agora.xtec.cat\/afacmeridiana\/wp-content\/uploads\/usu1949\/2022\/06\/cartell_consorci_curs-22-23-1477x2048.png 1477w, https:\/\/agora.xtec.cat\/afacmeridiana\/wp-content\/uploads\/usu1949\/2022\/06\/cartell_consorci_curs-22-23.png 1666w\" sizes=\"auto, (max-width: 485px) 100vw, 485px\" \/><\/a><\/figure><\/p>\n","protected":false},"excerpt":{"rendered":"<p>Del 21 al 29 de juny de 15 a 20 hores. PER A FER LA PREINSCRIPCI\u00d3 CAL PORTAR FOTOC\u00d2PIA DE DNI, NIE O PASSAPORT I DE LA TARGETA SANIT\u00c0RIA O DE CERTIFICATS EN EL CAS D\u2019HAVER ESTUDIAT PR\u00c8VIAMENT A UNA ESCOLA D\u2019ADULTS O TENIR CERTIFICAT ACTIC O COMPETIC.<\/p>\n","protected":false},"author":1,"featured_media":0,"comment_status":"open","ping_status":"open","sticky":false,"template":"","format":"standard","meta":{"_bbp_topic_count":0,"_bbp_reply_count":0,"_bbp_total_topic_count":0,"_bbp_total_reply_count":0,"_bbp_voice_count":0,"_bbp_anonymous_reply_count":0,"_bbp_topic_count_hidden":0,"_bbp_reply_count_hidden":0,"_bbp_forum_subforum_count":0,"site-sidebar-layout":"default","site-content-layout":"","ast-site-content-layout":"","site-content-style":"default","site-sidebar-style":"default","ast-global-header-display":"","ast-banner-title-visibility":"","ast-main-header-display":"","ast-hfb-above-header-display":"","ast-hfb-below-header-display":"","ast-hfb-mobile-header-display":"","site-post-title":"","ast-breadcrumbs-content":"","ast-featured-img":"","footer-sml-layout":"","theme-transparent-header-meta":"","adv-header-id-meta":"","stick-header-meta":"","header-above-stick-meta":"","header-main-stick-meta":"","header-below-stick-meta":"","astra-migrate-meta-layouts":"default","ast-page-background-enabled":"default","ast-page-background-meta":{"desktop":{"background-color":"var(--ast-global-color-4)","background-image":"","background-repeat":"repeat","background-position":"center center","background-size":"auto","background-attachment":"scroll","background-type":"","background-media":"","overlay-type":"","overlay-color":"","overlay-opacity":"","overlay-gradient":""},"tablet":{"background-color":"","background-image":"","background-repeat":"repeat","background-position":"center center","background-size":"auto","background-attachment":"scroll","background-type":"","background-media":"","overlay-type":"","overlay-color":"","overlay-opacity":"","overlay-gradient":""},"mobile":{"background-color":"","background-image":"","background-repeat":"repeat","background-position":"center center","background-size":"auto","background-attachment":"scroll","background-type":"","background-media":"","overlay-type":"","overlay-color":"","overlay-opacity":"","overlay-gradient":""}},"ast-content-background-meta":{"desktop":{"background-color":"var(--ast-global-color-5)","background-image":"","background-repeat":"repeat","background-position":"center center","background-size":"auto","background-attachment":"scroll","background-type":"","background-media":"","overlay-type":"","overlay-color":"","overlay-opacity":"","overlay-gradient":""},"tablet":{"background-color":"var(--ast-global-color-5)","background-image":"","background-repeat":"repeat","background-position":"center center","background-size":"auto","background-attachment":"scroll","background-type":"","background-media":"","overlay-type":"","overlay-color":"","overlay-opacity":"","overlay-gradient":""},"mobile":{"background-color":"var(--ast-global-color-5)","background-image":"","background-repeat":"repeat","background-position":"center center","background-size":"auto","background-attachment":"scroll","background-type":"","background-media":"","overlay-type":"","overlay-color":"","overlay-opacity":"","overlay-gradient":""}},"footnotes":""},"categories":[29],"tags":[],"class_list":["post-1496","post","type-post","status-publish","format-standard","hentry","category-portada"],"post_mailing_queue_ids":[],"_links":{"self":[{"href":"https:\/\/agora.xtec.cat\/afacmeridiana\/wp-json\/wp\/v2\/posts\/1496","targetHints":{"allow":["GET"]}}],"collection":[{"href":"https:\/\/agora.xtec.cat\/afacmeridiana\/wp-json\/wp\/v2\/posts"}],"about":[{"href":"https:\/\/agora.xtec.cat\/afacmeridiana\/wp-json\/wp\/v2\/types\/post"}],"author":[{"embeddable":true,"href":"https:\/\/agora.xtec.cat\/afacmeridiana\/wp-json\/wp\/v2\/users\/1"}],"replies":[{"embeddable":true,"href":"https:\/\/agora.xtec.cat\/afacmeridiana\/wp-json\/wp\/v2\/comments?post=1496"}],"version-history":[{"count":1,"href":"https:\/\/agora.xtec.cat\/afacmeridiana\/wp-json\/wp\/v2\/posts\/1496\/revisions"}],"predecessor-version":[{"id":1497,"href":"https:\/\/agora.xtec.cat\/afacmeridiana\/wp-json\/wp\/v2\/posts\/1496\/revisions\/1497"}],"wp:attachment":[{"href":"https:\/\/agora.xtec.cat\/afacmeridiana\/wp-json\/wp\/v2\/media?parent=1496"}],"wp:term":[{"taxonomy":"category","embeddable":true,"href":"https:\/\/agora.xtec.cat\/afacmeridiana\/wp-json\/wp\/v2\/categories?post=1496"},{"taxonomy":"post_tag","embeddable":true,"href":"https:\/\/agora.xtec.cat\/afacmeridiana\/wp-json\/wp\/v2\/tags?post=1496"}],"curies":[{"name":"wp","href":"https:\/\/api.w.org\/{rel}","templated":true}]}}