{"id":1488,"date":"2022-12-15T17:16:00","date_gmt":"2022-12-15T16:16:00","guid":{"rendered":"https:\/\/agora.xtec.cat\/afacmeridiana\/?p=1488"},"modified":"2025-09-08T17:17:20","modified_gmt":"2025-09-08T15:17:20","slug":"marato-de-tv3","status":"publish","type":"post","link":"https:\/\/agora.xtec.cat\/afacmeridiana\/portada\/marato-de-tv3\/","title":{"rendered":"Marat\u00f3 de TV3"},"content":{"rendered":"\n<p>El passat dimecres 14 de desembre, dintre de les activitats que realitza l\u2019escola, hem participat en la Marat\u00f3 de TV3 que aquest any tractava sobre les malalties c\u00e0rdio-vasculars. Es va projectar un v\u00eddeo-presentaci\u00f3 i va comptar amb la participaci\u00f3 d\u2019una excel\u00b7lent especialista amb la mat\u00e8ria. La finalitat de l\u2019activitat ha estat la de conscienciar sobre el benestar i la salut i animar a adquirir millors h\u00e0bits. El balan\u00e7 va ser molt positiu i l\u2019alumnat va intervenir activament a la sessi\u00f3.<\/p>\n\n\n\n<p><figure><a href=\"https:\/\/agora.xtec.cat\/afacmeridiana\/wp-content\/uploads\/usu1949\/2022\/12\/foto.jpg\"><img loading=\"lazy\" decoding=\"async\" width=\"640\" height=\"480\" class=\"size-full wp-image-931 alignright\" src=\"https:\/\/agora.xtec.cat\/afacmeridiana\/wp-content\/uploads\/usu1949\/2022\/12\/foto.jpg\" alt=\"\" srcset=\"https:\/\/agora.xtec.cat\/afacmeridiana\/wp-content\/uploads\/usu1949\/2022\/12\/foto.jpg 640w, https:\/\/agora.xtec.cat\/afacmeridiana\/wp-content\/uploads\/usu1949\/2022\/12\/foto-300x225.jpg 300w, https:\/\/agora.xtec.cat\/afacmeridiana\/wp-content\/uploads\/usu1949\/2022\/12\/foto-200x150.jpg 200w\" sizes=\"auto, (max-width: 640px) 100vw, 640px\" \/><\/a><\/figure><\/p>\n","protected":false},"excerpt":{"rendered":"<p>El passat dimecres 14 de desembre, dintre de les activitats que realitza l\u2019escola, hem participat en la Marat\u00f3 de TV3 que aquest any tractava sobre les malalties c\u00e0rdio-vasculars. Es va projectar un v\u00eddeo-presentaci\u00f3 i va comptar amb la participaci\u00f3 d\u2019una excel\u00b7lent especialista amb la mat\u00e8ria. La finalitat de l\u2019activitat ha estat la de conscienciar sobre [&hellip;]<\/p>\n","protected":false},"author":1,"featured_media":0,"comment_status":"open","ping_status":"open","sticky":false,"template":"","format":"standard","meta":{"_bbp_topic_count":0,"_bbp_reply_count":0,"_bbp_total_topic_count":0,"_bbp_total_reply_count":0,"_bbp_voice_count":0,"_bbp_anonymous_reply_count":0,"_bbp_topic_count_hidden":0,"_bbp_reply_count_hidden":0,"_bbp_forum_subforum_count":0,"site-sidebar-layout":"default","site-content-layout":"","ast-site-content-layout":"","site-content-style":"default","site-sidebar-style":"default","ast-global-header-display":"","ast-banner-title-visibility":"","ast-main-header-display":"","ast-hfb-above-header-display":"","ast-hfb-below-header-display":"","ast-hfb-mobile-header-display":"","site-post-title":"","ast-breadcrumbs-content":"","ast-featured-img":"","footer-sml-layout":"","theme-transparent-header-meta":"","adv-header-id-meta":"","stick-header-meta":"","header-above-stick-meta":"","header-main-stick-meta":"","header-below-stick-meta":"","astra-migrate-meta-layouts":"default","ast-page-background-enabled":"default","ast-page-background-meta":{"desktop":{"background-color":"var(--ast-global-color-4)","background-image":"","background-repeat":"repeat","background-position":"center center","background-size":"auto","background-attachment":"scroll","background-type":"","background-media":"","overlay-type":"","overlay-color":"","overlay-opacity":"","overlay-gradient":""},"tablet":{"background-color":"","background-image":"","background-repeat":"repeat","background-position":"center center","background-size":"auto","background-attachment":"scroll","background-type":"","background-media":"","overlay-type":"","overlay-color":"","overlay-opacity":"","overlay-gradient":""},"mobile":{"background-color":"","background-image":"","background-repeat":"repeat","background-position":"center center","background-size":"auto","background-attachment":"scroll","background-type":"","background-media":"","overlay-type":"","overlay-color":"","overlay-opacity":"","overlay-gradient":""}},"ast-content-background-meta":{"desktop":{"background-color":"var(--ast-global-color-5)","background-image":"","background-repeat":"repeat","background-position":"center center","background-size":"auto","background-attachment":"scroll","background-type":"","background-media":"","overlay-type":"","overlay-color":"","overlay-opacity":"","overlay-gradient":""},"tablet":{"background-color":"var(--ast-global-color-5)","background-image":"","background-repeat":"repeat","background-position":"center center","background-size":"auto","background-attachment":"scroll","background-type":"","background-media":"","overlay-type":"","overlay-color":"","overlay-opacity":"","overlay-gradient":""},"mobile":{"background-color":"var(--ast-global-color-5)","background-image":"","background-repeat":"repeat","background-position":"center center","background-size":"auto","background-attachment":"scroll","background-type":"","background-media":"","overlay-type":"","overlay-color":"","overlay-opacity":"","overlay-gradient":""}},"footnotes":""},"categories":[29],"tags":[],"class_list":["post-1488","post","type-post","status-publish","format-standard","hentry","category-portada"],"post_mailing_queue_ids":[],"_links":{"self":[{"href":"https:\/\/agora.xtec.cat\/afacmeridiana\/wp-json\/wp\/v2\/posts\/1488","targetHints":{"allow":["GET"]}}],"collection":[{"href":"https:\/\/agora.xtec.cat\/afacmeridiana\/wp-json\/wp\/v2\/posts"}],"about":[{"href":"https:\/\/agora.xtec.cat\/afacmeridiana\/wp-json\/wp\/v2\/types\/post"}],"author":[{"embeddable":true,"href":"https:\/\/agora.xtec.cat\/afacmeridiana\/wp-json\/wp\/v2\/users\/1"}],"replies":[{"embeddable":true,"href":"https:\/\/agora.xtec.cat\/afacmeridiana\/wp-json\/wp\/v2\/comments?post=1488"}],"version-history":[{"count":1,"href":"https:\/\/agora.xtec.cat\/afacmeridiana\/wp-json\/wp\/v2\/posts\/1488\/revisions"}],"predecessor-version":[{"id":1489,"href":"https:\/\/agora.xtec.cat\/afacmeridiana\/wp-json\/wp\/v2\/posts\/1488\/revisions\/1489"}],"wp:attachment":[{"href":"https:\/\/agora.xtec.cat\/afacmeridiana\/wp-json\/wp\/v2\/media?parent=1488"}],"wp:term":[{"taxonomy":"category","embeddable":true,"href":"https:\/\/agora.xtec.cat\/afacmeridiana\/wp-json\/wp\/v2\/categories?post=1488"},{"taxonomy":"post_tag","embeddable":true,"href":"https:\/\/agora.xtec.cat\/afacmeridiana\/wp-json\/wp\/v2\/tags?post=1488"}],"curies":[{"name":"wp","href":"https:\/\/api.w.org\/{rel}","templated":true}]}}