{"id":1403,"date":"2025-03-01T18:21:00","date_gmt":"2025-03-01T17:21:00","guid":{"rendered":"https:\/\/agora.xtec.cat\/afacmeridiana\/?p=1403"},"modified":"2025-09-03T18:22:38","modified_gmt":"2025-09-03T16:22:38","slug":"tanimes-a-venir-a-sitges-amb-lescola","status":"publish","type":"post","link":"https:\/\/agora.xtec.cat\/afacmeridiana\/portada\/tanimes-a-venir-a-sitges-amb-lescola\/","title":{"rendered":"T&#8217;animes a venir a Sitges amb l&#8217;escola?"},"content":{"rendered":"\n<figure class=\"wp-block-image aligncenter\"><img loading=\"lazy\" decoding=\"async\" width=\"1024\" height=\"1024\" src=\"https:\/\/agora.xtec.cat\/afacmeridiana\/wp-content\/uploads\/usu1949\/2025\/02\/Sortida-Sitges_page-0001-1-1024x1024.jpg\" alt=\"\" class=\"wp-image-1320\" srcset=\"https:\/\/agora.xtec.cat\/afacmeridiana\/wp-content\/uploads\/usu1949\/2025\/02\/Sortida-Sitges_page-0001-1-1024x1024.jpg 1024w, https:\/\/agora.xtec.cat\/afacmeridiana\/wp-content\/uploads\/usu1949\/2025\/02\/Sortida-Sitges_page-0001-1-300x300.jpg 300w, https:\/\/agora.xtec.cat\/afacmeridiana\/wp-content\/uploads\/usu1949\/2025\/02\/Sortida-Sitges_page-0001-1-150x150.jpg 150w, https:\/\/agora.xtec.cat\/afacmeridiana\/wp-content\/uploads\/usu1949\/2025\/02\/Sortida-Sitges_page-0001-1-768x768.jpg 768w, https:\/\/agora.xtec.cat\/afacmeridiana\/wp-content\/uploads\/usu1949\/2025\/02\/Sortida-Sitges_page-0001-1-1536x1536.jpg 1536w, https:\/\/agora.xtec.cat\/afacmeridiana\/wp-content\/uploads\/usu1949\/2025\/02\/Sortida-Sitges_page-0001-1.jpg 1563w\" sizes=\"auto, (max-width: 1024px) 100vw, 1024px\" \/><\/figure>\n\n\n\n<h3 class=\"wp-block-heading\"><strong>FAQ -Preguntes freq\u00fcents- <\/strong><strong>Excursi\u00f3 a Sitges<\/strong><\/h3>\n\n\n\n<p><strong>1. L&#8217;excursi\u00f3 t\u00e9 algun cost?<\/strong><br>No, la sortida \u00e9s gratu\u00efta. Tot i aix\u00f2, cal fer una reserva de pla\u00e7a abonant 5 euros, que seran retornats posteriorment.<\/p>\n\n\n\n<p><strong>2. Com puc inscriure&#8217;m a l&#8217;excursi\u00f3?<\/strong><br>Les places s\u00f3n limitades i s&#8217;assignen per ordre d&#8217;inscripci\u00f3. Per apuntar-te, has de fer la reserva i abonar els 5 euros a consergeria.<\/p>\n\n\n\n<p><strong>3. Quan es retornaran els 5 euros de la reserva?<\/strong><br>L&#8217;import es retornar\u00e0 despr\u00e9s de l&#8217;excursi\u00f3 a les persones que hagin assistit.<\/p>\n\n\n\n<p><strong>4. Hi ha alguna opci\u00f3 per dinar?<\/strong><br>S\u00ed, hi ha dues opcions:<\/p>\n\n\n\n<ul class=\"wp-block-list\">\n<li><strong>Men\u00fa de 17,95\u20ac<\/strong>, que inclou primer plat, segon plat i postres. Pots consultar les opcions de men\u00fa a consergeria i escollir-lo pr\u00e8viament.<\/li>\n\n\n\n<li><strong>Portar el teu propi dinar<\/strong>, ja sigui un entrep\u00e0 o una carmanyola al teu gust.<\/li>\n<\/ul>\n\n\n\n<p><strong>5. Puc canviar d&#8217;opci\u00f3 de dinar despr\u00e9s d&#8217;haver triat?<\/strong><br>El men\u00fa s&#8217;ha de reservar amb antelaci\u00f3, aix\u00ed que un cop fet, no es podr\u00e0 canviar. Si prefereixes flexibilitat, pots portar el teu propi menjar.<\/p>\n\n\n\n<p><strong>6. A quina hora sortirem i tornarem?<\/strong><br>Sortirem a les 9.00h i retornarem, aproximadament, a les 18.00h. Preguem puntualitat.<\/p>\n\n\n\n<p><strong>7. Qu\u00e8 passa si no puc assistir despr\u00e9s d&#8217;haver reservat?<\/strong><br>Si cancel\u00b7les amb antelaci\u00f3, podem oferir la teva pla\u00e7a a una altra persona, per\u00f2 la devoluci\u00f3 de la reserva nom\u00e9s es far\u00e0 si avises dins del termini establert.<\/p>\n\n\n\n<h4 class=\"wp-block-heading\">Si tens m\u00e9s preguntes, no dubtis a consultar a consergeria.<\/h4>\n","protected":false},"excerpt":{"rendered":"<p>FAQ -Preguntes freq\u00fcents- Excursi\u00f3 a Sitges 1. L&#8217;excursi\u00f3 t\u00e9 algun cost?No, la sortida \u00e9s gratu\u00efta. Tot i aix\u00f2, cal fer una reserva de pla\u00e7a abonant 5 euros, que seran retornats posteriorment. 2. Com puc inscriure&#8217;m a l&#8217;excursi\u00f3?Les places s\u00f3n limitades i s&#8217;assignen per ordre d&#8217;inscripci\u00f3. Per apuntar-te, has de fer la reserva i abonar els [&hellip;]<\/p>\n","protected":false},"author":1,"featured_media":0,"comment_status":"open","ping_status":"open","sticky":false,"template":"","format":"standard","meta":{"_bbp_topic_count":0,"_bbp_reply_count":0,"_bbp_total_topic_count":0,"_bbp_total_reply_count":0,"_bbp_voice_count":0,"_bbp_anonymous_reply_count":0,"_bbp_topic_count_hidden":0,"_bbp_reply_count_hidden":0,"_bbp_forum_subforum_count":0,"site-sidebar-layout":"default","site-content-layout":"","ast-site-content-layout":"","site-content-style":"default","site-sidebar-style":"default","ast-global-header-display":"","ast-banner-title-visibility":"","ast-main-header-display":"","ast-hfb-above-header-display":"","ast-hfb-below-header-display":"","ast-hfb-mobile-header-display":"","site-post-title":"","ast-breadcrumbs-content":"","ast-featured-img":"","footer-sml-layout":"","theme-transparent-header-meta":"","adv-header-id-meta":"","stick-header-meta":"","header-above-stick-meta":"","header-main-stick-meta":"","header-below-stick-meta":"","astra-migrate-meta-layouts":"default","ast-page-background-enabled":"default","ast-page-background-meta":{"desktop":{"background-color":"var(--ast-global-color-4)","background-image":"","background-repeat":"repeat","background-position":"center center","background-size":"auto","background-attachment":"scroll","background-type":"","background-media":"","overlay-type":"","overlay-color":"","overlay-opacity":"","overlay-gradient":""},"tablet":{"background-color":"","background-image":"","background-repeat":"repeat","background-position":"center center","background-size":"auto","background-attachment":"scroll","background-type":"","background-media":"","overlay-type":"","overlay-color":"","overlay-opacity":"","overlay-gradient":""},"mobile":{"background-color":"","background-image":"","background-repeat":"repeat","background-position":"center center","background-size":"auto","background-attachment":"scroll","background-type":"","background-media":"","overlay-type":"","overlay-color":"","overlay-opacity":"","overlay-gradient":""}},"ast-content-background-meta":{"desktop":{"background-color":"var(--ast-global-color-5)","background-image":"","background-repeat":"repeat","background-position":"center center","background-size":"auto","background-attachment":"scroll","background-type":"","background-media":"","overlay-type":"","overlay-color":"","overlay-opacity":"","overlay-gradient":""},"tablet":{"background-color":"var(--ast-global-color-5)","background-image":"","background-repeat":"repeat","background-position":"center center","background-size":"auto","background-attachment":"scroll","background-type":"","background-media":"","overlay-type":"","overlay-color":"","overlay-opacity":"","overlay-gradient":""},"mobile":{"background-color":"var(--ast-global-color-5)","background-image":"","background-repeat":"repeat","background-position":"center center","background-size":"auto","background-attachment":"scroll","background-type":"","background-media":"","overlay-type":"","overlay-color":"","overlay-opacity":"","overlay-gradient":""}},"footnotes":""},"categories":[29],"tags":[],"class_list":["post-1403","post","type-post","status-publish","format-standard","hentry","category-portada"],"post_mailing_queue_ids":[],"_links":{"self":[{"href":"https:\/\/agora.xtec.cat\/afacmeridiana\/wp-json\/wp\/v2\/posts\/1403","targetHints":{"allow":["GET"]}}],"collection":[{"href":"https:\/\/agora.xtec.cat\/afacmeridiana\/wp-json\/wp\/v2\/posts"}],"about":[{"href":"https:\/\/agora.xtec.cat\/afacmeridiana\/wp-json\/wp\/v2\/types\/post"}],"author":[{"embeddable":true,"href":"https:\/\/agora.xtec.cat\/afacmeridiana\/wp-json\/wp\/v2\/users\/1"}],"replies":[{"embeddable":true,"href":"https:\/\/agora.xtec.cat\/afacmeridiana\/wp-json\/wp\/v2\/comments?post=1403"}],"version-history":[{"count":1,"href":"https:\/\/agora.xtec.cat\/afacmeridiana\/wp-json\/wp\/v2\/posts\/1403\/revisions"}],"predecessor-version":[{"id":1405,"href":"https:\/\/agora.xtec.cat\/afacmeridiana\/wp-json\/wp\/v2\/posts\/1403\/revisions\/1405"}],"wp:attachment":[{"href":"https:\/\/agora.xtec.cat\/afacmeridiana\/wp-json\/wp\/v2\/media?parent=1403"}],"wp:term":[{"taxonomy":"category","embeddable":true,"href":"https:\/\/agora.xtec.cat\/afacmeridiana\/wp-json\/wp\/v2\/categories?post=1403"},{"taxonomy":"post_tag","embeddable":true,"href":"https:\/\/agora.xtec.cat\/afacmeridiana\/wp-json\/wp\/v2\/tags?post=1403"}],"curies":[{"name":"wp","href":"https:\/\/api.w.org\/{rel}","templated":true}]}}