{"id":1401,"date":"2025-03-05T18:20:00","date_gmt":"2025-03-05T17:20:00","guid":{"rendered":"https:\/\/agora.xtec.cat\/afacmeridiana\/?p=1401"},"modified":"2025-09-03T18:21:27","modified_gmt":"2025-09-03T16:21:27","slug":"8-de-marc-dia-de-les-dones-treballadores","status":"publish","type":"post","link":"https:\/\/agora.xtec.cat\/afacmeridiana\/portada\/8-de-marc-dia-de-les-dones-treballadores\/","title":{"rendered":"8 de Mar\u00e7.  Dia de les dones treballadores."},"content":{"rendered":"\n<h2 class=\"wp-block-heading\">Aquest any cau en dissabte, per\u00f2 el celebrarem igualment!<\/h2>\n\n\n\n<p>S\u2019apropa el 8 de mar\u00e7, el Dia Internacional de la Dona, la diada dedicada a la reivindicaci\u00f3 dels drets de les dones arreu del m\u00f3n, independentment del seu origen, la seva cultura i la llengua que parlen.<\/p>\n\n\n\n<p>Arran d\u2019un incendi d\u2019una f\u00e0brica t\u00e8xtil de Nova York, el 8 de mar\u00e7 del 1857, milers de dones treballadores t\u00e8xtils van decidir sortir als carrers de la ciutat per reivindicar els seus drets i les seves condicions laborals. A partir d\u2019aquest fet, cada 28 de febrer un gran nombre de dones es manifestava per reclamar diversos aven\u00e7os, entre els quals s\u2019inclo\u00efa el sufragi femen\u00ed universal, i, va ser l\u2019any 1975 quan l\u2019Organitzaci\u00f3 de les Nacions Unides (ONU) va promulgar el 8 de mar\u00e7 com el Dia Internacional de la Dona. Aquell any va ser el primer cop que es va celebrar a nivell oficial.<img loading=\"lazy\" decoding=\"async\" width=\"874\" height=\"637\" src=\"https:\/\/serveiseducatius.xtec.cat\/vallesoccidental5\/wp-content\/uploads\/usu1111\/2020\/03\/Dia-8-mar%C3%A7.jpg\"><\/p>\n","protected":false},"excerpt":{"rendered":"<p>Aquest any cau en dissabte, per\u00f2 el celebrarem igualment! S\u2019apropa el 8 de mar\u00e7, el Dia Internacional de la Dona, la diada dedicada a la reivindicaci\u00f3 dels drets de les dones arreu del m\u00f3n, independentment del seu origen, la seva cultura i la llengua que parlen. Arran d\u2019un incendi d\u2019una f\u00e0brica t\u00e8xtil de Nova York, [&hellip;]<\/p>\n","protected":false},"author":1,"featured_media":0,"comment_status":"open","ping_status":"open","sticky":false,"template":"","format":"standard","meta":{"_bbp_topic_count":0,"_bbp_reply_count":0,"_bbp_total_topic_count":0,"_bbp_total_reply_count":0,"_bbp_voice_count":0,"_bbp_anonymous_reply_count":0,"_bbp_topic_count_hidden":0,"_bbp_reply_count_hidden":0,"_bbp_forum_subforum_count":0,"site-sidebar-layout":"default","site-content-layout":"","ast-site-content-layout":"","site-content-style":"default","site-sidebar-style":"default","ast-global-header-display":"","ast-banner-title-visibility":"","ast-main-header-display":"","ast-hfb-above-header-display":"","ast-hfb-below-header-display":"","ast-hfb-mobile-header-display":"","site-post-title":"","ast-breadcrumbs-content":"","ast-featured-img":"","footer-sml-layout":"","theme-transparent-header-meta":"","adv-header-id-meta":"","stick-header-meta":"","header-above-stick-meta":"","header-main-stick-meta":"","header-below-stick-meta":"","astra-migrate-meta-layouts":"default","ast-page-background-enabled":"default","ast-page-background-meta":{"desktop":{"background-color":"var(--ast-global-color-4)","background-image":"","background-repeat":"repeat","background-position":"center center","background-size":"auto","background-attachment":"scroll","background-type":"","background-media":"","overlay-type":"","overlay-color":"","overlay-opacity":"","overlay-gradient":""},"tablet":{"background-color":"","background-image":"","background-repeat":"repeat","background-position":"center center","background-size":"auto","background-attachment":"scroll","background-type":"","background-media":"","overlay-type":"","overlay-color":"","overlay-opacity":"","overlay-gradient":""},"mobile":{"background-color":"","background-image":"","background-repeat":"repeat","background-position":"center center","background-size":"auto","background-attachment":"scroll","background-type":"","background-media":"","overlay-type":"","overlay-color":"","overlay-opacity":"","overlay-gradient":""}},"ast-content-background-meta":{"desktop":{"background-color":"var(--ast-global-color-5)","background-image":"","background-repeat":"repeat","background-position":"center center","background-size":"auto","background-attachment":"scroll","background-type":"","background-media":"","overlay-type":"","overlay-color":"","overlay-opacity":"","overlay-gradient":""},"tablet":{"background-color":"var(--ast-global-color-5)","background-image":"","background-repeat":"repeat","background-position":"center center","background-size":"auto","background-attachment":"scroll","background-type":"","background-media":"","overlay-type":"","overlay-color":"","overlay-opacity":"","overlay-gradient":""},"mobile":{"background-color":"var(--ast-global-color-5)","background-image":"","background-repeat":"repeat","background-position":"center center","background-size":"auto","background-attachment":"scroll","background-type":"","background-media":"","overlay-type":"","overlay-color":"","overlay-opacity":"","overlay-gradient":""}},"footnotes":""},"categories":[29],"tags":[],"class_list":["post-1401","post","type-post","status-publish","format-standard","hentry","category-portada"],"post_mailing_queue_ids":[],"_links":{"self":[{"href":"https:\/\/agora.xtec.cat\/afacmeridiana\/wp-json\/wp\/v2\/posts\/1401","targetHints":{"allow":["GET"]}}],"collection":[{"href":"https:\/\/agora.xtec.cat\/afacmeridiana\/wp-json\/wp\/v2\/posts"}],"about":[{"href":"https:\/\/agora.xtec.cat\/afacmeridiana\/wp-json\/wp\/v2\/types\/post"}],"author":[{"embeddable":true,"href":"https:\/\/agora.xtec.cat\/afacmeridiana\/wp-json\/wp\/v2\/users\/1"}],"replies":[{"embeddable":true,"href":"https:\/\/agora.xtec.cat\/afacmeridiana\/wp-json\/wp\/v2\/comments?post=1401"}],"version-history":[{"count":1,"href":"https:\/\/agora.xtec.cat\/afacmeridiana\/wp-json\/wp\/v2\/posts\/1401\/revisions"}],"predecessor-version":[{"id":1402,"href":"https:\/\/agora.xtec.cat\/afacmeridiana\/wp-json\/wp\/v2\/posts\/1401\/revisions\/1402"}],"wp:attachment":[{"href":"https:\/\/agora.xtec.cat\/afacmeridiana\/wp-json\/wp\/v2\/media?parent=1401"}],"wp:term":[{"taxonomy":"category","embeddable":true,"href":"https:\/\/agora.xtec.cat\/afacmeridiana\/wp-json\/wp\/v2\/categories?post=1401"},{"taxonomy":"post_tag","embeddable":true,"href":"https:\/\/agora.xtec.cat\/afacmeridiana\/wp-json\/wp\/v2\/tags?post=1401"}],"curies":[{"name":"wp","href":"https:\/\/api.w.org\/{rel}","templated":true}]}}