{"id":129,"date":"2014-09-19T10:37:29","date_gmt":"2014-09-19T10:37:29","guid":{"rendered":"http:\/\/agora.xtec.cat\/afacmeridiana\/?p=129"},"modified":"2019-07-01T11:50:57","modified_gmt":"2019-07-01T09:50:57","slug":"noticia-4","status":"publish","type":"post","link":"https:\/\/agora.xtec.cat\/afacmeridiana\/portada\/noticia-4\/","title":{"rendered":"Viatge fi de curs a Romania"},"content":{"rendered":"<p>La setmana de l\u201911 al 18 de juny vam realitzar el viatge de final de curs a Romania. Vam visitar el dia 12 la regi\u00f3 de Val\u00e0quia, en concret la localitat de Curtea de Arges amb visita del monestir on estan enterrats els reis de Romania, aix\u00ed com la caserna on va tenir lloc el judici al dictador Ceaucescu i on va ser afusellat. Al dia seg\u00fcent vam passejar per la ciutat de Sibiu, que va ser Capital europea de la Cultura l\u2019any 2007 i continua sent centre d\u2019events culturals de tot tipus com ara el seu Festival Internacional de Teatre. De Sibiu vam marxar al conjunt hist\u00f2ric-art\u00edstic de Sighisoara, probable lloc de naixement del Vlad Peles, conegut com l\u2019Empalador, en el qual es va basar el mite de Dr\u00e0cula. Despr\u00e9s vam passar a la regi\u00f3 de Bucovina, on vam fer una ruta pels seus monestirs de pedra que s\u00f3n Patrimoni de la Unesco, com ara el de Moldavita i Voronet. Tamb\u00e9 vam visitar en aquesta regi\u00f3 romanesa el Museu de l\u2019ou on vam con\u00e8ixer de primera m\u00e0 la decoraci\u00f3 dels ous de Pasqua tradicional a Romania i a tota l\u2019Europa de l\u2019Est. Despr\u00e9s vam tornar a Transilv\u00e0nia, on vam visitar la seva capital, Brasov, aix\u00ed com el fam\u00f3s castell de Bran i el castell de Peles abans de tornar a Bucharest. A la capital de Romania vam visitar el Palau de la Primavera, la resid\u00e8ncia de la fam\u00edlia Ceaucescu i vam fer un recorregut pel casc antic de la ciutat abans de tornar a Barcelona.<\/p>\n<p><a href=\"https:\/\/agora.xtec.cat\/afacmeridiana\/wp-content\/uploads\/usu1949\/2014\/09\/IMG-20190614-WA0011.jpg\"><img loading=\"lazy\" decoding=\"async\" class=\"aligncenter size-large wp-image-628\" src=\"https:\/\/agora.xtec.cat\/afacmeridiana\/wp-content\/uploads\/usu1949\/2014\/09\/IMG-20190614-WA0011-765x1024.jpg\" alt=\"\" width=\"765\" height=\"1024\" srcset=\"https:\/\/agora.xtec.cat\/afacmeridiana\/wp-content\/uploads\/usu1949\/2014\/09\/IMG-20190614-WA0011-765x1024.jpg 765w, https:\/\/agora.xtec.cat\/afacmeridiana\/wp-content\/uploads\/usu1949\/2014\/09\/IMG-20190614-WA0011-224x300.jpg 224w, https:\/\/agora.xtec.cat\/afacmeridiana\/wp-content\/uploads\/usu1949\/2014\/09\/IMG-20190614-WA0011-768x1027.jpg 768w, https:\/\/agora.xtec.cat\/afacmeridiana\/wp-content\/uploads\/usu1949\/2014\/09\/IMG-20190614-WA0011.jpg 1196w\" sizes=\"auto, (max-width: 765px) 100vw, 765px\" \/><\/a><\/p>\n<p>&nbsp;<\/p>\n<p>&nbsp;<\/p>\n","protected":false},"excerpt":{"rendered":"<p>La setmana de l\u201911 al 18 de juny vam realitzar el viatge de final de curs a Romania. Vam visitar el dia 12 la regi\u00f3 de Val\u00e0quia, en concret la localitat de Curtea de Arges amb visita del monestir on estan enterrats els reis de Romania, aix\u00ed com la caserna on va tenir lloc el [&hellip;]<\/p>\n","protected":false},"author":1,"featured_media":0,"comment_status":"open","ping_status":"closed","sticky":false,"template":"","format":"standard","meta":{"_bbp_topic_count":0,"_bbp_reply_count":0,"_bbp_total_topic_count":0,"_bbp_total_reply_count":0,"_bbp_voice_count":0,"_bbp_anonymous_reply_count":0,"_bbp_topic_count_hidden":0,"_bbp_reply_count_hidden":0,"_bbp_forum_subforum_count":0,"site-sidebar-layout":"default","site-content-layout":"","ast-site-content-layout":"","site-content-style":"default","site-sidebar-style":"default","ast-global-header-display":"","ast-banner-title-visibility":"","ast-main-header-display":"","ast-hfb-above-header-display":"","ast-hfb-below-header-display":"","ast-hfb-mobile-header-display":"","site-post-title":"","ast-breadcrumbs-content":"","ast-featured-img":"","footer-sml-layout":"","theme-transparent-header-meta":"","adv-header-id-meta":"","stick-header-meta":"","header-above-stick-meta":"","header-main-stick-meta":"","header-below-stick-meta":"","astra-migrate-meta-layouts":"default","ast-page-background-enabled":"default","ast-page-background-meta":{"desktop":{"background-color":"var(--ast-global-color-4)","background-image":"","background-repeat":"repeat","background-position":"center center","background-size":"auto","background-attachment":"scroll","background-type":"","background-media":"","overlay-type":"","overlay-color":"","overlay-opacity":"","overlay-gradient":""},"tablet":{"background-color":"","background-image":"","background-repeat":"repeat","background-position":"center center","background-size":"auto","background-attachment":"scroll","background-type":"","background-media":"","overlay-type":"","overlay-color":"","overlay-opacity":"","overlay-gradient":""},"mobile":{"background-color":"","background-image":"","background-repeat":"repeat","background-position":"center center","background-size":"auto","background-attachment":"scroll","background-type":"","background-media":"","overlay-type":"","overlay-color":"","overlay-opacity":"","overlay-gradient":""}},"ast-content-background-meta":{"desktop":{"background-color":"var(--ast-global-color-5)","background-image":"","background-repeat":"repeat","background-position":"center center","background-size":"auto","background-attachment":"scroll","background-type":"","background-media":"","overlay-type":"","overlay-color":"","overlay-opacity":"","overlay-gradient":""},"tablet":{"background-color":"var(--ast-global-color-5)","background-image":"","background-repeat":"repeat","background-position":"center center","background-size":"auto","background-attachment":"scroll","background-type":"","background-media":"","overlay-type":"","overlay-color":"","overlay-opacity":"","overlay-gradient":""},"mobile":{"background-color":"var(--ast-global-color-5)","background-image":"","background-repeat":"repeat","background-position":"center center","background-size":"auto","background-attachment":"scroll","background-type":"","background-media":"","overlay-type":"","overlay-color":"","overlay-opacity":"","overlay-gradient":""}},"footnotes":""},"categories":[29],"tags":[37,38],"class_list":["post-129","post","type-post","status-publish","format-standard","hentry","category-portada","tag-audiovisuals","tag-sant-jordi"],"post_mailing_queue_ids":[],"_links":{"self":[{"href":"https:\/\/agora.xtec.cat\/afacmeridiana\/wp-json\/wp\/v2\/posts\/129","targetHints":{"allow":["GET"]}}],"collection":[{"href":"https:\/\/agora.xtec.cat\/afacmeridiana\/wp-json\/wp\/v2\/posts"}],"about":[{"href":"https:\/\/agora.xtec.cat\/afacmeridiana\/wp-json\/wp\/v2\/types\/post"}],"author":[{"embeddable":true,"href":"https:\/\/agora.xtec.cat\/afacmeridiana\/wp-json\/wp\/v2\/users\/1"}],"replies":[{"embeddable":true,"href":"https:\/\/agora.xtec.cat\/afacmeridiana\/wp-json\/wp\/v2\/comments?post=129"}],"version-history":[{"count":3,"href":"https:\/\/agora.xtec.cat\/afacmeridiana\/wp-json\/wp\/v2\/posts\/129\/revisions"}],"predecessor-version":[{"id":627,"href":"https:\/\/agora.xtec.cat\/afacmeridiana\/wp-json\/wp\/v2\/posts\/129\/revisions\/627"}],"wp:attachment":[{"href":"https:\/\/agora.xtec.cat\/afacmeridiana\/wp-json\/wp\/v2\/media?parent=129"}],"wp:term":[{"taxonomy":"category","embeddable":true,"href":"https:\/\/agora.xtec.cat\/afacmeridiana\/wp-json\/wp\/v2\/categories?post=129"},{"taxonomy":"post_tag","embeddable":true,"href":"https:\/\/agora.xtec.cat\/afacmeridiana\/wp-json\/wp\/v2\/tags?post=129"}],"curies":[{"name":"wp","href":"https:\/\/api.w.org\/{rel}","templated":true}]}}