{"id":1677,"date":"2025-04-24T16:59:14","date_gmt":"2025-04-24T14:59:14","guid":{"rendered":"https:\/\/agora.xtec.cat\/afaalarona\/?p=1677"},"modified":"2025-04-24T16:59:14","modified_gmt":"2025-04-24T14:59:14","slug":"lectures-en-veu-alta-per-sant-jordi","status":"publish","type":"post","link":"https:\/\/agora.xtec.cat\/afaalarona\/general\/lectures-en-veu-alta-per-sant-jordi\/","title":{"rendered":"Lectures en veu alta per Sant Jordi"},"content":{"rendered":"<h1>Lectures en veu alta per Sant Jordi!<\/h1>\n<p style=\"text-align: justify;\">L&#8217;alumnat del grup de catal\u00e0 2, ja fa dies que estan preparant la lectura en veu alta de diferents poemes. A continuaci\u00f3 en teniu una mostra amb la lectura del poema Podries de Joana Raspall. Un magn\u00edfic treball que complementa de manera excel\u00b7lent la Diada de Sant Jordi. Moltes felicitats a tots i totes per la feina feta!<\/p>\n<p style=\"text-align: center;\"><a href=\"https:\/\/youtu.be\/puA2zbMS3_0\" target=\"_blank\" rel=\"noopener\">ENLLA\u00c7 AL VIDEO DEL POEMA DE JOANA RASPALL<\/a><\/p>\n<p><img loading=\"lazy\" decoding=\"async\" class=\"aligncenter  wp-image-1678\" src=\"https:\/\/agora.xtec.cat\/afaalarona\/wp-content\/uploads\/usu1720\/2025\/04\/podries_portada_0.jpg\" alt=\"\" width=\"297\" height=\"350\" srcset=\"https:\/\/agora.xtec.cat\/afaalarona\/wp-content\/uploads\/usu1720\/2025\/04\/podries_portada_0.jpg 2048w, https:\/\/agora.xtec.cat\/afaalarona\/wp-content\/uploads\/usu1720\/2025\/04\/podries_portada_0-255x300.jpg 255w, https:\/\/agora.xtec.cat\/afaalarona\/wp-content\/uploads\/usu1720\/2025\/04\/podries_portada_0-869x1024.jpg 869w, https:\/\/agora.xtec.cat\/afaalarona\/wp-content\/uploads\/usu1720\/2025\/04\/podries_portada_0-768x905.jpg 768w, https:\/\/agora.xtec.cat\/afaalarona\/wp-content\/uploads\/usu1720\/2025\/04\/podries_portada_0-1304x1536.jpg 1304w, https:\/\/agora.xtec.cat\/afaalarona\/wp-content\/uploads\/usu1720\/2025\/04\/podries_portada_0-1738x2048.jpg 1738w\" sizes=\"auto, (max-width: 297px) 100vw, 297px\" \/><\/p>\n","protected":false},"excerpt":{"rendered":"<p>Lectures en veu alta per Sant Jordi! L&#8217;alumnat del grup de catal\u00e0 2, ja fa dies que estan preparant la lectura en veu alta de diferents poemes. A continuaci\u00f3 en teniu una mostra amb la lectura del poema Podries de Joana Raspall. Un magn\u00edfic treball que complementa de manera excel\u00b7lent la Diada de Sant Jordi. [&hellip;]<\/p>\n","protected":false},"author":1,"featured_media":1679,"comment_status":"closed","ping_status":"closed","sticky":false,"template":"","format":"standard","meta":{"_bbp_topic_count":0,"_bbp_reply_count":0,"_bbp_total_topic_count":0,"_bbp_total_reply_count":0,"_bbp_voice_count":0,"_bbp_anonymous_reply_count":0,"_bbp_topic_count_hidden":0,"_bbp_reply_count_hidden":0,"_bbp_forum_subforum_count":0,"site-sidebar-layout":"default","site-content-layout":"","ast-site-content-layout":"","site-content-style":"default","site-sidebar-style":"default","ast-global-header-display":"","ast-banner-title-visibility":"","ast-main-header-display":"","ast-hfb-above-header-display":"","ast-hfb-below-header-display":"","ast-hfb-mobile-header-display":"","site-post-title":"","ast-breadcrumbs-content":"","ast-featured-img":"","footer-sml-layout":"","theme-transparent-header-meta":"","adv-header-id-meta":"","stick-header-meta":"","header-above-stick-meta":"","header-main-stick-meta":"","header-below-stick-meta":"","astra-migrate-meta-layouts":"default","ast-page-background-enabled":"default","ast-page-background-meta":{"desktop":{"background-color":"var(--ast-global-color-4)","background-image":"","background-repeat":"repeat","background-position":"center center","background-size":"auto","background-attachment":"scroll","background-type":"","background-media":"","overlay-type":"","overlay-color":"","overlay-opacity":"","overlay-gradient":""},"tablet":{"background-color":"","background-image":"","background-repeat":"repeat","background-position":"center center","background-size":"auto","background-attachment":"scroll","background-type":"","background-media":"","overlay-type":"","overlay-color":"","overlay-opacity":"","overlay-gradient":""},"mobile":{"background-color":"","background-image":"","background-repeat":"repeat","background-position":"center center","background-size":"auto","background-attachment":"scroll","background-type":"","background-media":"","overlay-type":"","overlay-color":"","overlay-opacity":"","overlay-gradient":""}},"ast-content-background-meta":{"desktop":{"background-color":"var(--ast-global-color-5)","background-image":"","background-repeat":"repeat","background-position":"center center","background-size":"auto","background-attachment":"scroll","background-type":"","background-media":"","overlay-type":"","overlay-color":"","overlay-opacity":"","overlay-gradient":""},"tablet":{"background-color":"var(--ast-global-color-5)","background-image":"","background-repeat":"repeat","background-position":"center center","background-size":"auto","background-attachment":"scroll","background-type":"","background-media":"","overlay-type":"","overlay-color":"","overlay-opacity":"","overlay-gradient":""},"mobile":{"background-color":"var(--ast-global-color-5)","background-image":"","background-repeat":"repeat","background-position":"center center","background-size":"auto","background-attachment":"scroll","background-type":"","background-media":"","overlay-type":"","overlay-color":"","overlay-opacity":"","overlay-gradient":""}},"footnotes":""},"categories":[1,29],"tags":[],"class_list":["post-1677","post","type-post","status-publish","format-standard","has-post-thumbnail","hentry","category-general","category-portada"],"post_mailing_queue_ids":[],"_links":{"self":[{"href":"https:\/\/agora.xtec.cat\/afaalarona\/wp-json\/wp\/v2\/posts\/1677","targetHints":{"allow":["GET"]}}],"collection":[{"href":"https:\/\/agora.xtec.cat\/afaalarona\/wp-json\/wp\/v2\/posts"}],"about":[{"href":"https:\/\/agora.xtec.cat\/afaalarona\/wp-json\/wp\/v2\/types\/post"}],"author":[{"embeddable":true,"href":"https:\/\/agora.xtec.cat\/afaalarona\/wp-json\/wp\/v2\/users\/1"}],"replies":[{"embeddable":true,"href":"https:\/\/agora.xtec.cat\/afaalarona\/wp-json\/wp\/v2\/comments?post=1677"}],"version-history":[{"count":1,"href":"https:\/\/agora.xtec.cat\/afaalarona\/wp-json\/wp\/v2\/posts\/1677\/revisions"}],"predecessor-version":[{"id":1680,"href":"https:\/\/agora.xtec.cat\/afaalarona\/wp-json\/wp\/v2\/posts\/1677\/revisions\/1680"}],"wp:featuredmedia":[{"embeddable":true,"href":"https:\/\/agora.xtec.cat\/afaalarona\/wp-json\/wp\/v2\/media\/1679"}],"wp:attachment":[{"href":"https:\/\/agora.xtec.cat\/afaalarona\/wp-json\/wp\/v2\/media?parent=1677"}],"wp:term":[{"taxonomy":"category","embeddable":true,"href":"https:\/\/agora.xtec.cat\/afaalarona\/wp-json\/wp\/v2\/categories?post=1677"},{"taxonomy":"post_tag","embeddable":true,"href":"https:\/\/agora.xtec.cat\/afaalarona\/wp-json\/wp\/v2\/tags?post=1677"}],"curies":[{"name":"wp","href":"https:\/\/api.w.org\/{rel}","templated":true}]}}